{"id":93072,"date":"2024-10-28T18:41:03","date_gmt":"2024-10-28T18:41:03","guid":{"rendered":"https:\/\/rdnews.al\/?p=93072"},"modified":"2024-10-28T18:41:03","modified_gmt":"2024-10-28T18:41:03","slug":"berisha-me-betejen-tone-do-arrijme-te-kthejme-shqiperine-ne-rrugen-e-integrimit-te-shpreses-te-zhvillimit","status":"publish","type":"post","link":"https:\/\/rdnews.al\/index.php\/2024\/10\/28\/berisha-me-betejen-tone-do-arrijme-te-kthejme-shqiperine-ne-rrugen-e-integrimit-te-shpreses-te-zhvillimit\/","title":{"rendered":"Berisha: Me betej\u00ebn ton\u00eb do arrijm\u00eb t\u00eb kthejm\u00eb Shqip\u00ebrin\u00eb n\u00eb rrug\u00ebn e integrimit, t\u00eb shpres\u00ebs, t\u00eb zhvillimit"},"content":{"rendered":"<p>Kryetari i Partis\u00eb Demokratike, Sali Berisha \u00ebsht\u00eb ndalur te protesta e nes\u00ebrme e opozit\u00ebs, e cila ka thirrur qytetar\u00ebt q\u00eb t\u00eb bllokojn\u00eb disa nga akset rrugore kryesore t\u00eb vendit.<\/p>\n<p>Berisha tha se, me betej\u00ebn ton\u00eb ne do arrijm\u00eb t\u00eb kthejm\u00eb Shqip\u00ebrin\u00eb n\u00eb rrug\u00ebn e integrimit, n\u00eb rrug\u00ebn e shpres\u00ebs, n\u00eb rrug\u00ebn e zhvillimit.<\/p>\n<p>\u201cMiq, beteja nes\u00ebr \u00ebsht\u00eb etapa tjet\u00ebr drejt fitores!<\/p>\n<p>\u00cbsht\u00eb p\u00ebrpjekja e madhe e demokrateve dhe demokrat\u00ebve \u00ebpr t\u2019i p\u00ebrcjell\u00eb mesazhin Edi Ram\u00ebs dhe bandave t\u00eb tij, se nuk ka forc\u00eb n\u00eb bot\u00eb q\u00eb t\u00eb na mposht\u00eb ne n\u00eb misionin ton\u00eb p\u00ebr rikthimin e vot\u00ebs s\u00eb lir\u00eb me qeveri teknike p\u00ebr zgjedhje t\u00eb lira, p\u00ebr ndryshimin e pushtetit, p\u00ebr rikthimin n\u00eb Shqip\u00ebri t\u00eb liriv\u00eb, t\u00eb drejtave, dinjtitetit t\u00eb qytetar\u00ebve shqiptar\u00eb.<\/p>\n<p>P\u00ebr rikthimin n\u00eb Shqip\u00ebri t\u00eb nj\u00eb drejt\u00ebsie q\u00eb qendron nd\u00ebn ligjin e Kushtetut\u00eb dhe jo si organizat\u00eb kriminale e marr\u00eb peng nga Edi Rama.<\/p>\n<p>Me betej\u00ebn ton\u00eb ne duam dhe do arrijm\u00eb t\u00eb kthejm\u00eb Shqip\u00ebrin\u00eb n\u00eb rrug\u00ebn e integrimit, n\u00eb rrug\u00ebn e shpres\u00ebs, n\u00eb rrug\u00ebn e zhvillimit.<\/p>\n<p>T\u00eb dashur miq, \u00e7do dit\u00eb, \u00e7do demokrate e demokrat duhet t\u00eb b\u00ebj\u00eb gjith\u00e7ka p\u00ebr t\u2019i nxir\u00eb jet\u00ebn k\u00ebtij regjimi t\u00eb pashpirt, p\u00ebr t\u2019i marr\u00eb frym\u00ebn, p\u00ebr t\u2019i shkurtuar dit\u00ebt, p\u00ebr t\u00eb ecur t\u00eb sigurt drejt fitores.<\/p>\n<p>\u00c7do dit\u00eb, Edi Rama, organizata e tij kriminale b\u00ebhen m\u00eb anti-shqiptare, b\u00ebhen m\u00eb \u00e7njer\u00ebzore, b\u00ebhen m\u00eb kriminale. Ndaj dhe, ne \u00e7do dit\u00eb duhet t\u00eb jemi n\u00eb sulm, n\u00eb sulm, n\u00eb sulm kund\u00ebr tyre\u201d, tha Berisha.<\/p>\n","protected":false},"excerpt":{"rendered":"<p>Kryetari i Partis\u00eb Demokratike, Sali Berisha \u00ebsht\u00eb ndalur te protesta e nes\u00ebrme e opozit\u00ebs, e cila ka thirrur qytetar\u00ebt q\u00eb t\u00eb bllokojn\u00eb disa nga akset rrugore kryesore t\u00eb vendit. Berisha tha se, me betej\u00ebn ton\u00eb ne do arrijm\u00eb t\u00eb kthejm\u00eb Shqip\u00ebrin\u00eb n\u00eb rrug\u00ebn e integrimit, n\u00eb rrug\u00ebn e shpres\u00ebs, n\u00eb rrug\u00ebn e zhvillimit. \u201cMiq, beteja &hellip;<\/p>\n","protected":false},"author":4,"featured_media":91951,"comment_status":"closed","ping_status":"closed","sticky":false,"template":"","format":"standard","meta":{"footnotes":""},"categories":[37],"tags":[],"class_list":["post-93072","post","type-post","status-publish","format-standard","has-post-thumbnail","","category-politike"],"_links":{"self":[{"href":"https:\/\/rdnews.al\/index.php\/wp-json\/wp\/v2\/posts\/93072","targetHints":{"allow":["GET"]}}],"collection":[{"href":"https:\/\/rdnews.al\/index.php\/wp-json\/wp\/v2\/posts"}],"about":[{"href":"https:\/\/rdnews.al\/index.php\/wp-json\/wp\/v2\/types\/post"}],"author":[{"embeddable":true,"href":"https:\/\/rdnews.al\/index.php\/wp-json\/wp\/v2\/users\/4"}],"replies":[{"embeddable":true,"href":"https:\/\/rdnews.al\/index.php\/wp-json\/wp\/v2\/comments?post=93072"}],"version-history":[{"count":1,"href":"https:\/\/rdnews.al\/index.php\/wp-json\/wp\/v2\/posts\/93072\/revisions"}],"predecessor-version":[{"id":93073,"href":"https:\/\/rdnews.al\/index.php\/wp-json\/wp\/v2\/posts\/93072\/revisions\/93073"}],"wp:featuredmedia":[{"embeddable":true,"href":"https:\/\/rdnews.al\/index.php\/wp-json\/wp\/v2\/media\/91951"}],"wp:attachment":[{"href":"https:\/\/rdnews.al\/index.php\/wp-json\/wp\/v2\/media?parent=93072"}],"wp:term":[{"taxonomy":"category","embeddable":true,"href":"https:\/\/rdnews.al\/index.php\/wp-json\/wp\/v2\/categories?post=93072"},{"taxonomy":"post_tag","embeddable":true,"href":"https:\/\/rdnews.al\/index.php\/wp-json\/wp\/v2\/tags?post=93072"}],"curies":[{"name":"wp","href":"https:\/\/api.w.org\/{rel}","templated":true}]}}