{"id":93074,"date":"2024-10-28T18:43:51","date_gmt":"2024-10-28T18:43:51","guid":{"rendered":"https:\/\/rdnews.al\/?p=93074"},"modified":"2024-10-28T18:43:51","modified_gmt":"2024-10-28T18:43:51","slug":"berisha-rames-mos-guxo-te-ndersesh-bastardin-e-familjes-hoxha-dhe-narko-komisarin-ndaj-protestuesve","status":"publish","type":"post","link":"https:\/\/rdnews.al\/index.php\/2024\/10\/28\/berisha-rames-mos-guxo-te-ndersesh-bastardin-e-familjes-hoxha-dhe-narko-komisarin-ndaj-protestuesve\/","title":{"rendered":"Berisha-Ram\u00ebs: Mos guxo t\u00eb nd\u00ebrsesh bastardin e familjes Hoxha dhe narko-komisarin ndaj protestuesve"},"content":{"rendered":"<p>Lideri i opozit\u00ebs, Sali Berisha ka paralajm\u00ebruar Edi Ram\u00ebn, q\u00eb t\u00eb mos nd\u00ebrsej\u00eb ministrin e Brendsh\u00ebm dhe Drejtorin e Policis\u00eb s\u00eb Shtetit, kund\u00ebr protestuesve n\u00eb mosbindjen e tyre civile t\u00eb radh\u00ebs q\u00eb do t\u00eb zhvillohet dit\u00ebn e nes\u00ebrme.<\/p>\n<p>Berisha iu drejtua Ram\u00ebs, mos guxo t\u00eb nd\u00ebrsesh bastardin e familjes Hoxha dhe narko-komisarin ndaj protestuesve.<\/p>\n<p>\u201cNes\u00ebr paralajm\u00ebroj Edi Ram\u00ebn: mos nd\u00ebrse bastardin e familjes Hoxha, ish-gjob\u00ebv\u00ebn\u00ebsin, krye-gjobv\u00ebn\u00ebsin e Policis\u00eb Rrugore, p\u00ebrfaq\u00ebsuesin e bandave t\u00eb rrezikshme t\u00eb Durr\u00ebsit, dhe m\u00eb par\u00eb t\u00eb Tiran\u00ebs, Ervin Hoxh\u00ebn.<\/p>\n<p>Mos guxo t\u00eb nd\u00ebrsesh narko-komisarin e implikuar n\u00eb aktet m\u00eb t\u00eb r\u00ebnda kriminale me bandat, Ilir Prod\u00ebn kund\u00ebr protestuesve, sepse p\u00ebrgjigja do t\u00eb jet\u00eb lemerit\u00ebse p\u00ebr ju.<\/p>\n<p>Bllokimi i rrug\u00ebve, protesta, mosbindja civile e opozit\u00ebs \u00ebsht\u00eb kushtrimi q\u00eb burojn\u00eb nga thell\u00ebsia e shpirtit t\u00eb \u00e7do qytetari t\u00eb k\u00ebtij vendi p\u00ebr t\u2019u ndar\u00eb sa m\u00eb shpejt nga ky regjim.<\/p>\n<p>T\u00eb dashur miq, beteja q\u00eb fillon nes\u00ebr \u00ebsht\u00eb nj\u00eb betej\u00eb n\u00eb vazhdim. Bllokimi i Edi Ram\u00ebs n\u00eb Surrel do t\u00eb jet\u00eb edhe kjo n\u00eb agjend\u00ebn e mosbindjes civile. Po, po.<\/p>\n<p>Edi Rama, qytetar\u00ebt jan\u00eb t\u00eb revoltuar me ty, jan\u00eb t\u00eb zem\u00ebruar, jan\u00eb t\u00eb gatsh\u00ebm t\u00eb t\u00eb nxjerrin prej hund\u00ebsh gjith\u00e7ka ke vjedhur k\u00ebto vite pushteti\u201d, tha Berisha.<\/p>\n","protected":false},"excerpt":{"rendered":"<p>Lideri i opozit\u00ebs, Sali Berisha ka paralajm\u00ebruar Edi Ram\u00ebn, q\u00eb t\u00eb mos nd\u00ebrsej\u00eb ministrin e Brendsh\u00ebm dhe Drejtorin e Policis\u00eb s\u00eb Shtetit, kund\u00ebr protestuesve n\u00eb mosbindjen e tyre civile t\u00eb radh\u00ebs q\u00eb do t\u00eb zhvillohet dit\u00ebn e nes\u00ebrme. Berisha iu drejtua Ram\u00ebs, mos guxo t\u00eb nd\u00ebrsesh bastardin e familjes Hoxha dhe narko-komisarin ndaj protestuesve. \u201cNes\u00ebr &hellip;<\/p>\n","protected":false},"author":4,"featured_media":82601,"comment_status":"closed","ping_status":"closed","sticky":false,"template":"","format":"standard","meta":{"footnotes":""},"categories":[37],"tags":[],"class_list":["post-93074","post","type-post","status-publish","format-standard","has-post-thumbnail","","category-politike"],"_links":{"self":[{"href":"https:\/\/rdnews.al\/index.php\/wp-json\/wp\/v2\/posts\/93074","targetHints":{"allow":["GET"]}}],"collection":[{"href":"https:\/\/rdnews.al\/index.php\/wp-json\/wp\/v2\/posts"}],"about":[{"href":"https:\/\/rdnews.al\/index.php\/wp-json\/wp\/v2\/types\/post"}],"author":[{"embeddable":true,"href":"https:\/\/rdnews.al\/index.php\/wp-json\/wp\/v2\/users\/4"}],"replies":[{"embeddable":true,"href":"https:\/\/rdnews.al\/index.php\/wp-json\/wp\/v2\/comments?post=93074"}],"version-history":[{"count":1,"href":"https:\/\/rdnews.al\/index.php\/wp-json\/wp\/v2\/posts\/93074\/revisions"}],"predecessor-version":[{"id":93075,"href":"https:\/\/rdnews.al\/index.php\/wp-json\/wp\/v2\/posts\/93074\/revisions\/93075"}],"wp:featuredmedia":[{"embeddable":true,"href":"https:\/\/rdnews.al\/index.php\/wp-json\/wp\/v2\/media\/82601"}],"wp:attachment":[{"href":"https:\/\/rdnews.al\/index.php\/wp-json\/wp\/v2\/media?parent=93074"}],"wp:term":[{"taxonomy":"category","embeddable":true,"href":"https:\/\/rdnews.al\/index.php\/wp-json\/wp\/v2\/categories?post=93074"},{"taxonomy":"post_tag","embeddable":true,"href":"https:\/\/rdnews.al\/index.php\/wp-json\/wp\/v2\/tags?post=93074"}],"curies":[{"name":"wp","href":"https:\/\/api.w.org\/{rel}","templated":true}]}}