{"id":93076,"date":"2024-10-28T19:00:30","date_gmt":"2024-10-28T19:00:30","guid":{"rendered":"https:\/\/rdnews.al\/?p=93076"},"modified":"2024-10-28T19:00:30","modified_gmt":"2024-10-28T19:00:30","slug":"berisha-te-gatshem-per-cdo-sakrifice-per-rikthimin-e-votes-se-lire","status":"publish","type":"post","link":"https:\/\/rdnews.al\/index.php\/2024\/10\/28\/berisha-te-gatshem-per-cdo-sakrifice-per-rikthimin-e-votes-se-lire\/","title":{"rendered":"Berisha: T\u00eb gatsh\u00ebm p\u00ebr \u00e7do sakrific\u00eb p\u00ebr rikthimin e vot\u00ebs s\u00eb lir\u00eb!"},"content":{"rendered":"<p>Lideri i opozit\u00ebs, Sali Berisha ka akuzuar Edi Ram\u00ebn se \u00ebsht\u00eb n\u00eb krye t\u00eb armiqve t\u00eb Shqip\u00ebris\u00eb, duke punuar p\u00ebr interesa t\u00eb tyre dhe jo t\u00eb shqiptar\u00ebve.<\/p>\n<p>N\u00eb fund t\u00eb fjal\u00ebs s\u00eb tij te \u2018Rruga e Shpres\u00ebs\u2019, Berisha theksoi se \u2018demokrat\u00ebt do t\u00eb qendrojn\u00eb t\u00eb gatsh\u00ebm p\u00ebr \u00e7do sakrific\u00eb p\u00ebr t\u00eb rikthyer vot\u00ebn e lir\u00eb\u2019.<\/p>\n<p>Berisha tha se, Lefter Koka ia hoqi mask\u00ebn, i tregoi shqiptar\u00ebve se kush \u00ebsht\u00eb peshku i madh i qelbur i Shqip\u00ebris\u00eb.<\/p>\n<p>Berisha: Natyrisht, nuk mund t\u00eb kishim dyshim.<\/p>\n<p>Peshku i madh i qelbur i Shqip\u00ebris\u00eb \u00ebsht\u00eb Edi Rama dhe vet\u00ebm Edi Rama.<\/p>\n<p>Ndaj dhe, le t\u2019i tregojm\u00eb ne \u00e7do shqiptari. T\u2019i tregojm\u00eb ne \u00e7do qytetari t\u00eb lir\u00eb t\u00eb Europ\u00ebs se, shqiptar\u00ebt jan\u00eb m\u00eb t\u00eb vendosur t\u2019u japin nd\u00ebshkimin e merituar baron\u00ebve t\u00eb drog\u00ebs me Edi Ram\u00ebn n\u00eb krye n\u00eb Tiran\u00eb.<\/p>\n<p>T\u2019u japin nd\u00ebshkimin e merituar atyre q\u00eb pun\u00ebt publike i b\u00ebjn\u00eb p\u00ebr t\u00eb vjedhur 90% t\u00eb fondeve. Atyre q\u00eb pasurit\u00eb publike i kan\u00eb shnd\u00ebrruar n\u00eb nj\u00eb mallkim p\u00ebr qytetar\u00ebt, nj\u00eblloj sikur t\u00eb ishin regjimi pushtues m\u00eb i eg\u00ebr i historis\u00eb.<\/p>\n<p>N\u00eb mosbindjen ton\u00eb civile, ne u p\u00ebrcjellim shqiptar\u00ebve kudo q\u00eb jan\u00eb, por edhe miqve t\u00eb Shqi\u00ebpris\u00eb n\u00eb t\u00eb kat\u00ebrta an\u00ebt e Europ\u00ebs se, t\u00eb zot\u00ebt e v\u00ebrtet\u00eb t\u00eb Shqip\u00ebris\u00eb jan\u00eb qytetar\u00ebt e saj!<\/p>\n<p>Se armiqt\u00eb e saj, jan\u00eb qeveritar\u00ebt me Edi Ram\u00ebn n\u00eb krye, dhe se n\u00eb k\u00ebt\u00eb betej\u00eb ne qendrojm\u00eb t\u00eb gatsh\u00ebm p\u00ebr \u00e7do sakrific\u00eb p\u00ebr t\u00eb rikthyer vot\u00ebn e lir\u00eb.<\/p>\n<p>Qendrojm\u00eb t\u00eb gatsh\u00ebm p\u00ebr t\u00eb mbrojtur dinjitetin dhe lirin\u00eb e qytetar\u00ebve t\u00eb cilat pa vot\u00ebn elir\u00eb nuk ekzistojn\u00eb.<\/p>\n<p>Miq, autokrat\u00ebt, diktator\u00ebt, votat nuk i vjedhin dit\u00ebn e votimit. Votat i ekzekutojn\u00eb para se t\u00eb shkojn\u00eb n\u00eb kuti.<\/p>\n<p>Ja \u00e7\u2019ndodhi n\u00eb Gjeorgji. Ja \u00e7\u2019ndodhi n\u00eb Venezuel\u00eb. Ja \u00e7\u2019ndodhi n\u00eb Tunizi. Po me Shqip\u00ebrin\u00eb, kurr\u00eb m\u00eb!<\/p>\n<p>Me Shqip\u00ebrin\u00eb vota e lir\u00eb, qeveria teknike jan\u00eb zotimi yn\u00eb, jan\u00eb beteja jon\u00eb.<\/p>\n<p>\u00cbsht\u00eb radha jon\u00eb, \u00ebsht\u00eb radha jon\u00eb!<\/p>\n<p>Fitore, fitore, fitore!<\/p>\n","protected":false},"excerpt":{"rendered":"<p>Lideri i opozit\u00ebs, Sali Berisha ka akuzuar Edi Ram\u00ebn se \u00ebsht\u00eb n\u00eb krye t\u00eb armiqve t\u00eb Shqip\u00ebris\u00eb, duke punuar p\u00ebr interesa t\u00eb tyre dhe jo t\u00eb shqiptar\u00ebve. N\u00eb fund t\u00eb fjal\u00ebs s\u00eb tij te \u2018Rruga e Shpres\u00ebs\u2019, Berisha theksoi se \u2018demokrat\u00ebt do t\u00eb qendrojn\u00eb t\u00eb gatsh\u00ebm p\u00ebr \u00e7do sakrific\u00eb p\u00ebr t\u00eb rikthyer vot\u00ebn e lir\u00eb\u2019. &hellip;<\/p>\n","protected":false},"author":4,"featured_media":82610,"comment_status":"closed","ping_status":"closed","sticky":false,"template":"","format":"standard","meta":{"footnotes":""},"categories":[37],"tags":[],"class_list":["post-93076","post","type-post","status-publish","format-standard","has-post-thumbnail","","category-politike"],"_links":{"self":[{"href":"https:\/\/rdnews.al\/index.php\/wp-json\/wp\/v2\/posts\/93076","targetHints":{"allow":["GET"]}}],"collection":[{"href":"https:\/\/rdnews.al\/index.php\/wp-json\/wp\/v2\/posts"}],"about":[{"href":"https:\/\/rdnews.al\/index.php\/wp-json\/wp\/v2\/types\/post"}],"author":[{"embeddable":true,"href":"https:\/\/rdnews.al\/index.php\/wp-json\/wp\/v2\/users\/4"}],"replies":[{"embeddable":true,"href":"https:\/\/rdnews.al\/index.php\/wp-json\/wp\/v2\/comments?post=93076"}],"version-history":[{"count":1,"href":"https:\/\/rdnews.al\/index.php\/wp-json\/wp\/v2\/posts\/93076\/revisions"}],"predecessor-version":[{"id":93077,"href":"https:\/\/rdnews.al\/index.php\/wp-json\/wp\/v2\/posts\/93076\/revisions\/93077"}],"wp:featuredmedia":[{"embeddable":true,"href":"https:\/\/rdnews.al\/index.php\/wp-json\/wp\/v2\/media\/82610"}],"wp:attachment":[{"href":"https:\/\/rdnews.al\/index.php\/wp-json\/wp\/v2\/media?parent=93076"}],"wp:term":[{"taxonomy":"category","embeddable":true,"href":"https:\/\/rdnews.al\/index.php\/wp-json\/wp\/v2\/categories?post=93076"},{"taxonomy":"post_tag","embeddable":true,"href":"https:\/\/rdnews.al\/index.php\/wp-json\/wp\/v2\/tags?post=93076"}],"curies":[{"name":"wp","href":"https:\/\/api.w.org\/{rel}","templated":true}]}}