{"id":93131,"date":"2024-10-29T12:48:52","date_gmt":"2024-10-29T12:48:52","guid":{"rendered":"https:\/\/rdnews.al\/?p=93131"},"modified":"2024-10-29T12:48:52","modified_gmt":"2024-10-29T12:48:52","slug":"dosja-qe-spak-nuk-do-donte-ta-kishte-hapur","status":"publish","type":"post","link":"https:\/\/rdnews.al\/index.php\/2024\/10\/29\/dosja-qe-spak-nuk-do-donte-ta-kishte-hapur\/","title":{"rendered":"Dosja q\u00eb SPAK nuk do donte ta kishte hapur"},"content":{"rendered":"<p><strong>Nga\u00a0Lu\u00e7iano BO\u00c7I<\/strong><\/p>\n<p>Arrestimi brutal i Met\u00ebs shfaqi hapur, p\u00ebrtej interpretimeve t\u00eb mediave roz\u00eb t\u00eb pushtetit, nervozizmin q\u00eb ka kapluar SPAK-un.<\/p>\n<p>P\u00ebr t\u00eb shp\u00ebrqendruar v\u00ebmendjen e publikut dhe p\u00ebr t\u2019i dh\u00ebn\u00eb pak koh\u00eb vetes e Ram\u00ebs, SPAK konkludoi me shpejt\u00ebsi nj\u00eb hetim i cili kishte gjasht\u00eb vite q\u00eb vijonte pa asnj\u00eb penges\u00eb, fill pas arrestimit t\u00eb sforcuar t\u00eb deputetit t\u00eb list\u00ebs \u201cs\u00eb zez\u00eb\u201d t\u00eb Durr\u00ebsit, Jurgis \u00c7yrbes.<\/p>\n<p>Megjith\u00ebse SPAK u mundua ta shiste at\u00eb si nj\u00eb arrestim normal p\u00ebr shp\u00ebrdorim detyre, informacionet rrodh\u00ebn dhe tronditsh\u00ebm opinioni m\u00ebsoi se \u00c7yrbja ishte maja e ajsbergut t\u00eb nj\u00eb krimi akoma m\u00eb t\u00eb madh, brenda t\u00eb cilit \u00ebsht\u00eb p\u00ebrfshir\u00eb e gjith\u00eb kupola e PS bashk\u00eb me vet\u00eb Ram\u00ebn.<\/p>\n<p>Sipas gazetar\u00ebve investigativ\u00eb n\u00eb dosjen \u201c\u00c7yrbja\u201d, komunikimet midis grupeve kriminale dhe p\u00ebrfaq\u00ebsuesve politik\u00eb socialist\u00eb, zbulojn\u00eb rolin aktiv t\u00eb bandave n\u00eb skem\u00ebn e grabitjeve t\u00eb votave dhe faktojn\u00eb dominac\u00ebn politike t\u00eb tyre n\u00eb vendimmarrjen politike.<\/p>\n<p>K\u00ebto grupe jo vet\u00ebm kan\u00eb influenca ekonomike t\u00eb pastra e t\u00eb pista t\u00eb stimuluara nga Rama e pushteti i tij, por sipas komunikimeve i p\u00ebrcaktojn\u00eb kryeministrit dhe emrat e deputet\u00ebve dhe vendin e tyre n\u00eb list\u00eb.<\/p>\n<p>K\u00ebto koncesione shoq\u00ebrohen me angazhime elektorale t\u00eb grupeve kriminale por q\u00eb nuk p\u00ebrfundojn\u00eb k\u00ebtu.<\/p>\n<p>Ato shtohen pas \u201cfitoreve historike\u201d t\u00eb Ram\u00ebs me sh\u00ebrbime e benifite shum\u00ebfishe, q\u00eb p\u00ebrfshijn\u00eb dhe lobime p\u00ebr t\u00eb pastruar aktivitetet kriminale, pran\u00eb dhe vet\u00eb SPAK.<\/p>\n<p>E gjith\u00eb kjo zbules\u00eb kriminale, e denoncuar pareshtur nga opozita, m\u00eb e r\u00ebnda e ndodhur n\u00eb historin\u00eb politike t\u00eb shtetit shqiptar, pritet t\u00eb prodhoj\u00eb nj\u00eb t\u00ebrmet politik t\u00eb jasht\u00ebzakonsh\u00ebm.<\/p>\n<p>T\u00ebrmet i cili mund prek\u00eb dhe vet\u00eb SPAKU-n tashm\u00eb t\u00eb tronditur jo pak nga Toyota Yaris.<\/p>\n<p>Kjo dosje zbardh skem\u00ebn e fusionit krim-politik\u00eb q\u00eb q\u00ebndron n\u00eb themel t\u00eb narko-shtetit t\u00eb sot\u00ebm.<\/p>\n<p>I gjendur n\u00eb v\u00ebshtir\u00ebsi midis vetes dhe Ram\u00ebs, SPAK po mundohet t\u00eb manovroj\u00eb.<\/p>\n<p>Arreston Met\u00ebn p\u00ebr t\u00eb krijuar ngjarje themelore, nxit Gjykat\u00ebn n\u00eb rastin Berisha, po p\u00ebrgatit nj\u00eb val\u00eb tjet\u00ebr flet\u00eb-arrestesh p\u00ebr disa an\u00ebtar\u00eb grupesh, vet\u00ebm e vet\u00ebm p\u00ebr t\u2019i dh\u00ebn\u00eb koh\u00ebn e mjaftueshme mentorit t\u00eb vet Ram\u00ebs q\u00eb ky i fundit t\u00eb mund t\u00eb shp\u00ebtoj\u00eb e t\u00eb gjej\u00eb rrug\u00ebdaljen e situat\u00ebs n\u00eb t\u00eb cil\u00ebn \u00ebsht\u00eb kapur si laraska dhe k\u00ebsisoj t\u2019i zbardh\u00eb faqen e nxir\u00eb dhe vet\u00eb SPAK-ut.<\/p>\n<p>Dosja \u00c7yrbja djeg shum\u00eb dhe SPAK gjendet sot n\u00eb v\u00ebshtir\u00ebsi e nuk do kishte d\u00ebshir\u00eb q\u00eb ta hapte at\u00eb, sepse t\u00eb gjitha komunikimet aty t\u00eb \u00e7ojn\u00eb tek koka e krimit, Rama.<\/p>\n<p>Aq m\u00eb tep\u00ebr kjo dosje e rikthen SPAK-un tek hijet e s\u00eb kaluar\u00ebs dhe d\u00ebshmon komandimin e tij politik: Tek krimi elektoral i dosjes 339.<\/p>\n<p>\u00c7yrbja nuk \u00ebsht\u00eb fillimi, por vazhdimi i k\u00ebtij krimi e nuk mbaron aspak k\u00ebtu.<\/p>\n<p>Personazhet jan\u00eb pothuaj t\u00eb nj\u00ebjt\u00eb, por me galeri t\u00eb shtuar si nga grupet ashtu dhe nga politika.<\/p>\n<p>Nd\u00ebrsa ky krim \u00ebsht\u00eb kompleksi m\u00eb i madh i SPAK-ut t\u00eb cilin p\u00ebr arsye t\u00eb path\u00ebna por t\u00eb kuptueshme, n\u00eb 2020, ai nuk pranoi ta hetoj\u00eb. Nj\u00ebherazi \u00ebsht\u00eb kufiri q\u00eb Rama ia ka vendosur atij tek thana.<\/p>\n<p>339-\u00ebn SPAK e d\u00ebshtoi me sukses, duke ia kaluar p\u00ebr kompetenc\u00eb prokuroris\u00eb s\u00eb Durr\u00ebsit.<\/p>\n<p>Po k\u00ebshtu b\u00ebri dhe me Gjushin, t\u00eb cilin e amnistoi duke e akuzuar vet\u00ebm p\u00ebr shp\u00ebrdorim detyre, nd\u00ebrkoh\u00eb q\u00eb te gjith\u00eb e dinin q\u00eb ishte st\u00ebrmullari i skem\u00ebs.<\/p>\n<p>K\u00ebt\u00eb tentoi ta realizonte dhe me \u00c7yrben i cili \u201cpapritur e pa kujtuar\u201d,\u00a0 hoqi dor\u00eb nga mandati.<\/p>\n<p>U mundua, por presioni i partner\u00ebve ishte i fort\u00eb dhe sot dilema e SPAK mbetet shekspiriane.<\/p>\n<p>\u00c7do avancim sipas fakteve t\u00eb k\u00ebsaj dosje -d\u00ebshmojn\u00eb gazetar\u00ebt- do \u00e7onte n\u00eb arrestimin e Ram\u00ebs e shpur\u00ebs s\u00eb tij dhe do hidhte n\u00eb er\u00eb, \u00e7do gj\u00eb politike t\u00eb arritur deri m\u00eb tani nga ai, sikurse do mbyllte nj\u00eb nga kapitujt me t\u00eb zi politik\u00eb t\u00eb koh\u00ebs son\u00eb.<\/p>\n<p>Nuk do SPAK apo s\u2019mundet ta b\u00ebj\u00eb?-shtrohet pyetja.<\/p>\n<p>Duket se deri m\u00eb tani, as nuk do e as nuk mundet.<\/p>\n<p>Por megjithat\u00eb zar\u00ebt me dosjen \u00c7yrbja tashm\u00eb jan\u00eb hedhur\u2026<\/p>\n<p>Dielli nuk mbulohet me shosh\u00eb!<\/p>\n","protected":false},"excerpt":{"rendered":"<p>Nga\u00a0Lu\u00e7iano BO\u00c7I Arrestimi brutal i Met\u00ebs shfaqi hapur, p\u00ebrtej interpretimeve t\u00eb mediave roz\u00eb t\u00eb pushtetit, nervozizmin q\u00eb ka kapluar SPAK-un. P\u00ebr t\u00eb shp\u00ebrqendruar v\u00ebmendjen e publikut dhe p\u00ebr t\u2019i dh\u00ebn\u00eb pak koh\u00eb vetes e Ram\u00ebs, SPAK konkludoi me shpejt\u00ebsi nj\u00eb hetim i cili kishte gjasht\u00eb vite q\u00eb vijonte pa asnj\u00eb penges\u00eb, fill pas arrestimit t\u00eb &hellip;<\/p>\n","protected":false},"author":4,"featured_media":69661,"comment_status":"closed","ping_status":"closed","sticky":false,"template":"","format":"standard","meta":{"footnotes":""},"categories":[44],"tags":[],"class_list":["post-93131","post","type-post","status-publish","format-standard","has-post-thumbnail","","category-editorial"],"_links":{"self":[{"href":"https:\/\/rdnews.al\/index.php\/wp-json\/wp\/v2\/posts\/93131","targetHints":{"allow":["GET"]}}],"collection":[{"href":"https:\/\/rdnews.al\/index.php\/wp-json\/wp\/v2\/posts"}],"about":[{"href":"https:\/\/rdnews.al\/index.php\/wp-json\/wp\/v2\/types\/post"}],"author":[{"embeddable":true,"href":"https:\/\/rdnews.al\/index.php\/wp-json\/wp\/v2\/users\/4"}],"replies":[{"embeddable":true,"href":"https:\/\/rdnews.al\/index.php\/wp-json\/wp\/v2\/comments?post=93131"}],"version-history":[{"count":1,"href":"https:\/\/rdnews.al\/index.php\/wp-json\/wp\/v2\/posts\/93131\/revisions"}],"predecessor-version":[{"id":93132,"href":"https:\/\/rdnews.al\/index.php\/wp-json\/wp\/v2\/posts\/93131\/revisions\/93132"}],"wp:featuredmedia":[{"embeddable":true,"href":"https:\/\/rdnews.al\/index.php\/wp-json\/wp\/v2\/media\/69661"}],"wp:attachment":[{"href":"https:\/\/rdnews.al\/index.php\/wp-json\/wp\/v2\/media?parent=93131"}],"wp:term":[{"taxonomy":"category","embeddable":true,"href":"https:\/\/rdnews.al\/index.php\/wp-json\/wp\/v2\/categories?post=93131"},{"taxonomy":"post_tag","embeddable":true,"href":"https:\/\/rdnews.al\/index.php\/wp-json\/wp\/v2\/tags?post=93131"}],"curies":[{"name":"wp","href":"https:\/\/api.w.org\/{rel}","templated":true}]}}