{"id":93212,"date":"2024-10-29T17:25:15","date_gmt":"2024-10-29T17:25:15","guid":{"rendered":"https:\/\/rdnews.al\/?p=93212"},"modified":"2024-10-29T17:25:15","modified_gmt":"2024-10-29T17:25:15","slug":"vokshi-qytetaret-gjithnje-e-me-shume-po-i-bashkohen-thirrjes-se-pd-per-proteste","status":"publish","type":"post","link":"https:\/\/rdnews.al\/index.php\/2024\/10\/29\/vokshi-qytetaret-gjithnje-e-me-shume-po-i-bashkohen-thirrjes-se-pd-per-proteste\/","title":{"rendered":"Vokshi: Qytetar\u00ebt gjithnj\u00eb e m\u00eb shum\u00eb po i bashkohen thirrjes s\u00eb PD p\u00ebr protest\u00eb"},"content":{"rendered":"<p>Deputetja e PD, Albana Vokshi ka folur p\u00ebr SYRI TV nga protesta q\u00eb po ushtrohet nga qytetar\u00ebt te ish-sheshi Shqiponja, t\u00eb cil\u00ebt kan\u00eb bllokuar hyrjen p\u00ebr n\u00eb kryeqytet.<\/p>\n<p>Sipas Vokshit, prezenca e qytetar\u00ebve n\u00eb t\u00eb gjashta pikat ku \u00ebsht\u00eb bllokuar \u00ebsht\u00eb shum\u00eb e madhe, gj\u00eb q\u00eb tregon se qytetar\u00ebt gjithnj\u00eb e m\u00eb shum\u00eb po i bashkohen thirrjes s\u00eb PD dhe opozit\u00ebs p\u00ebr protest\u00eb, p\u00ebr t\u00eb refuzuar k\u00ebt\u00eb qeveri t\u00eb kryesuar nga Edi Rama, kryeministri m\u00eb i korruptuar n\u00eb Europ\u00eb.<\/p>\n<p>\u201cJan\u00eb 77 forma t\u00eb ndryshme t\u00eb mosbindjes civile, kjo \u00ebsht\u00eb nj\u00ebra prej tyre. Paralizimi i t\u00eb gjitha akseve kryesore t\u00eb Shqi\u00ebpris\u00eb, jan\u00eb 6 akse q\u00eb e paralizojn\u00eb Shqip\u00ebrin\u00eb nga Veriu n\u00eb Jug. Prezenca e qytetar\u00ebve n\u00eb t\u00eb gjashta pikat ku \u00ebsht\u00eb bllokuar \u00ebsht\u00eb shum\u00eb e madhe, gj\u00eb q\u00eb tregon se qytetar\u00ebt gjithnj\u00eb e m\u00eb shum\u00eb po i bashkohen thirrjes s\u00eb PD dhe opozit\u00ebs p\u00ebr mosbindje civile, p\u00ebr t\u00eb refuzuar k\u00ebt\u00eb qeveri t\u00eb kryesuar nga Edi Rama, kryeministri m\u00eb i korruptuar n\u00eb Europ\u00eb.<\/p>\n<p>Jan\u00eb qytetar\u00eb q\u00eb jan\u00eb t\u00eb zem\u00ebruar sepse nuk marrin sh\u00ebrbimet e ndryshme, nuk kan\u00eb sh\u00ebrbim arsimor, sh\u00ebndet\u00ebsor, sociale, nuk marrin ndihm\u00ebn ekonomike etj.<\/p>\n<p>Secili prej qytetar\u00ebve q\u00eb i jan\u00eb bashkuar sot thirrjes s\u00eb PD e ka jo nj\u00eb arsye por 1001 arsye.<\/p>\n<p>Kjo \u00ebsht\u00eb nj\u00ebra prej m\u00ebnyrave t\u00eb mosbindjes civile, do t\u00eb kemi n\u00eb vijim forma t\u00eb tjera\u201d, tha Vokshi.<\/p>\n","protected":false},"excerpt":{"rendered":"<p>Deputetja e PD, Albana Vokshi ka folur p\u00ebr SYRI TV nga protesta q\u00eb po ushtrohet nga qytetar\u00ebt te ish-sheshi Shqiponja, t\u00eb cil\u00ebt kan\u00eb bllokuar hyrjen p\u00ebr n\u00eb kryeqytet. Sipas Vokshit, prezenca e qytetar\u00ebve n\u00eb t\u00eb gjashta pikat ku \u00ebsht\u00eb bllokuar \u00ebsht\u00eb shum\u00eb e madhe, gj\u00eb q\u00eb tregon se qytetar\u00ebt gjithnj\u00eb e m\u00eb shum\u00eb po i &hellip;<\/p>\n","protected":false},"author":4,"featured_media":93213,"comment_status":"closed","ping_status":"closed","sticky":false,"template":"","format":"standard","meta":{"footnotes":""},"categories":[37],"tags":[],"class_list":["post-93212","post","type-post","status-publish","format-standard","has-post-thumbnail","","category-politike"],"_links":{"self":[{"href":"https:\/\/rdnews.al\/index.php\/wp-json\/wp\/v2\/posts\/93212","targetHints":{"allow":["GET"]}}],"collection":[{"href":"https:\/\/rdnews.al\/index.php\/wp-json\/wp\/v2\/posts"}],"about":[{"href":"https:\/\/rdnews.al\/index.php\/wp-json\/wp\/v2\/types\/post"}],"author":[{"embeddable":true,"href":"https:\/\/rdnews.al\/index.php\/wp-json\/wp\/v2\/users\/4"}],"replies":[{"embeddable":true,"href":"https:\/\/rdnews.al\/index.php\/wp-json\/wp\/v2\/comments?post=93212"}],"version-history":[{"count":1,"href":"https:\/\/rdnews.al\/index.php\/wp-json\/wp\/v2\/posts\/93212\/revisions"}],"predecessor-version":[{"id":93214,"href":"https:\/\/rdnews.al\/index.php\/wp-json\/wp\/v2\/posts\/93212\/revisions\/93214"}],"wp:featuredmedia":[{"embeddable":true,"href":"https:\/\/rdnews.al\/index.php\/wp-json\/wp\/v2\/media\/93213"}],"wp:attachment":[{"href":"https:\/\/rdnews.al\/index.php\/wp-json\/wp\/v2\/media?parent=93212"}],"wp:term":[{"taxonomy":"category","embeddable":true,"href":"https:\/\/rdnews.al\/index.php\/wp-json\/wp\/v2\/categories?post=93212"},{"taxonomy":"post_tag","embeddable":true,"href":"https:\/\/rdnews.al\/index.php\/wp-json\/wp\/v2\/tags?post=93212"}],"curies":[{"name":"wp","href":"https:\/\/api.w.org\/{rel}","templated":true}]}}