{"id":93482,"date":"2024-10-31T09:28:59","date_gmt":"2024-10-31T09:28:59","guid":{"rendered":"https:\/\/rdnews.al\/?p=93482"},"modified":"2024-10-31T09:28:59","modified_gmt":"2024-10-31T09:28:59","slug":"dogjani-qytetaret-vriten-ne-rruge-nga-bandat-policia-ruan-karrigen-e-rames","status":"publish","type":"post","link":"https:\/\/rdnews.al\/index.php\/2024\/10\/31\/dogjani-qytetaret-vriten-ne-rruge-nga-bandat-policia-ruan-karrigen-e-rames\/","title":{"rendered":"Dogjani: Qytetar\u00ebt vriten n\u00eb rrug\u00eb nga bandat, policia ruan karrigen e Ram\u00ebs"},"content":{"rendered":"<p>Deputet\u00ebt e opozit\u00ebs jan\u00eb penguar p\u00ebr t\u00eb marr\u00eb pjes\u00eb n\u00eb seanc\u00ebn plenare dit\u00ebn e sotme me urdh\u00ebr politik nga garda.<\/p>\n<p>Deputeti Asllan Dogjani \u00ebsht\u00eb shprehur q\u00eb qytetar\u00ebt vriten nga bandat nd\u00ebrsa policia merret me deputet\u00ebt e opozit\u00ebs p\u00ebr t\u00eb ruajtur karrigen e Ram\u00ebs<\/p>\n<p>&#8220;Mos u p\u00ebrdorni nga Rama, ka vdekur nj\u00eb her\u00eb Enver Hoxha sillni shtetin kund\u00ebr fjal\u00ebs s\u00eb lir\u00eb. Vriten kat\u00ebr persona n\u00eb Shkod\u00ebr ju vini dhe ruani deputet\u00ebt e opozit\u00ebs p\u00ebr t\u00eb ruajtur karrigen e Ram\u00ebs.<\/p>\n<p>Kjo \u00ebsht\u00eb diktatur\u00eb dhe regjim, njer\u00ebzit vuajn\u00eb p\u00ebr buk\u00ebn e goj\u00ebs.<\/p>\n<p>E tmerrshme sot q\u00eb n\u00eb vitin 2024 \u00ebsht\u00eb nj\u00eb diktator si Rama q\u00eb ka shkelur qytetar\u00ebt me k\u00ebmb\u00eb, vriten njer\u00ebzit, grabitet prona, mbetjet toksike n\u00eb Durr\u00ebs, nuk ka lia\u00e7e n\u00eb spitale si n\u00eb xhung\u00ebl, kjo \u00ebsht\u00eb Shqip\u00ebria sot&#8221;, tha Dogjani.<\/p>\n","protected":false},"excerpt":{"rendered":"<p>Deputet\u00ebt e opozit\u00ebs jan\u00eb penguar p\u00ebr t\u00eb marr\u00eb pjes\u00eb n\u00eb seanc\u00ebn plenare dit\u00ebn e sotme me urdh\u00ebr politik nga garda. Deputeti Asllan Dogjani \u00ebsht\u00eb shprehur q\u00eb qytetar\u00ebt vriten nga bandat nd\u00ebrsa policia merret me deputet\u00ebt e opozit\u00ebs p\u00ebr t\u00eb ruajtur karrigen e Ram\u00ebs &#8220;Mos u p\u00ebrdorni nga Rama, ka vdekur nj\u00eb her\u00eb Enver Hoxha sillni &hellip;<\/p>\n","protected":false},"author":4,"featured_media":91683,"comment_status":"closed","ping_status":"closed","sticky":false,"template":"","format":"standard","meta":{"footnotes":""},"categories":[37],"tags":[],"class_list":["post-93482","post","type-post","status-publish","format-standard","has-post-thumbnail","","category-politike"],"_links":{"self":[{"href":"https:\/\/rdnews.al\/index.php\/wp-json\/wp\/v2\/posts\/93482","targetHints":{"allow":["GET"]}}],"collection":[{"href":"https:\/\/rdnews.al\/index.php\/wp-json\/wp\/v2\/posts"}],"about":[{"href":"https:\/\/rdnews.al\/index.php\/wp-json\/wp\/v2\/types\/post"}],"author":[{"embeddable":true,"href":"https:\/\/rdnews.al\/index.php\/wp-json\/wp\/v2\/users\/4"}],"replies":[{"embeddable":true,"href":"https:\/\/rdnews.al\/index.php\/wp-json\/wp\/v2\/comments?post=93482"}],"version-history":[{"count":1,"href":"https:\/\/rdnews.al\/index.php\/wp-json\/wp\/v2\/posts\/93482\/revisions"}],"predecessor-version":[{"id":93483,"href":"https:\/\/rdnews.al\/index.php\/wp-json\/wp\/v2\/posts\/93482\/revisions\/93483"}],"wp:featuredmedia":[{"embeddable":true,"href":"https:\/\/rdnews.al\/index.php\/wp-json\/wp\/v2\/media\/91683"}],"wp:attachment":[{"href":"https:\/\/rdnews.al\/index.php\/wp-json\/wp\/v2\/media?parent=93482"}],"wp:term":[{"taxonomy":"category","embeddable":true,"href":"https:\/\/rdnews.al\/index.php\/wp-json\/wp\/v2\/categories?post=93482"},{"taxonomy":"post_tag","embeddable":true,"href":"https:\/\/rdnews.al\/index.php\/wp-json\/wp\/v2\/tags?post=93482"}],"curies":[{"name":"wp","href":"https:\/\/api.w.org\/{rel}","templated":true}]}}