{"id":93498,"date":"2024-10-31T10:00:29","date_gmt":"2024-10-31T10:00:29","guid":{"rendered":"https:\/\/rdnews.al\/?p=93498"},"modified":"2024-10-31T10:00:29","modified_gmt":"2024-10-31T10:00:29","slug":"alizoti-ky-parlament-eshte-kthyer-si-ne-kohen-e-diktatures-ne-duam-demokraci","status":"publish","type":"post","link":"https:\/\/rdnews.al\/index.php\/2024\/10\/31\/alizoti-ky-parlament-eshte-kthyer-si-ne-kohen-e-diktatures-ne-duam-demokraci\/","title":{"rendered":"Alizoti: Ky parlament \u00ebsht\u00eb kthyer si n\u00eb koh\u00ebn e diktatur\u00ebs, ne duam demokraci!"},"content":{"rendered":"<p>Deputeti i Partis\u00eb Demokratike, Tomor Alizoti, n\u00eb nj\u00eb prononcim p\u00ebr media jasht\u00eb parlamentit u shpreh se, Shqip\u00ebria \u00ebsht\u00eb n\u00eb nj\u00eb situat\u00eb shum\u00eb t\u00eb frikshme dhe\u00a0nuk ka ndodhur q\u00eb nga 1991\u00a0dhe kjo q\u00eb po ndodh me deputet\u00ebt e PD \u00ebsht\u00eb nj\u00eb sken\u00eb\u00a0e turpshme.<\/p>\n<p>Alizoti tha se, ne duam demorkaci, ne nuk kemi vjedhur njeri, ky parlament \u00ebsht\u00eb kthyer si n\u00eb koh\u00ebn e Enver Hoxh\u00ebs.<\/p>\n<p>\u201cGarda po p\u00ebrballet me ne, jo ne me gard\u00ebn. Ne jemi t\u00eb zotuar t\u00eb flasim, ne gjith\u00eb koh\u00ebn po meremi me policin\u00eb tani po b\u00ebhemi dhe ne si forcat speciale.<\/p>\n<p>Shqip\u00ebria \u00ebsht\u00eb n\u00eb nj\u00eb situat\u00eb shum\u00eb t\u00eb frikshme nuk ka ndodhur q\u00eb nga 1991\u00a0q\u00eb t\u00eb ket\u00eb k\u00ebt\u00eb lloji m\u00ebnyrash.<\/p>\n<p>Kush mendon se proteston m\u00eb mir\u00eb se opozita t\u00eb dal\u00eb e t\u00eb thot\u00eb. Shqip\u00ebria po shkon n\u00eb diktatur\u00eb nuk b\u00ebhet fjal\u00eb ve\u00e7 p\u00ebr PD, n\u00ebse dikush tjet\u00ebr e b\u00ebn m\u00eb mir\u00eb \u00e7ohuni.<\/p>\n<p>Shqiptar\u00eb \u00e7ohuni e b\u00ebni gj\u00ebra sepse vendi po shkon n\u00eb diktatur\u00eb. Kjo \u00ebsht\u00eb nj\u00eb sken\u00eb e turpshme. Ne duam demorkaci, ne nuk kemi vjedhur njeri, duam t\u00eb p\u00ebrfaq\u00ebsojm\u00eb njer\u00ebzit e t\u00eb drejtat tona.<\/p>\n<p>Policia del dhe i sh\u00ebrben k\u00ebtyre njer\u00ebzve e nuk ka polici n\u00eb bot\u00eb q\u00eb ministi i brendsh\u00ebm t\u00eb ket\u00eb frik\u00eb t\u00eb p\u00ebrmendi at\u00eb.<\/p>\n<p>Nj\u00eb gj\u00eb \u00ebsht\u00eb fakt, kur policia rrit prezenc\u00ebn e saj pushteti frik\u00ebsohet dhe pushteti \u00ebsht\u00eb i frik\u00ebsuar.<\/p>\n<p>Ky parlament \u00ebsht\u00eb kthyer si n\u00eb koh\u00ebn\u00a0e Enver Hoxh\u00ebs, ai \u00ebsht\u00eb nj\u00eb monoparti tani dhe m\u00eb mir\u00eb karriget e deputet\u00ebve le t\u00eb rrin\u00eb k\u00ebshtu&#8221;, tha Alizoti.<\/p>\n","protected":false},"excerpt":{"rendered":"<p>Deputeti i Partis\u00eb Demokratike, Tomor Alizoti, n\u00eb nj\u00eb prononcim p\u00ebr media jasht\u00eb parlamentit u shpreh se, Shqip\u00ebria \u00ebsht\u00eb n\u00eb nj\u00eb situat\u00eb shum\u00eb t\u00eb frikshme dhe\u00a0nuk ka ndodhur q\u00eb nga 1991\u00a0dhe kjo q\u00eb po ndodh me deputet\u00ebt e PD \u00ebsht\u00eb nj\u00eb sken\u00eb\u00a0e turpshme. Alizoti tha se, ne duam demorkaci, ne nuk kemi vjedhur njeri, ky parlament &hellip;<\/p>\n","protected":false},"author":4,"featured_media":93499,"comment_status":"closed","ping_status":"closed","sticky":false,"template":"","format":"standard","meta":{"footnotes":""},"categories":[37],"tags":[],"class_list":["post-93498","post","type-post","status-publish","format-standard","has-post-thumbnail","","category-politike"],"_links":{"self":[{"href":"https:\/\/rdnews.al\/index.php\/wp-json\/wp\/v2\/posts\/93498","targetHints":{"allow":["GET"]}}],"collection":[{"href":"https:\/\/rdnews.al\/index.php\/wp-json\/wp\/v2\/posts"}],"about":[{"href":"https:\/\/rdnews.al\/index.php\/wp-json\/wp\/v2\/types\/post"}],"author":[{"embeddable":true,"href":"https:\/\/rdnews.al\/index.php\/wp-json\/wp\/v2\/users\/4"}],"replies":[{"embeddable":true,"href":"https:\/\/rdnews.al\/index.php\/wp-json\/wp\/v2\/comments?post=93498"}],"version-history":[{"count":1,"href":"https:\/\/rdnews.al\/index.php\/wp-json\/wp\/v2\/posts\/93498\/revisions"}],"predecessor-version":[{"id":93500,"href":"https:\/\/rdnews.al\/index.php\/wp-json\/wp\/v2\/posts\/93498\/revisions\/93500"}],"wp:featuredmedia":[{"embeddable":true,"href":"https:\/\/rdnews.al\/index.php\/wp-json\/wp\/v2\/media\/93499"}],"wp:attachment":[{"href":"https:\/\/rdnews.al\/index.php\/wp-json\/wp\/v2\/media?parent=93498"}],"wp:term":[{"taxonomy":"category","embeddable":true,"href":"https:\/\/rdnews.al\/index.php\/wp-json\/wp\/v2\/categories?post=93498"},{"taxonomy":"post_tag","embeddable":true,"href":"https:\/\/rdnews.al\/index.php\/wp-json\/wp\/v2\/tags?post=93498"}],"curies":[{"name":"wp","href":"https:\/\/api.w.org\/{rel}","templated":true}]}}