{"id":93532,"date":"2024-10-31T11:45:23","date_gmt":"2024-10-31T11:45:23","guid":{"rendered":"https:\/\/rdnews.al\/?p=93532"},"modified":"2024-10-31T11:45:23","modified_gmt":"2024-10-31T11:45:23","slug":"biden-i-quajti-mbeshtetesit-republikane-plehra-trump-ne-miting-me-uniformen-e-punonjesve-te-pastrimit","status":"publish","type":"post","link":"https:\/\/rdnews.al\/index.php\/2024\/10\/31\/biden-i-quajti-mbeshtetesit-republikane-plehra-trump-ne-miting-me-uniformen-e-punonjesve-te-pastrimit\/","title":{"rendered":"Biden i quajti mb\u00ebshtet\u00ebsit republikan\u00eb plehra, Trump n\u00eb miting me uniform\u00ebn e punonj\u00ebsve t\u00eb pastrimit"},"content":{"rendered":"<div class=\"readmore-text-here\">\n<p><strong>Enton DO\u00c7I<\/strong><br \/>\n<strong>Lyon\u00a0<\/strong><\/p>\n<p>&#8220;Mb\u00ebshtet\u00ebsit e kandidatit republikan p\u00ebr president Donald Trump jan\u00eb plehra&#8221;, tha t\u00eb mart\u00ebn presidenti amerikan n\u00eb largim, Joe Biden. Ai m\u00eb von\u00eb pretendoi se foli gabim dhe se donte t\u00eb sulmonte nj\u00eb fol\u00ebs specifik n\u00eb tubimin e fundit t\u00eb Trump-it n\u00eb Madison Square Garden.<\/p>\n<p>Biden i b\u00ebri komentet gjat\u00eb nj\u00eb telefonate n\u00eb Zoom t\u00eb organizuar nga grupi i avokimit hispanik Voto Latino. Ai filloi duke p\u00ebrmendur komedianin Tony Hinchcliffe i cili b\u00ebri nj\u00eb shaka t\u00eb diel\u00ebn duke e krahasuar Puerto Rikon me &#8220;nj\u00eb ishull lundrues plehrash n\u00eb mes t\u00eb oqeanit&#8221;.<\/p>\n<p>&#8220;Dit\u00ebn tjet\u00ebr, nj\u00eb fol\u00ebs n\u00eb tubimin e Trump-it e quajti Porto Rikon nj\u00eb ishull lundrues plehrash,&#8221; tha Biden, duke shtuar se portorikan\u00ebt jan\u00eb &#8220;njer\u00ebz t\u00eb mir\u00eb, t\u00eb nderuar&#8221;.<\/p>\n<p>&#8220;T\u00eb vetmet plehra q\u00eb shoh q\u00eb qarkullojn\u00eb atje jan\u00eb mb\u00ebshtet\u00ebsit e tij. Demonizimi i tij i latin\u00ebve \u00ebsht\u00eb i pand\u00ebrgjegjsh\u00ebm dhe \u00ebsht\u00eb joamerikan&#8221;, theksoi Biden. &#8220;\u00cbsht\u00eb krejt\u00ebsisht n\u00eb kund\u00ebrshtim me gjith\u00e7ka q\u00eb kemi b\u00ebr\u00eb, gjith\u00e7ka q\u00eb kemi qen\u00eb.&#8221;<\/p>\n<p>Presidenti vazhdoi t\u00eb akuzonte Trump-in se po p\u00ebrpiqej t\u00eb &#8220;ndante vendin n\u00eb baz\u00eb t\u00eb rac\u00ebs&#8221; dhe k\u00ebmb\u00ebnguli q\u00eb kandidatja demokrate, n\u00ebnpresidentja Kamala Harris, &#8220;do t\u00eb jet\u00eb nj\u00eb presidente p\u00ebr t\u00eb gjith\u00eb Amerik\u00ebn&#8221;.<\/p>\n<p>Biden m\u00eb von\u00eb u shfaq n\u00eb X p\u00ebr t\u00eb sqaruar se ai i ishte referuar retorik\u00ebs urrejt\u00ebse p\u00ebr Porto Rikon e p\u00ebrhapur nga mb\u00ebshtet\u00ebsi i Trump-it n\u00eb tubimin e tij n\u00eb Madison Square Garden si plehra.<\/p>\n<p>&#8220;Kjo \u00ebsht\u00eb gjith\u00e7ka q\u00eb kam dashur t\u00eb them. Komentet n\u00eb at\u00eb tubim nuk pasqyrojn\u00eb kush jemi ne si komb&#8221;, shkroi Biden.<\/p>\n<p>V\u00ebrejtjet e presidentit u d\u00ebnuan shpejt nga aleat\u00ebt e Trump-it. &#8220;Ai po flet p\u00ebr amerikan\u00ebt e zakonsh\u00ebm q\u00eb e duan vendin e tyre,&#8221; tha senatori republikan Marco Rubio, duke i k\u00ebrkuar ekipit t\u00eb fushat\u00ebs s\u00eb Harrisit q\u00eb t\u00eb k\u00ebrkonte falje. &#8220;Ne nuk jemi plehra, ne jemi patriot\u00eb q\u00eb e duam Amerik\u00ebn&#8221;, tha Rubio gjat\u00eb nj\u00eb mitingu t\u00eb Trump-it n\u00eb Allentown, Pensilvani.<\/p>\n<p>Kandidati republikan u shfaq m\u00eb tej me uniform\u00ebn e pun\u00ebtor\u00ebve t\u00eb pastrimit, n\u00eb shenj\u00eb solidariteti me ta, madje ai b\u00ebri edhe udh\u00ebtim me makin\u00ebn q\u00eb transporton plehrat, nj\u00eb gjetje politike q\u00eb \u00ebsht\u00eb komentuar gjer\u00ebsisht n\u00eb SHBA.<\/p>\n<div class=\"twitter-tweet twitter-tweet-rendered\"><iframe id=\"twitter-widget-0\" class=\"\" title=\"X Post\" src=\"https:\/\/platform.twitter.com\/embed\/Tweet.html?dnt=false&amp;embedId=twitter-widget-0&amp;features=eyJ0ZndfdGltZWxpbmVfbGlzdCI6eyJidWNrZXQiOltdLCJ2ZXJzaW9uIjpudWxsfSwidGZ3X2ZvbGxvd2VyX2NvdW50X3N1bnNldCI6eyJidWNrZXQiOnRydWUsInZlcnNpb24iOm51bGx9LCJ0ZndfdHdlZXRfZWRpdF9iYWNrZW5kIjp7ImJ1Y2tldCI6Im9uIiwidmVyc2lvbiI6bnVsbH0sInRmd19yZWZzcmNfc2Vzc2lvbiI6eyJidWNrZXQiOiJvbiIsInZlcnNpb24iOm51bGx9LCJ0ZndfZm9zbnJfc29mdF9pbnRlcnZlbnRpb25zX2VuYWJsZWQiOnsiYnVja2V0Ijoib24iLCJ2ZXJzaW9uIjpudWxsfSwidGZ3X21peGVkX21lZGlhXzE1ODk3Ijp7ImJ1Y2tldCI6InRyZWF0bWVudCIsInZlcnNpb24iOm51bGx9LCJ0ZndfZXhwZXJpbWVudHNfY29va2llX2V4cGlyYXRpb24iOnsiYnVja2V0IjoxMjA5NjAwLCJ2ZXJzaW9uIjpudWxsfSwidGZ3X3Nob3dfYmlyZHdhdGNoX3Bpdm90c19lbmFibGVkIjp7ImJ1Y2tldCI6Im9uIiwidmVyc2lvbiI6bnVsbH0sInRmd19kdXBsaWNhdGVfc2NyaWJlc190b19zZXR0aW5ncyI6eyJidWNrZXQiOiJvbiIsInZlcnNpb24iOm51bGx9LCJ0ZndfdXNlX3Byb2ZpbGVfaW1hZ2Vfc2hhcGVfZW5hYmxlZCI6eyJidWNrZXQiOiJvbiIsInZlcnNpb24iOm51bGx9LCJ0ZndfdmlkZW9faGxzX2R5bmFtaWNfbWFuaWZlc3RzXzE1MDgyIjp7ImJ1Y2tldCI6InRydWVfYml0cmF0ZSIsInZlcnNpb24iOm51bGx9LCJ0ZndfbGVnYWN5X3RpbWVsaW5lX3N1bnNldCI6eyJidWNrZXQiOnRydWUsInZlcnNpb24iOm51bGx9LCJ0ZndfdHdlZXRfZWRpdF9mcm9udGVuZCI6eyJidWNrZXQiOiJvbiIsInZlcnNpb24iOm51bGx9fQ%3D%3D&amp;frame=false&amp;hideCard=false&amp;hideThread=false&amp;id=1851843956557967611&amp;lang=en&amp;origin=https%3A%2F%2Fwww.syri.net%2Fbote%2F735641%2Fbiden-i-quajti-mbeshtetesit-republikan-plehra-trump-shfaqet-ne-miting-me-uniformen-e-punonjesve-te-pastrimit-madje-udhetoi-me-makinen-e%2F&amp;sessionId=bc06beb5b3f164a318ba3935a3b0c2256404089f&amp;theme=light&amp;widgetsVersion=2615f7e52b7e0%3A1702314776716&amp;width=550px\" frameborder=\"0\" scrolling=\"no\" allowfullscreen=\"allowfullscreen\" data-tweet-id=\"1851843956557967611\" data-mce-fragment=\"1\"><\/iframe><\/div>\n<p>Hinchcliffe akuzoi demokrat\u00ebt p\u00ebr reagim t\u00eb tepruar ndaj grupit t\u00eb tij n\u00eb eventin e Madison Square Garden. &#8220;K\u00ebta njer\u00ebz nuk kan\u00eb sens humori,&#8221; shkroi ai n\u00eb X t\u00eb diel\u00ebn, duke argumentuar se ekipi i Harrisit e kishte nxjerr\u00eb shakan\u00eb jasht\u00eb kontekstit &#8220;p\u00ebr ta b\u00ebr\u00eb t\u00eb duket raciste&#8221;.<\/p>\n<p>Si demokrat\u00ebt ashtu edhe republikan\u00ebt kan\u00eb akuzuar shpesh nj\u00ebri-tjetrin p\u00ebr retorik\u00eb urrejtjeje dhe demonizim. Disa konservator\u00eb kan\u00eb t\u00ebrhequr nj\u00eb paralele midis komentit t\u00eb &#8220;plehra&#8221; t\u00eb Biden-it dhe atij t\u00eb Hillary Clinton-it, e cila i p\u00ebrshkroi mb\u00ebshtet\u00ebsit e Trump n\u00eb vitin 2016 si nj\u00eb &#8220;grup mjeran\u00ebsh&#8221;. Trump koh\u00ebt e fundit \u00ebsht\u00eb kritikuar p\u00ebr etiketimin e kund\u00ebrshtar\u00ebve t\u00eb tij si &#8220;armiku nga brenda&#8221;.\/Associated Press<\/p>\n<\/div>\n<div id=\"rekl-45\"><\/div>\n<div id=\"rekl-16\"><\/div>\n<div id=\"rekl-33\"><\/div>\n","protected":false},"excerpt":{"rendered":"<p>Enton DO\u00c7I Lyon\u00a0 &#8220;Mb\u00ebshtet\u00ebsit e kandidatit republikan p\u00ebr president Donald Trump jan\u00eb plehra&#8221;, tha t\u00eb mart\u00ebn presidenti amerikan n\u00eb largim, Joe Biden. Ai m\u00eb von\u00eb pretendoi se foli gabim dhe se donte t\u00eb sulmonte nj\u00eb fol\u00ebs specifik n\u00eb tubimin e fundit t\u00eb Trump-it n\u00eb Madison Square Garden. Biden i b\u00ebri komentet gjat\u00eb nj\u00eb telefonate n\u00eb &hellip;<\/p>\n","protected":false},"author":4,"featured_media":93533,"comment_status":"closed","ping_status":"closed","sticky":false,"template":"","format":"standard","meta":{"footnotes":""},"categories":[38],"tags":[],"class_list":["post-93532","post","type-post","status-publish","format-standard","has-post-thumbnail","","category-bota"],"_links":{"self":[{"href":"https:\/\/rdnews.al\/index.php\/wp-json\/wp\/v2\/posts\/93532","targetHints":{"allow":["GET"]}}],"collection":[{"href":"https:\/\/rdnews.al\/index.php\/wp-json\/wp\/v2\/posts"}],"about":[{"href":"https:\/\/rdnews.al\/index.php\/wp-json\/wp\/v2\/types\/post"}],"author":[{"embeddable":true,"href":"https:\/\/rdnews.al\/index.php\/wp-json\/wp\/v2\/users\/4"}],"replies":[{"embeddable":true,"href":"https:\/\/rdnews.al\/index.php\/wp-json\/wp\/v2\/comments?post=93532"}],"version-history":[{"count":1,"href":"https:\/\/rdnews.al\/index.php\/wp-json\/wp\/v2\/posts\/93532\/revisions"}],"predecessor-version":[{"id":93534,"href":"https:\/\/rdnews.al\/index.php\/wp-json\/wp\/v2\/posts\/93532\/revisions\/93534"}],"wp:featuredmedia":[{"embeddable":true,"href":"https:\/\/rdnews.al\/index.php\/wp-json\/wp\/v2\/media\/93533"}],"wp:attachment":[{"href":"https:\/\/rdnews.al\/index.php\/wp-json\/wp\/v2\/media?parent=93532"}],"wp:term":[{"taxonomy":"category","embeddable":true,"href":"https:\/\/rdnews.al\/index.php\/wp-json\/wp\/v2\/categories?post=93532"},{"taxonomy":"post_tag","embeddable":true,"href":"https:\/\/rdnews.al\/index.php\/wp-json\/wp\/v2\/tags?post=93532"}],"curies":[{"name":"wp","href":"https:\/\/api.w.org\/{rel}","templated":true}]}}