{"id":93548,"date":"2024-10-31T12:29:04","date_gmt":"2024-10-31T12:29:04","guid":{"rendered":"https:\/\/rdnews.al\/?p=93548"},"modified":"2024-10-31T12:29:04","modified_gmt":"2024-10-31T12:29:04","slug":"berisha-masakra-e-djeshme-e-bandes-qeveritare-ne-shkoder-vjen-pas-nje-sere-aktesh-terroriste-ne-kete-qytet","status":"publish","type":"post","link":"https:\/\/rdnews.al\/index.php\/2024\/10\/31\/berisha-masakra-e-djeshme-e-bandes-qeveritare-ne-shkoder-vjen-pas-nje-sere-aktesh-terroriste-ne-kete-qytet\/","title":{"rendered":"Berisha: Masakra e djeshme e band\u00ebs qeveritare n\u00eb Shkod\u00ebr, vjen pas nj\u00eb s\u00ebr\u00eb aktesh terroriste n\u00eb k\u00ebt\u00eb qytet"},"content":{"rendered":"<p>Kryetari i PD, Sali Berisha n\u00eb nj\u00eb deklarat\u00eb p\u00ebr mediat u ka shprehur ngush\u00ebllime familjeve t\u00eb viktimave nga masakra e Shkodr\u00ebs.<\/p>\n<p>Berisha theksoi se masakra e djeshme \u00ebsht\u00eb vazhdim i nj\u00eb serie aktesh terroriste, atentatesh t\u00eb ndodhura muajt e fundit n\u00eb Shkod\u00ebr, t\u00eb fshehura nga policia e Shkodr\u00ebs, apo t\u00eb injoruara totalisht n\u00eb gjetjen dhe arrestimin e atentator\u00ebve.<\/p>\n<p>\u201cMir\u00ebdita dhe p\u00ebrsh\u00ebndetje mediave t\u00eb pranish\u00ebm n\u00eb k\u00ebt\u00eb takim, dhe t\u00eb gjith\u00eb atyre q\u00eb ndjekin k\u00ebt\u00eb konferenc\u00eb t\u00eb jasht\u00ebzakonshme timen me median.<\/p>\n<p>Thirra sot k\u00ebt\u00eb konferenc\u00eb t\u00eb jasht\u00ebzakonshme p\u00ebr shkak t\u00eb masakr\u00ebs q\u00eb ndodhi dje n\u00eb Shkod\u00ebr, n\u00eb t\u00eb cil\u00ebn n\u00eb k\u00ebt\u00eb qytet t\u00eb bekuar, qytet, paqeje, pune, atdhetarie, jete e g\u00ebzimi.<\/p>\n<p>Tre qytetar\u00eb u ekzekutuan dhe nj\u00eb i kat\u00ebrt lufton me vdekjen n\u00eb shtratin e reanimacionit n\u00eb spital.<\/p>\n<p>Shpreh ngush\u00ebllimet e mia m\u00eb t\u00eb ndjera familjes Basha, p\u00ebr tragjedin\u00eb q\u00eb u ndodhi dje, familjes Bushati dhe familjes Lici.<\/p>\n<p>Theksoi se asnj\u00ebri nga ana q\u00eb humb\u00ebn jet\u00ebn, nuk rezulton t\u00eb ket\u00eb patur gjer sot asnj\u00eb problem me drejt\u00ebsin\u00eb, n\u00eb ve\u00e7anti \u00e7ifti Basha q\u00eb u gjet rast\u00ebsisht n\u00eb vendin e prit\u00ebs, tek kthehej nga puna n\u00eb ferm\u00ebn e tyre t\u00eb vog\u00ebl, me t\u00eb cil\u00ebn mbanin f\u00ebmij\u00ebt.<\/p>\n<p>Masakra e djeshme \u00ebsht\u00eb vazhdim i nj\u00eb serie aktesh terroriste, atentatesh t\u00eb ndodhura muajt e fundit n\u00eb Shkod\u00ebr, t\u00eb fshehura nga policia e Shkodr\u00ebs, apo t\u00eb injoruara totalisht n\u00eb gjetjen dhe arrestimin e atentator\u00ebve.<\/p>\n<p>Masakra e djeshme e band\u00ebs qeveritare n\u00eb Shkod\u00ebr, pra vjen pas asaj t\u00eb korrikut n\u00eb t\u00eb cil\u00ebn u plagos\u00ebn 3 t\u00eb rinj, dy prej t\u00eb cil\u00ebve u shtruan n\u00eb spital, por u fsheh si ngjarje.<\/p>\n<p>Vjen pas asaj t\u00eb shtatorit q\u00eb Shkodra e di mir\u00eb se kush \u00ebsht\u00eb atentatori, por policia nuk mori mundimin qoft\u00eb ti b\u00ebje dhe nj\u00eb pyetje t\u00eb vetme.<\/p>\n<p>Kjo masak\u00ebr vjen pasi i ndjeri, i riu Arlind Bushati, tre jav\u00eb m\u00eb par\u00eb u p\u00ebrball me atentator\u00eb t\u00eb cil\u00ebve nuk u shkrehu revolveri q\u00eb i drejtuan dhe me t\u00eb drejt\u00eb, si \u00e7do qytetar tjet\u00ebr i riu Arlind Bushati iu drejtua policis\u00eb, por meqen\u00ebse i ati ishte opozitar, i kampit armik t\u00eb Edi Ram\u00ebs dhe band\u00ebs s\u00eb tij n\u00eb Shkod\u00ebr, nuk u mor asnj\u00eb mas\u00eb p\u00ebr t\u00eb identifikuar atentator\u00ebt\u201d, tha Berisha.<\/p>\n","protected":false},"excerpt":{"rendered":"<p>Kryetari i PD, Sali Berisha n\u00eb nj\u00eb deklarat\u00eb p\u00ebr mediat u ka shprehur ngush\u00ebllime familjeve t\u00eb viktimave nga masakra e Shkodr\u00ebs. Berisha theksoi se masakra e djeshme \u00ebsht\u00eb vazhdim i nj\u00eb serie aktesh terroriste, atentatesh t\u00eb ndodhura muajt e fundit n\u00eb Shkod\u00ebr, t\u00eb fshehura nga policia e Shkodr\u00ebs, apo t\u00eb injoruara totalisht n\u00eb gjetjen dhe &hellip;<\/p>\n","protected":false},"author":4,"featured_media":92754,"comment_status":"closed","ping_status":"closed","sticky":false,"template":"","format":"standard","meta":{"footnotes":""},"categories":[37],"tags":[],"class_list":["post-93548","post","type-post","status-publish","format-standard","has-post-thumbnail","","category-politike"],"_links":{"self":[{"href":"https:\/\/rdnews.al\/index.php\/wp-json\/wp\/v2\/posts\/93548","targetHints":{"allow":["GET"]}}],"collection":[{"href":"https:\/\/rdnews.al\/index.php\/wp-json\/wp\/v2\/posts"}],"about":[{"href":"https:\/\/rdnews.al\/index.php\/wp-json\/wp\/v2\/types\/post"}],"author":[{"embeddable":true,"href":"https:\/\/rdnews.al\/index.php\/wp-json\/wp\/v2\/users\/4"}],"replies":[{"embeddable":true,"href":"https:\/\/rdnews.al\/index.php\/wp-json\/wp\/v2\/comments?post=93548"}],"version-history":[{"count":1,"href":"https:\/\/rdnews.al\/index.php\/wp-json\/wp\/v2\/posts\/93548\/revisions"}],"predecessor-version":[{"id":93549,"href":"https:\/\/rdnews.al\/index.php\/wp-json\/wp\/v2\/posts\/93548\/revisions\/93549"}],"wp:featuredmedia":[{"embeddable":true,"href":"https:\/\/rdnews.al\/index.php\/wp-json\/wp\/v2\/media\/92754"}],"wp:attachment":[{"href":"https:\/\/rdnews.al\/index.php\/wp-json\/wp\/v2\/media?parent=93548"}],"wp:term":[{"taxonomy":"category","embeddable":true,"href":"https:\/\/rdnews.al\/index.php\/wp-json\/wp\/v2\/categories?post=93548"},{"taxonomy":"post_tag","embeddable":true,"href":"https:\/\/rdnews.al\/index.php\/wp-json\/wp\/v2\/tags?post=93548"}],"curies":[{"name":"wp","href":"https:\/\/api.w.org\/{rel}","templated":true}]}}