{"id":93571,"date":"2024-10-31T17:34:20","date_gmt":"2024-10-31T17:34:20","guid":{"rendered":"https:\/\/rdnews.al\/?p=93571"},"modified":"2024-10-31T17:34:20","modified_gmt":"2024-10-31T17:34:20","slug":"e-gjithe-shkodra-e-di-emrin-e-atentatorit-berisha-lici-dhe-bushati-u-nxoren-ne-prite-nga-nje-polic","status":"publish","type":"post","link":"https:\/\/rdnews.al\/index.php\/2024\/10\/31\/e-gjithe-shkodra-e-di-emrin-e-atentatorit-berisha-lici-dhe-bushati-u-nxoren-ne-prite-nga-nje-polic\/","title":{"rendered":"\u201cE gjith\u00eb Shkodra e di emrin e atentatorit\u201d\/ Berisha: Lici dhe Bushati u nxor\u00ebn n\u00eb prit\u00eb nga nj\u00eb polic"},"content":{"rendered":"<p>Kreu i PD, Sali Berisha gjat\u00eb konferenc\u00ebs me gazetar\u00ebt ka folur n\u00eb lidhje me masakr\u00ebn e regjistruar pasditen e djeshme n\u00eb Dobra\u00e7 t\u00eb Shkodr\u00ebs me 3 t\u00eb vdekur dhe 1 t\u00eb plagosur, ku sh\u00ebnjestra ishin Hamza Lici dhe Arlind Bushati, teksa viktima tjet\u00ebr ishte aksidentale.<\/p>\n<p>Berisha deklaroi se kjo masak\u00ebr nuk mund t\u00eb mos lidhet me vendimin e Edi Ram\u00ebs p\u00ebr t\u00eb kandiduar n\u00eb Shkod\u00ebr. Duke iu referuar nj\u00eb burimi jo shum\u00eb t\u00eb sigurt, lideri demokrat tha se ka qen\u00eb nj\u00eb efektiv policie, ai i cili i ka nxjerr\u00eb n\u00eb prit\u00eb Licin dhe Bushatin, duke iu devijuar rrug\u00ebn<\/p>\n<p>\u201cMasakra e Shkodr\u00ebs dje r\u00ebndom thuhet se pati mb\u00ebshtetjen e policis\u00eb, sepse kjo masak\u00ebr ishte e paralajm\u00ebruar n\u00eb m\u00ebnyr\u00eb t\u00eb p\u00ebrs\u00ebritur dhe organet bashk\u00ebpun\u00ebtor\u00eb t\u00eb krimit, si Skrapi i partis\u00eb dhe policia, kishin \u00e7do t\u00eb dh\u00ebn\u00eb p\u00ebr p\u00ebrgatitjen e saj. Nuk kam t\u00eb sigurt\u00eb burimin, por duan t\u00eb thon\u00eb, se n\u00eb prit\u00eb i nxori dikush nga policia q\u00eb u devijoi rrug\u00ebn Licit dhe Bushatit. Kjo masak\u00ebr nuk mund t\u00eb mos lidhet me vendimin e Edi Ram\u00ebs p\u00ebr t\u00eb kandiduar n\u00eb Shkod\u00ebr. Edi Rama e di se ai \u00ebsht\u00eb njeriu m\u00eb i urryer nga Shkodra dhe Shkodran\u00ebt. Edi Rama e di se p\u00ebr shkodran\u00ebt, me trash\u00ebgimin\u00eb e tij t\u00eb t\u00eb atit xhelat komunist, me urrejtjen dhe nd\u00ebrprerjen e t\u00eb gjitha investimeve p\u00ebr 8 vite me radh\u00eb n\u00eb k\u00ebt\u00eb qytet, n\u00eb Shkod\u00ebr nuk do kush t\u00eb ja d\u00ebgjoj\u00eb emri. Edi Rama e di se ka vendosur n\u00eb bashki, personin q\u00eb shef kabineti t\u00eb v\u00ebrtet\u00eb ka Safet Bajrin. Edi Rama mendon se do t\u00eb mposht\u00eb Shkodr\u00ebn me band\u00ebn e tij. E v\u00ebrteta \u00ebsht\u00eb se banda e Edi Ram\u00ebs n\u00eb Shkod\u00ebr, Bajrit famoz dhe deg\u00ebt e tyre se nuk jan\u00eb vet\u00ebm, tani p\u00ebrcakton vendimmarrjet n\u00eb Tiran\u00eb dhe n\u00eb Shkod\u00ebr p\u00ebr k\u00ebty\u00eb qytet t\u00eb bekuar. E v\u00ebrteta \u00ebsht\u00eb se kjo band\u00eb kontrollon Edi Ram\u00ebn, Spirogjok\u00ebn, Ball\u00ebn dhe Mondin e ka t\u00eb vehtin. Por kjo band\u00eb me n\u00eb krye Edi Ram\u00ebn nuk do t\u00eb mund t\u00eb mposht\u00eb kurr\u00eb Shkodr\u00ebn\u201d, deklaroi Berisha.<\/p>\n<p>M\u00eb tej, kreu i opozit\u00ebs deklaroi se e gjith\u00eb Shkodra e di emrin dhe mbiemrin e atentatorit, duke hedhur akuza tek drejtuesit e Policis\u00eb n\u00eb kryeqendr\u00ebn e Veriut se jan\u00eb n\u00eb sh\u00ebrbim t\u00eb krimit.<\/p>\n<p>\u201cAi \u00ebsht\u00eb ushtar i bandave. Se kush \u00ebsht\u00eb atentatori me em\u00ebr e mbiem\u00ebr, Shkodra e di mir\u00eb. Shkodra e ka pa, e di mir\u00eb policia se kush i nxori n\u00eb prit\u00eb. Por policia aty \u00ebsht\u00eb, jo e t\u00ebra, nuk mund t\u00eb them, por nga Mondi i Sul\u00ebs, n\u00eb fakt i Safetit m\u00eb mir\u00eb t\u00eb themi apo i Bariut, tek tjer\u00eb e tjer\u00eb me radh\u00eb, jan\u00eb t\u00eb gjith\u00eb n\u00eb nj\u00eb m\u00ebnyr\u00eb apo n\u00eb nj\u00eb tjet\u00ebr, an\u00ebtar bande. Pyeteni ministrin pak, pse nuk arrestuat atentatorin e shtatorit n\u00eb zem\u00ebr t\u00eb qytetit. Jo se nuk e arrestuan, por as nuk i shkuan nj\u00ebher\u00eb t\u00eb kontrollonin sht\u00ebpin\u00eb e tij, ndon\u00ebse e kishin t\u00eb filmuar dhe e dinin mir\u00eb se kush \u00ebsht\u00eb. Pra policia e shtetit shkoi, jo p\u00ebr t\u00eb arrestuar, por p\u00ebr t\u00eb mbuluar krimin e sh\u00ebmtuar n\u00eb t\u00eb cilin mori pjes\u00eb, policia e Shkodr\u00ebs, ndoshta dhe fijet m\u00eb t\u00eb larta, sepse kan\u00eb nj\u00eb q\u00ebllim tani, duan t\u00eb garantojn\u00eb votat e Edi Ram\u00ebs n\u00ebp\u00ebrmjet Bajr\u00ebve\u201d, tha Berisha.<\/p>\n","protected":false},"excerpt":{"rendered":"<p>Kreu i PD, Sali Berisha gjat\u00eb konferenc\u00ebs me gazetar\u00ebt ka folur n\u00eb lidhje me masakr\u00ebn e regjistruar pasditen e djeshme n\u00eb Dobra\u00e7 t\u00eb Shkodr\u00ebs me 3 t\u00eb vdekur dhe 1 t\u00eb plagosur, ku sh\u00ebnjestra ishin Hamza Lici dhe Arlind Bushati, teksa viktima tjet\u00ebr ishte aksidentale. Berisha deklaroi se kjo masak\u00ebr nuk mund t\u00eb mos lidhet &hellip;<\/p>\n","protected":false},"author":4,"featured_media":93572,"comment_status":"closed","ping_status":"closed","sticky":false,"template":"","format":"standard","meta":{"footnotes":""},"categories":[37],"tags":[],"class_list":["post-93571","post","type-post","status-publish","format-standard","has-post-thumbnail","","category-politike"],"_links":{"self":[{"href":"https:\/\/rdnews.al\/index.php\/wp-json\/wp\/v2\/posts\/93571","targetHints":{"allow":["GET"]}}],"collection":[{"href":"https:\/\/rdnews.al\/index.php\/wp-json\/wp\/v2\/posts"}],"about":[{"href":"https:\/\/rdnews.al\/index.php\/wp-json\/wp\/v2\/types\/post"}],"author":[{"embeddable":true,"href":"https:\/\/rdnews.al\/index.php\/wp-json\/wp\/v2\/users\/4"}],"replies":[{"embeddable":true,"href":"https:\/\/rdnews.al\/index.php\/wp-json\/wp\/v2\/comments?post=93571"}],"version-history":[{"count":1,"href":"https:\/\/rdnews.al\/index.php\/wp-json\/wp\/v2\/posts\/93571\/revisions"}],"predecessor-version":[{"id":93573,"href":"https:\/\/rdnews.al\/index.php\/wp-json\/wp\/v2\/posts\/93571\/revisions\/93573"}],"wp:featuredmedia":[{"embeddable":true,"href":"https:\/\/rdnews.al\/index.php\/wp-json\/wp\/v2\/media\/93572"}],"wp:attachment":[{"href":"https:\/\/rdnews.al\/index.php\/wp-json\/wp\/v2\/media?parent=93571"}],"wp:term":[{"taxonomy":"category","embeddable":true,"href":"https:\/\/rdnews.al\/index.php\/wp-json\/wp\/v2\/categories?post=93571"},{"taxonomy":"post_tag","embeddable":true,"href":"https:\/\/rdnews.al\/index.php\/wp-json\/wp\/v2\/tags?post=93571"}],"curies":[{"name":"wp","href":"https:\/\/api.w.org\/{rel}","templated":true}]}}