{"id":93712,"date":"2024-11-01T18:37:10","date_gmt":"2024-11-01T18:37:10","guid":{"rendered":"https:\/\/rdnews.al\/?p=93712"},"modified":"2024-11-01T18:37:10","modified_gmt":"2024-11-01T18:37:10","slug":"masakra-e-shkodres-berisha-edi-rama-sgjeti-nje-fjale-te-vetme-te-denonte-vrasesit-e-partise-shtet","status":"publish","type":"post","link":"https:\/\/rdnews.al\/index.php\/2024\/11\/01\/masakra-e-shkodres-berisha-edi-rama-sgjeti-nje-fjale-te-vetme-te-denonte-vrasesit-e-partise-shtet\/","title":{"rendered":"Masakra e Shkodr\u00ebs\/ Berisha: Edi Rama s\u2019gjeti nj\u00eb fjal\u00eb t\u00eb vetme t\u00eb d\u00ebnonte vras\u00ebsit e partis\u00eb shtet"},"content":{"rendered":"<p>Kryetari i Partis\u00eb Demokratike, Sali Berisha akuzoi kryeministrin Edi Rama se nuk d\u00ebnoi vras\u00ebsit e masakr\u00ebs n\u00eb Shkod\u00ebr, ku sipsa tij jan\u00eb vras\u00ebs t\u00eb partis\u00eb-shtet.<\/p>\n<p>Berisha tha se, Edi Rama edhe pse u pyet, s\u2019gjeti nj\u00eb fjal\u00eb t\u00eb vetme t\u00eb d\u00ebnonte vras\u00ebsit e partis\u00eb shtet.<\/p>\n<p>\u201cT\u00eb dashur miq!<\/p>\n<p>N\u00eb at\u00eb masak\u00ebr humbi jet\u00ebn nj\u00eb n\u00ebn\u00eb e tre f\u00ebmij\u00ebve, nj\u00eb zonj\u00eb, nj\u00eb mot\u00ebr, bashk\u00ebshorte, tek kthehej nga puna tek f\u00ebmij\u00ebt e saj. Ndodhet n\u00eb gjendje t\u00eb r\u00ebnd\u00eb p\u00ebr jet\u00ebn, bashk\u00ebshorti i saj.<\/p>\n<p>U ekzekutuan n\u00eb publik dy t\u00eb rinj, por gjer sot, gjer sot, ministri i krimit nuk ka shqiptuar nj\u00eb fjal\u00eb t\u00eb vetme p\u00ebr krimin e sh\u00ebmtuar t\u00eb band\u00ebs s\u00eb qeveris\u00eb.<\/p>\n<p>Gjer sot, prefekti apo kreu i bashkis\u00eb i instaluar nga banda e partis\u00eb nuk kan\u00eb guxuar t\u00eb shqiptojn\u00eb nj\u00eb fjal\u00eb t\u00eb vetme, p\u00ebr krimin makab\u00ebr, masakr\u00ebn, p\u00ebrgjakjen e qytetit dhe viktimat e pafajshme.<\/p>\n<p>Mbr\u00ebm\u00eb kreu i krimit t\u00eb organizuar n\u00eb Shqip\u00ebri, Edi Rama edhe pse u pyet direkt p\u00ebr k\u00ebt\u00eb masak\u00ebr, n\u00eb nj\u00eb akt cinik t\u00eb nj\u00eb shpirti katran, nuk gjeti nj\u00eb fjal\u00eb t\u00eb vetme t\u00eb ngush\u00ebllonte familjet e viktimave.<\/p>\n<p>Nuk gjeti nj\u00eb fjal\u00eb t\u00eb vetme t\u00eb d\u00ebnonte vras\u00ebsit e partis\u00eb shtet. U p\u00ebrgjigj se krimi sot, \u00ebsht\u00eb m\u00eb i zbrapsur se kurr\u00eb dhe se ajo vet\u00ebm ishte nj\u00eb tragjedi. Po se ishte nj\u00eb tragjedi nga p\u00ebrmbytja, apo aksident, apo masak\u00ebr nga banda e partis\u00eb?<\/p>\n<p>Pra kreu i narkoshtetit, lejtnant\u00ebt e tij, nuk kan\u00eb guxuar, kan\u00eb kaluar dy dit\u00eb, t\u00eb d\u00ebnojn\u00eb aktin kriminal, masakr\u00ebn e band\u00ebs s\u00eb tyre. T\u00eb shprehin ngush\u00ebllime familjes s\u00eb viktimave, sepse jan\u00eb sponsorizuesit, frym\u00ebzuesit e masakr\u00ebs\u201d, tha Berisha.<\/p>\n","protected":false},"excerpt":{"rendered":"<p>Kryetari i Partis\u00eb Demokratike, Sali Berisha akuzoi kryeministrin Edi Rama se nuk d\u00ebnoi vras\u00ebsit e masakr\u00ebs n\u00eb Shkod\u00ebr, ku sipsa tij jan\u00eb vras\u00ebs t\u00eb partis\u00eb-shtet. Berisha tha se, Edi Rama edhe pse u pyet, s\u2019gjeti nj\u00eb fjal\u00eb t\u00eb vetme t\u00eb d\u00ebnonte vras\u00ebsit e partis\u00eb shtet. \u201cT\u00eb dashur miq! N\u00eb at\u00eb masak\u00ebr humbi jet\u00ebn nj\u00eb n\u00ebn\u00eb &hellip;<\/p>\n","protected":false},"author":4,"featured_media":91951,"comment_status":"closed","ping_status":"closed","sticky":false,"template":"","format":"standard","meta":{"footnotes":""},"categories":[37],"tags":[],"class_list":["post-93712","post","type-post","status-publish","format-standard","has-post-thumbnail","","category-politike"],"_links":{"self":[{"href":"https:\/\/rdnews.al\/index.php\/wp-json\/wp\/v2\/posts\/93712","targetHints":{"allow":["GET"]}}],"collection":[{"href":"https:\/\/rdnews.al\/index.php\/wp-json\/wp\/v2\/posts"}],"about":[{"href":"https:\/\/rdnews.al\/index.php\/wp-json\/wp\/v2\/types\/post"}],"author":[{"embeddable":true,"href":"https:\/\/rdnews.al\/index.php\/wp-json\/wp\/v2\/users\/4"}],"replies":[{"embeddable":true,"href":"https:\/\/rdnews.al\/index.php\/wp-json\/wp\/v2\/comments?post=93712"}],"version-history":[{"count":1,"href":"https:\/\/rdnews.al\/index.php\/wp-json\/wp\/v2\/posts\/93712\/revisions"}],"predecessor-version":[{"id":93713,"href":"https:\/\/rdnews.al\/index.php\/wp-json\/wp\/v2\/posts\/93712\/revisions\/93713"}],"wp:featuredmedia":[{"embeddable":true,"href":"https:\/\/rdnews.al\/index.php\/wp-json\/wp\/v2\/media\/91951"}],"wp:attachment":[{"href":"https:\/\/rdnews.al\/index.php\/wp-json\/wp\/v2\/media?parent=93712"}],"wp:term":[{"taxonomy":"category","embeddable":true,"href":"https:\/\/rdnews.al\/index.php\/wp-json\/wp\/v2\/categories?post=93712"},{"taxonomy":"post_tag","embeddable":true,"href":"https:\/\/rdnews.al\/index.php\/wp-json\/wp\/v2\/tags?post=93712"}],"curies":[{"name":"wp","href":"https:\/\/api.w.org\/{rel}","templated":true}]}}