{"id":93714,"date":"2024-11-01T18:54:35","date_gmt":"2024-11-01T18:54:35","guid":{"rendered":"https:\/\/rdnews.al\/?p=93714"},"modified":"2024-11-01T18:54:35","modified_gmt":"2024-11-01T18:54:35","slug":"berisha-ftoj-te-rinjte-dhe-te-reja-te-marshojne-ne-shkoder-sepse-marshoni-per-dinjitetin-tuaj-per-vendin-tuaj","status":"publish","type":"post","link":"https:\/\/rdnews.al\/index.php\/2024\/11\/01\/berisha-ftoj-te-rinjte-dhe-te-reja-te-marshojne-ne-shkoder-sepse-marshoni-per-dinjitetin-tuaj-per-vendin-tuaj\/","title":{"rendered":"Berisha: Ftoj t\u00eb rinjt\u00eb dhe t\u00eb reja, t\u00eb marshojn\u00eb n\u00eb Shkod\u00ebr sepse marshoni p\u00ebr dinjitetin tuaj, p\u00ebr vendin tuaj"},"content":{"rendered":"<p>Kryetari i PD, Sali Berisha i ka b\u00ebr\u00eb thirrje t\u00eb rinjve dhe t\u00eb rejave q\u00eb t\u2019i bashkohen marshimit t\u00eb solidaritetit me qytetar\u00ebt shkodran\u00eb, pas masakr\u00ebs me tre viktima.<\/p>\n<p>\u2018Ftoj t\u00eb rinjt\u00eb dhe t\u00eb reja, t\u00eb marshojn\u00eb n\u00eb Shkod\u00ebr sepse marshoni p\u00ebr dinjitetin tuaj, p\u00ebr vendin tuaj\u2019, u shpreh Berisha gjat\u00eb tubimit qytetar n\u00eb \u2018Rrug\u00ebn e Shpres\u00ebs\u2019.<\/p>\n<p>\u201cNuk mund t\u00eb flas kreu i bashkis\u00eb se, mandati i tij q\u00ebndron mbi krimin.<\/p>\n<p>Nuk mund t\u00eb flas kreu i prefektur\u00ebs, sepse votat e tij jan\u00eb votat e krimit.<\/p>\n<p>Nuk mund t\u00eb flas ministri i krimit, sepse drejtori i tij, \u00ebsht\u00eb drejtori i krimit.<\/p>\n<p>Ndaj dhe heshtin nj\u00ebri pas tjetrit, si ministria, ashtu dhe Proda i krimit, zyrtar\u00eb t\u00eb tjer\u00eb, gjer tek Edi Rama.<\/p>\n<p>Ndaj dhe ne t\u00eb gjith\u00eb t\u00eb tjer\u00ebt, duhet t\u00eb ngrihemi fuqish\u00ebm, nuk duhet t\u00eb heshtim kurr\u00eb.<\/p>\n<p>Duhet t\u00eb jemi n\u00eb Shkod\u00ebr nes\u00ebr, p\u00ebr tu d\u00ebshmuar qytetar\u00ebve fisnik t\u00eb Shkodr\u00ebs, se ata n\u00eb asnj\u00eb rrethan\u00eb, n\u00eb asnj\u00eb rast, nuk jan\u00eb dhe nuk do t\u00eb jen\u00eb vet\u00ebm, por do t\u00eb ken\u00eb mb\u00ebshtetjen e t\u00eb gjith\u00eb shqiptar\u00ebve t\u00eb v\u00ebrtet\u00eb, kudo q\u00eb jan\u00eb.<\/p>\n<p>Duhet t\u00eb jemi nes\u00ebr n\u00eb Shkod\u00ebr, p\u00ebr t\u00eb d\u00ebshmuar se jemi t\u00eb pamposhtur, se bandat e qeveris\u00eb dhe as qeveria e tyre nuk na mposhtin kurr\u00eb.<\/p>\n<p>Se jemi t\u00eb gatsh\u00ebm n\u00eb k\u00ebt\u00eb betej\u00eb p\u00ebr p\u00ebrballe dh\u00ebmb p\u00ebr dh\u00ebmb me k\u00ebta kriminel\u00eb dhe p\u00ebr t\u00eb fituar.<\/p>\n<p>Ndaj dhe u b\u00ebj thirrje, q\u00eb nes\u00ebr t\u00eb gjith\u00eb t\u00eb rinjve, t\u00eb gjith\u00eb t\u00eb rejave t\u00eb k\u00ebtij vendi, marshoni n\u00eb Shkod\u00ebr sepse marshoni p\u00ebr dinjitetin tuaj, marshoni p\u00ebr sigurin\u00eb tuaj, p\u00ebr t\u00eb ardhmen tuaj, p\u00ebr vendin tuaj.<\/p>\n<p>Ftoj \u00e7do qytetar nes\u00ebr t\u00eb marshoj\u00eb n\u00eb Shkod\u00ebr, sepse Flutura Basha mund t\u00eb ishte secili prej nesh, secili nga t\u00eb dashurit tan\u00eb, secili nga f\u00ebmij\u00ebt tan\u00eb.<\/p>\n<p>Ndaj dhe t\u00eb marshojm\u00eb n\u00eb Shkod\u00ebr, sepse masakra ishte e paralajm\u00ebruar.<\/p>\n<p>I riu Arlind Bushati pa me syt\u00eb e tij, tyt\u00ebn e revoles s\u00eb vras\u00ebsit, e denoncoi, por policia e mbrojti. Jo se nuk e kapi, jo se nuk e gjeti, por fshehu n\u00eb m\u00ebnyr\u00eb q\u00eb t\u00eb kompletonte vepr\u00ebn e tij makabre.<\/p>\n<p>Hamza Lici nj\u00eb djal\u00eb 23 vje\u00e7ar, asnj\u00ebri as tjetrit t\u00eb p\u00ebrmendur kurr\u00eb t\u00eb implikuar n\u00eb krime, por vras\u00ebsit e partis\u00ebm, t\u00eb etur p\u00ebr gjak donin tu merrnin jet\u00ebn n\u00eb publik, n\u00eb rrug\u00eb kryesore n\u00eb Shkod\u00ebr t\u00eb cil\u00ebn Edi Rama, p\u00ebr shkak t\u00eb nj\u00eb mandati e ka dor\u00ebzuar tek banda dhe b\u00ebn terror, \u00e7do dit\u00eb, \u00e7do jav\u00eb, \u00e7do muaj\u201d, tha Berisha.<\/p>\n","protected":false},"excerpt":{"rendered":"<p>Kryetari i PD, Sali Berisha i ka b\u00ebr\u00eb thirrje t\u00eb rinjve dhe t\u00eb rejave q\u00eb t\u2019i bashkohen marshimit t\u00eb solidaritetit me qytetar\u00ebt shkodran\u00eb, pas masakr\u00ebs me tre viktima. \u2018Ftoj t\u00eb rinjt\u00eb dhe t\u00eb reja, t\u00eb marshojn\u00eb n\u00eb Shkod\u00ebr sepse marshoni p\u00ebr dinjitetin tuaj, p\u00ebr vendin tuaj\u2019, u shpreh Berisha gjat\u00eb tubimit qytetar n\u00eb \u2018Rrug\u00ebn e &hellip;<\/p>\n","protected":false},"author":4,"featured_media":91962,"comment_status":"closed","ping_status":"closed","sticky":false,"template":"","format":"standard","meta":{"footnotes":""},"categories":[37],"tags":[],"class_list":["post-93714","post","type-post","status-publish","format-standard","has-post-thumbnail","","category-politike"],"_links":{"self":[{"href":"https:\/\/rdnews.al\/index.php\/wp-json\/wp\/v2\/posts\/93714","targetHints":{"allow":["GET"]}}],"collection":[{"href":"https:\/\/rdnews.al\/index.php\/wp-json\/wp\/v2\/posts"}],"about":[{"href":"https:\/\/rdnews.al\/index.php\/wp-json\/wp\/v2\/types\/post"}],"author":[{"embeddable":true,"href":"https:\/\/rdnews.al\/index.php\/wp-json\/wp\/v2\/users\/4"}],"replies":[{"embeddable":true,"href":"https:\/\/rdnews.al\/index.php\/wp-json\/wp\/v2\/comments?post=93714"}],"version-history":[{"count":1,"href":"https:\/\/rdnews.al\/index.php\/wp-json\/wp\/v2\/posts\/93714\/revisions"}],"predecessor-version":[{"id":93715,"href":"https:\/\/rdnews.al\/index.php\/wp-json\/wp\/v2\/posts\/93714\/revisions\/93715"}],"wp:featuredmedia":[{"embeddable":true,"href":"https:\/\/rdnews.al\/index.php\/wp-json\/wp\/v2\/media\/91962"}],"wp:attachment":[{"href":"https:\/\/rdnews.al\/index.php\/wp-json\/wp\/v2\/media?parent=93714"}],"wp:term":[{"taxonomy":"category","embeddable":true,"href":"https:\/\/rdnews.al\/index.php\/wp-json\/wp\/v2\/categories?post=93714"},{"taxonomy":"post_tag","embeddable":true,"href":"https:\/\/rdnews.al\/index.php\/wp-json\/wp\/v2\/tags?post=93714"}],"curies":[{"name":"wp","href":"https:\/\/api.w.org\/{rel}","templated":true}]}}