{"id":93860,"date":"2024-11-03T19:09:06","date_gmt":"2024-11-03T19:09:06","guid":{"rendered":"https:\/\/rdnews.al\/?p=93860"},"modified":"2024-11-03T19:09:57","modified_gmt":"2024-11-03T19:09:57","slug":"berisha-dy-zonja-te-moshuara-e-gozhduan-tiranin-para-shqiptareve-ia-nxoren-lakrat-dhe-shpirtin-e-tij-te-zi-ne-shesh","status":"publish","type":"post","link":"https:\/\/rdnews.al\/index.php\/2024\/11\/03\/berisha-dy-zonja-te-moshuara-e-gozhduan-tiranin-para-shqiptareve-ia-nxoren-lakrat-dhe-shpirtin-e-tij-te-zi-ne-shesh\/","title":{"rendered":"Berisha: Dy zonja t\u00eb moshuara e gozhduan tiranin para shqiptar\u00ebve, ja nxor\u00ebn lakrat dhe shpirtin e tij t\u00eb zi n\u00eb shesh"},"content":{"rendered":"<p>Kryetari i Partis\u00eb Demokratike, Sali Berisha, u shpreh n\u00eb tubimin e mbajtur n\u00eb &#8216;Rrug\u00ebn e Shpres\u00ebs&#8217; se Rama u\u00a0shp\u00ebrfytyrua\u00a0n\u00eb studio televizive n\u00eb nj\u00eb debat q\u00eb do t\u00eb hyj\u00eb n\u00eb histori, kur i vogli, mposht tiranin.<\/p>\n<p>Berisha tha se, nj\u00eb fjal\u00eb e urt\u00eb thot\u00eb; kur nuk ke turp, thua \u00e7do gj\u00eb dhe b\u00ebn \u00e7do gj\u00eb. Dhe ky \u00ebsht\u00eb rasti absolut i Edi Ram\u00ebs.<\/p>\n<p>\u201cMiqt\u00eb e mi!<\/p>\n<p>Nj\u00eb fjal\u00eb e urt\u00eb thot\u00eb; kur nuk ke turp, thua \u00e7do gj\u00eb dhe b\u00ebn \u00e7do gj\u00eb. Dhe ky \u00ebsht\u00eb rasti absolut i Edi Ram\u00ebs.<\/p>\n<p>Ju e pat\u00eb vet\u00eb se si e shp\u00ebrfytyruan n\u00eb studio televizive n\u00eb nj\u00eb debat q\u00eb do t\u00eb hyj\u00eb n\u00eb histori, kur i vogli, mposht tiranin.<\/p>\n<p>Nj\u00eb debat q\u00eb do t\u00eb regjistrohet n\u00eb analet e debateve, si debati i t\u00eb gjitha debateve, sepse dy zonja t\u00eb moshuara e gozhduan tiranin para t\u00eb gjith\u00eb shqiptar\u00ebve.<\/p>\n<p>Ia nxor\u00ebn lakrat dhe shpirtin e tij t\u00eb zi n\u00eb shesh. U p\u00ebrpoq ti mashtronte p\u00ebr pensionet dhe i k\u00ebrkonte pse m\u00eb rritet buka, \u00e7far\u00eb do t\u00eb b\u00ebj un\u00eb me 140 mij\u00eb lek, si do t\u00eb ja b\u00ebj un\u00eb t\u00eb pres shkurtin p\u00ebr t\u00eb b\u00ebr\u00eb analiz\u00ebn.<\/p>\n<p>Gjeti Selanikun p\u00ebr ti kthyer p\u00ebrgjigje zonjave t\u00eb nderuara q\u00eb do t\u00eb mbeten n\u00eb historin\u00eb e debateve si yjet e v\u00ebrteta t\u00eb debatit televiziv dhe se sipas tij, fajin e ka Fevziu.<\/p>\n<p>Jo more g\u00ebnjeshtar, o hajdut, fajin e ke ti, o hajdut, fajin e ke ti se vjedh \u00e7do gj\u00eb dhe prandaj je i aft\u00eb t\u00eb mashtrosh \u00e7do gj\u00eb, t\u00eb thuash \u00e7do gj\u00eb. Ndaj dhe t\u00eb gozhduan ty, dy zonja q\u00eb p\u00ebrfaq\u00ebsuan aty 700 mij\u00eb pensionist\u00eb shqiptar\u00eb, p\u00ebrfaq\u00ebsuan t\u00eb gjith\u00eb kombin aty, t\u00eb v\u00ebrtetat q\u00eb mbrojt\u00ebn, kurse ti ngele si\u00e7 je, e kupton vet\u00eb ti\u201d, tha Berisha.<\/p>\n","protected":false},"excerpt":{"rendered":"<p>Kryetari i Partis\u00eb Demokratike, Sali Berisha, u shpreh n\u00eb tubimin e mbajtur n\u00eb &#8216;Rrug\u00ebn e Shpres\u00ebs&#8217; se Rama u\u00a0shp\u00ebrfytyrua\u00a0n\u00eb studio televizive n\u00eb nj\u00eb debat q\u00eb do t\u00eb hyj\u00eb n\u00eb histori, kur i vogli, mposht tiranin. Berisha tha se, nj\u00eb fjal\u00eb e urt\u00eb thot\u00eb; kur nuk ke turp, thua \u00e7do gj\u00eb dhe b\u00ebn \u00e7do gj\u00eb. Dhe &hellip;<\/p>\n","protected":false},"author":4,"featured_media":82604,"comment_status":"closed","ping_status":"closed","sticky":false,"template":"","format":"standard","meta":{"footnotes":""},"categories":[37],"tags":[],"class_list":["post-93860","post","type-post","status-publish","format-standard","has-post-thumbnail","","category-politike"],"_links":{"self":[{"href":"https:\/\/rdnews.al\/index.php\/wp-json\/wp\/v2\/posts\/93860","targetHints":{"allow":["GET"]}}],"collection":[{"href":"https:\/\/rdnews.al\/index.php\/wp-json\/wp\/v2\/posts"}],"about":[{"href":"https:\/\/rdnews.al\/index.php\/wp-json\/wp\/v2\/types\/post"}],"author":[{"embeddable":true,"href":"https:\/\/rdnews.al\/index.php\/wp-json\/wp\/v2\/users\/4"}],"replies":[{"embeddable":true,"href":"https:\/\/rdnews.al\/index.php\/wp-json\/wp\/v2\/comments?post=93860"}],"version-history":[{"count":2,"href":"https:\/\/rdnews.al\/index.php\/wp-json\/wp\/v2\/posts\/93860\/revisions"}],"predecessor-version":[{"id":93862,"href":"https:\/\/rdnews.al\/index.php\/wp-json\/wp\/v2\/posts\/93860\/revisions\/93862"}],"wp:featuredmedia":[{"embeddable":true,"href":"https:\/\/rdnews.al\/index.php\/wp-json\/wp\/v2\/media\/82604"}],"wp:attachment":[{"href":"https:\/\/rdnews.al\/index.php\/wp-json\/wp\/v2\/media?parent=93860"}],"wp:term":[{"taxonomy":"category","embeddable":true,"href":"https:\/\/rdnews.al\/index.php\/wp-json\/wp\/v2\/categories?post=93860"},{"taxonomy":"post_tag","embeddable":true,"href":"https:\/\/rdnews.al\/index.php\/wp-json\/wp\/v2\/tags?post=93860"}],"curies":[{"name":"wp","href":"https:\/\/api.w.org\/{rel}","templated":true}]}}