{"id":93874,"date":"2024-11-03T20:06:42","date_gmt":"2024-11-03T20:06:42","guid":{"rendered":"https:\/\/rdnews.al\/?p=93874"},"modified":"2024-11-03T20:06:42","modified_gmt":"2024-11-03T20:06:42","slug":"mitingu-i-rames-thellon-krizen-shqiperi-greqi","status":"publish","type":"post","link":"https:\/\/rdnews.al\/index.php\/2024\/11\/03\/mitingu-i-rames-thellon-krizen-shqiperi-greqi\/","title":{"rendered":"Mitingu i Ram\u00ebs thellon kriz\u00ebn Shqip\u00ebri-Greqi"},"content":{"rendered":"<p>Kryeministri Edi Rama zhvilloi k\u00ebt\u00eb t\u00eb diel nj\u00eb miting n\u00eb Selanik t\u00eb Greqis\u00eb, ku pretendon se sall\u00ebn e ka mbushur me shqiptar\u00eb t\u00eb k\u00ebtij qyteti, edhe pse denoncimet kan\u00eb qen\u00eb t\u00eb shumta se ai ka shp\u00ebrngulur t\u00eb gjith\u00eb administrat\u00ebn duke dhuruar \u201cshow\u201d n\u00eb vendin fqinj.<\/p>\n<p>Vizita e Ram\u00ebs n\u00eb Selanik nuk sh\u00ebrbeu p\u00ebr t\u00eb qet\u00ebsuar gjakrat mes dy vendeve por p\u00ebrkundrazi kryeministri i vendit ton\u00eb u \u201cp\u00ebrkujdes\u201d q\u00eb t\u00eb thelloj\u00eb akoma edhe m\u00eb shum\u00eb krisjen e marr\u00ebdh\u00ebnieve diplomatike mes Shqip\u00ebris\u00eb dhe Greqis\u00eb.<\/p>\n<p>Ashtu si n\u00eb takimin e Athin\u00ebs disa muaj m\u00eb par\u00eb, Rama edhe n\u00eb Selanik vijoi me gjuh\u00ebn e tij t\u00eb ashp\u00ebr ndaj fqinj\u00ebve.<\/p>\n<ul>\n<li><strong>Ministria e Jashtme e Greqis\u00eb i p\u00ebrgjigjet Ram\u00ebs<\/strong><\/li>\n<\/ul>\n<p>Ministria e Jashtme e Greqis\u00eb ka reaguar pas deklaratave t\u00eb Edi Ram\u00ebs n\u00eb Selanik ku kryeministrit tha se \u201cVorio Epiri \u00ebsht\u00eb nj\u00eb term i vdekur\u201d.<\/p>\n<p>Ministria e Jashtme Greke n\u00eb reagim k\u00ebrkon respektim t\u00eb t\u00eb drejtave t\u00eb minoritetit etnik grek n\u00eb Shqip\u00ebri, si kusht p\u00ebr procesin e an\u00ebtar\u00ebsimit t\u00eb Shqip\u00ebris\u00eb n\u00eb BE. M\u00eb tej, Ministria e Jashtme k\u00ebrkon respektim t\u00eb t\u00eb drejtave t\u00eb minoritetit etnik grek n\u00eb Shqip\u00ebri, si kusht p\u00ebr procesin e an\u00ebtar\u00ebsimit t\u00eb Shqip\u00ebris\u00eb n\u00eb BE.<\/p>\n<p>\u201cHistoria midis dy vendeve nuk ndryshon\u201d, tha Ministria e Jashtme n\u00eb p\u00ebrgjigje t\u00eb deklaratave t\u00eb Ram\u00ebs, duke iu referuar fjal\u00ebs s\u00eb kryeministrit shqiptar kur tha se disa individ\u00eb ishin angazhuar n\u00eb protest\u00eb kund\u00ebr ardhjes s\u00eb tij, duke p\u00ebrdorur fletushka dhe parulla q\u00eb lidhen me termin e \u201cVorio Epirit\u201d.<\/p>\n<p>Media greke, \u201cProtothema\u201d shkruan se komentet e Ram\u00ebs erdh\u00ebn pasi disa njer\u00ebz, t\u00eb cil\u00ebt ai i p\u00ebrshkroi si \u201cfantazmat e s\u00eb kaluar\u00ebs\u201d, protestuan p\u00ebr pranin\u00eb e tij, duke p\u00ebrdorur flet\u00ebpalosje dhe slogane n\u00eb lidhje me Vorio Epirin.<\/p>\n<ul>\n<li><strong>Rama: Vorio Epiri \u00ebsht\u00eb nj\u00eb term i vdekur<\/strong><\/li>\n<\/ul>\n<p><img loading=\"lazy\" decoding=\"async\" class=\"alignnone size-medium wp-image-1463907\" src=\"https:\/\/boldnews.al\/wp-content\/uploads\/2024\/11\/Rama-750x441-1-640x376.jpg\" sizes=\"auto, (max-width: 640px) 100vw, 640px\" srcset=\"https:\/\/boldnews.al\/wp-content\/uploads\/2024\/11\/Rama-750x441-1-640x376.jpg 640w, https:\/\/boldnews.al\/wp-content\/uploads\/2024\/11\/Rama-750x441-1.jpg 750w\" alt=\"\" width=\"640\" height=\"376\" data-pin-no-hover=\"true\" \/><\/p>\n<p>N\u00eb Selanik Rama \u00ebsht\u00eb pritur me protesta nga grek\u00ebt nacionalist\u00eb, teksa gjat\u00eb fjalimit t\u00eb mbajtur, Rama b\u00ebri edhe \u201cviktim\u00ebn\u201d, duke th\u00ebn\u00eb se k\u00ebto dit\u00eb i kan\u00eb ardhur edhe k\u00ebrc\u00ebnime n\u00eb adres\u00eb t\u00eb tij.<\/p>\n<p>Kreu i qeveris\u00eb shqiptare e konsideroi Greqin\u00eb si nj\u00eb partner t\u00eb paz\u00ebvend\u00ebsuesh\u00ebm dhe nj\u00eb nga brinj\u00ebt e trek\u00ebnd\u00ebshit strategjik t\u00eb politik\u00ebs s\u00eb Jashtme, edhe pse duhet theksuar se ka patur p\u00ebrplasje t\u00eb shumta n\u00eb lidhje me \u00e7\u00ebshtjen e Fredi Belerit.<\/p>\n<p><em>\u201cDiku k\u00ebtu rreth e rrotull nj\u00eb grup fantazmash t\u00eb s\u00eb shkuar\u00ebs jan\u00eb angazhuar n\u00eb nj\u00eb protest\u00eb kund\u00ebr ardhjes time k\u00ebtu me fletushka dhe parulla qesharake t\u00eb frym\u00ebzuara nga i ashtuquajturi Vorio Epir, ata kan\u00eb b\u00ebr\u00eb dhe k\u00ebrc\u00ebnime n\u00eb adres\u00ebn time t\u00eb cilat mua vet\u00ebm m\u00eb shkaktojn\u00eb keqardhje. Vorio Epiri \u00ebsht\u00eb nj\u00eb term i vdekur me koh\u00eb e me vakt! Ka vdekur bashk\u00eb me \u00e7do \u00ebnd\u00ebrr t\u00eb lodhur t\u00eb qarqeve dhe individ\u00ebve t\u00eb dal\u00eb boje e kohe t\u00eb k\u00ebtyre an\u00ebve. Kush e p\u00ebrdor akoma k\u00ebt\u00eb term tregon drit\u00ebshkurt\u00ebsin\u00eb dhe pafuqin\u00eb e vet p\u00ebr t\u00eb jetuar n\u00eb shekullin 21. K\u00ebto jan\u00eb fosile p\u00ebr gjynah, nuk jan\u00eb nj\u00eb asnj\u00eb m\u00ebnyr\u00eb arsye q\u00eb t\u00eb ushqejn\u00eb brenda nesh ndjenja jo miq\u00ebsore ndaj Greqis\u00eb. P\u00ebr Shqip\u00ebrin\u00eb, Greqia \u00ebsht\u00eb nj\u00eb partner i paz\u00ebvend\u00ebsuesh\u00ebm, p\u00ebrb\u00ebn nj\u00eb nga brinj\u00ebt e trek\u00ebnd\u00ebshit strategjik t\u00eb politik\u00ebs s\u00eb jashtme. P\u00ebr shqiptar\u00ebt k\u00ebtu, Greqia \u00ebsht\u00eb sht\u00ebpia juaj, ku ju jeni sot qytetar\u00eb t\u00eb barabart\u00eb t\u00eb Europ\u00ebs, nj\u00ebsoj si grek\u00ebt, pa asnj\u00eb dallim. Ku peripecit\u00eb n\u00eb integrimin e plot\u00eb n\u00eb shoq\u00ebri, jan\u00eb kujtime dhe histori. Kujtime t\u00eb trishta, por edhe histori krenarie n\u00eb fuqin\u00eb historike t\u00eb ambicies t\u00eb prind\u00ebrve q\u00eb mor\u00ebn n\u00eb krah f\u00ebmij\u00ebt p\u00ebr t\u00eb ardhur k\u00ebtu p\u00ebr nj\u00eb jet\u00eb m\u00eb t\u00eb mir\u00eb\u201d, deklaroi Rama.<\/em><\/p>\n<ul>\n<li><strong>Grek\u00ebt e presin Ram\u00ebn n\u00eb Selanik me fotografin\u00eb e Kostandin Kacifasit<\/strong><\/li>\n<\/ul>\n<p><img loading=\"lazy\" decoding=\"async\" class=\"alignnone size-full wp-image-1463908\" src=\"https:\/\/boldnews.al\/wp-content\/uploads\/2024\/11\/640-0-9a2418a802747b6be1c9796161b30583-1.jpg\" alt=\"\" width=\"640\" height=\"351\" data-pin-no-hover=\"true\" \/><\/p>\n<p>Nacionalist\u00ebt grek\u00eb t\u00eb forcave ekstreme t\u00eb djathta e kan\u00eb pritur me protesta kryeministrin Edi Rama n\u00eb mitingun q\u00eb po mban n\u00eb Selanik n\u00eb kuad\u00ebr t\u00eb turit me diaspor\u00ebn.<\/p>\n<p>Mediat greke kan\u00eb nxjerr\u00eb pamje t\u00eb nj\u00eb grupi t\u00eb vog\u00ebl protestuesish q\u00eb mbajn\u00eb n\u00eb duar flamuj t\u00eb Vorio Epirit dhe fotografi t\u00eb Kostandinos Kacifas i vrar\u00eb nga policia n\u00eb Bularat t\u00eb Gjirokastr\u00ebs n\u00eb tetor t\u00eb 2018-\u00ebs.<\/p>\n<p>Protestuesit kan\u00eb varur pankarta me sloganin \u201cEdi Rama largohu\u201d dhe kan\u00eb hedhur slogane: \u201cRama jasht\u00eb Greqis\u00eb\u201d dhe \u201cKatsifas rron, ti na drejton\u201d. Tubimi i kryeministrit Rama po mbahet n\u00ebn masa t\u00eb forta sigurie.<\/p>\n<p><iframe loading=\"lazy\" title=\"YouTube video player\" src=\"https:\/\/www.youtube.com\/embed\/-WX1wd5yMgo?si=U-OBIWwaN3e7e39D\" width=\"560\" height=\"315\" frameborder=\"0\" allowfullscreen=\"allowfullscreen\" data-mce-fragment=\"1\"><\/iframe><\/p>\n<ul>\n<li><strong>Largoi shqiptar\u00ebt me politikat e tij, Rama n\u00eb Selanik u premton m\u00ebsues emigrant\u00ebve<\/strong><\/li>\n<\/ul>\n<p><img loading=\"lazy\" decoding=\"async\" class=\"alignnone size-medium wp-image-1463911\" src=\"https:\/\/boldnews.al\/wp-content\/uploads\/2024\/11\/Edi-Rama-greqi-640x411.jpg\" sizes=\"auto, (max-width: 640px) 100vw, 640px\" srcset=\"https:\/\/boldnews.al\/wp-content\/uploads\/2024\/11\/Edi-Rama-greqi-640x411.jpg 640w, https:\/\/boldnews.al\/wp-content\/uploads\/2024\/11\/Edi-Rama-greqi-1024x658.jpg 1024w, https:\/\/boldnews.al\/wp-content\/uploads\/2024\/11\/Edi-Rama-greqi-750x482.jpg 750w, https:\/\/boldnews.al\/wp-content\/uploads\/2024\/11\/Edi-Rama-greqi.jpg 1125w\" alt=\"\" width=\"640\" height=\"411\" data-pin-no-hover=\"true\" \/><\/p>\n<p>Politikat qeveris\u00ebse s\u00eb kryeministrit Edi Rama kan\u00eb b\u00ebr\u00eb q\u00eb qindra mij\u00ebra t\u00eb l\u00ebn\u00eb vendin n\u00eb nj\u00eb dekad\u00eb. P\u00ebr k\u00ebt\u00eb arsye qindra shkolla fshatrash u mbyll\u00ebn, nd\u00ebrsa edhe universitetet u boshatis\u00ebn.<\/p>\n<p>Nd\u00ebrsa sot Edi Rama n\u00eb takimin e tij n\u00eb Athin\u00eb k\u00ebrkon t\u00eb mashtroj\u00eb shqiptar\u00ebt q\u00eb p\u00ebrzuri vet\u00eb, duke u premtuar se do u gjej\u00eb m\u00ebsues p\u00ebr f\u00ebmij\u00ebt n\u00eb Greqi.<\/p>\n<p><em>\u201cShqiptar\u00eb t\u00eb Greqis\u00eb mir\u00eb se ju gjej p\u00ebrs\u00ebri k\u00ebt\u00eb her\u00eb n\u00eb Selanik dhe m\u00eb lejoni q\u00eb t\u2019ju prezantoj disa nga ne q\u00eb si\u00e7 e premtova pas takimit t\u00eb par\u00eb do t\u00eb na ndihmojn\u00eb t\u2019u q\u00ebndrojm\u00eb m\u00eb pran\u00eb f\u00ebmij\u00ebve tuaj p\u00ebr m\u00ebsimin e gjuh\u00ebs shqipe. Jan\u00eb 8 nga 50 m\u00ebsuesit e par\u00eb t\u00eb gjuh\u00ebs shqiptar\u00eb q\u00eb ministria do lidh\u00eb kontrat\u00eb pune p\u00ebr tu m\u00ebsuar gjuh\u00ebn amtare vog\u00eblush\u00ebve shqiptar\u00eb. Si\u00e7 mund ta merrni me mend jan\u00eb 8 gra\u201d, tha Rama.<\/em><\/p>\n<p>Por Rama si duket harron realitetin e hidhur n\u00eb vendin q\u00eb drejton, p\u00ebr shkak se shum\u00eb shkolla kan\u00eb ky\u00e7ur dyert, si pasoj\u00eb e shpopullimit dhe ikjeve masive t\u00eb familjeve shqiptare.<\/p>\n<p>T\u00eb dh\u00ebnat e fundit t\u00eb Census-it treguan nj\u00eb r\u00ebnie drastike t\u00eb popullsis\u00eb n\u00eb Shqip\u00ebrin\u00eb, q\u00eb ishte tkurrur n\u00eb 2 milion\u00eb banor\u00eb. Shpopullimi i popullsis\u00eb u soll n\u00eb v\u00ebmendje edhe nga Komiteti nd\u00ebrqeveritar p\u00ebr Marr\u00ebveshjen e Stabilizim Asocimit, ku u ngrit alarmi p\u00ebr ikjen e t\u00eb rinjve dhe jo vet\u00ebm.<\/p>\n<ul>\n<li><strong>Rama u p\u00ebrcoll me protesta n\u00eb Selanik, Berisha: Ja plas\u00ebn t\u00eb v\u00ebrtetat n\u00eb fytyr\u00eb<\/strong><\/li>\n<\/ul>\n<p><img loading=\"lazy\" decoding=\"async\" class=\"alignnone size-medium wp-image-1463854\" src=\"https:\/\/boldnews.al\/wp-content\/uploads\/2024\/11\/Screenshot_5-640x388.jpg\" sizes=\"auto, (max-width: 640px) 100vw, 640px\" srcset=\"https:\/\/boldnews.al\/wp-content\/uploads\/2024\/11\/Screenshot_5-640x388.jpg 640w, https:\/\/boldnews.al\/wp-content\/uploads\/2024\/11\/Screenshot_5-750x455.jpg 750w, https:\/\/boldnews.al\/wp-content\/uploads\/2024\/11\/Screenshot_5.jpg 864w\" alt=\"\" width=\"640\" height=\"388\" data-pin-no-hover=\"true\" \/><\/p>\n<p>Kryeministri Edi Rama zhvilloi nj\u00eb takim me shqiptar\u00ebt q\u00eb jetojn\u00eb n\u00eb Selanik, si pjes\u00eb e turit t\u00eb tij me diaspor\u00ebn.<\/p>\n<p>Jasht\u00eb ambienteve ku zhvillohej takimi, nj\u00eb grup prej disa shqiptar\u00ebsh q\u00eb jetojn\u00eb n\u00eb Greqi protestuan kund\u00ebr tij, duke shprehur pak\u00ebnaq\u00ebsin\u00eb ndaj qeverisjes s\u00eb Ram\u00ebs.<\/p>\n<p>Lideri i opozit\u00ebs, Sali Berisha, lidhur me k\u00ebt\u00eb, reagoi p\u00ebrmes nj\u00eb postimi n\u00eb Facebook, duke p\u00ebrg\u00ebzuar protestuesit p\u00ebr q\u00ebndrimin e tyre, dhe q\u00eb ia \u201cplas\u00ebn n\u00eb fytyr\u00eb\u201d mesazhin e tyre kryeministrit q\u00eb lideri i opozit\u00ebs e quan nj\u00eb \u00c7ubrillovi\u00e7 shqipfol\u00ebs.<\/p>\n<p><em>\u201cTani voten na kerkon nga Shqiperia na debon! Nderim protestuesve q\u00eb ia plas\u00ebn n\u00eb fytyr\u00eb Edi Ram\u00ebs, \u00c7ubrillovi\u00e7it shqipfol\u00ebs\u201d,<\/em>\u00a0shkruan Berisha teksa poston videon m\u00eb posht\u00eb:<\/p>\n<p><iframe loading=\"lazy\" src=\"https:\/\/www.facebook.com\/plugins\/video.php?href=https%3A%2F%2Fwww.facebook.com%2FSaliBerisha%2Fvideos%2F575113611663169%2F%3Fref%3Dembed_video&amp;show_text=0&amp;width=560\" width=\"560\" height=\"311\" frameborder=\"0\" scrolling=\"no\" allowfullscreen=\"allowfullscreen\" data-mce-fragment=\"1\"><\/iframe><\/p>\n","protected":false},"excerpt":{"rendered":"<p>Kryeministri Edi Rama zhvilloi k\u00ebt\u00eb t\u00eb diel nj\u00eb miting n\u00eb Selanik t\u00eb Greqis\u00eb, ku pretendon se sall\u00ebn e ka mbushur me shqiptar\u00eb t\u00eb k\u00ebtij qyteti, edhe pse denoncimet kan\u00eb qen\u00eb t\u00eb shumta se ai ka shp\u00ebrngulur t\u00eb gjith\u00eb administrat\u00ebn duke dhuruar \u201cshow\u201d n\u00eb vendin fqinj. Vizita e Ram\u00ebs n\u00eb Selanik nuk sh\u00ebrbeu p\u00ebr t\u00eb qet\u00ebsuar &hellip;<\/p>\n","protected":false},"author":4,"featured_media":93875,"comment_status":"closed","ping_status":"closed","sticky":false,"template":"","format":"standard","meta":{"footnotes":""},"categories":[37],"tags":[],"class_list":["post-93874","post","type-post","status-publish","format-standard","has-post-thumbnail","","category-politike"],"_links":{"self":[{"href":"https:\/\/rdnews.al\/index.php\/wp-json\/wp\/v2\/posts\/93874","targetHints":{"allow":["GET"]}}],"collection":[{"href":"https:\/\/rdnews.al\/index.php\/wp-json\/wp\/v2\/posts"}],"about":[{"href":"https:\/\/rdnews.al\/index.php\/wp-json\/wp\/v2\/types\/post"}],"author":[{"embeddable":true,"href":"https:\/\/rdnews.al\/index.php\/wp-json\/wp\/v2\/users\/4"}],"replies":[{"embeddable":true,"href":"https:\/\/rdnews.al\/index.php\/wp-json\/wp\/v2\/comments?post=93874"}],"version-history":[{"count":1,"href":"https:\/\/rdnews.al\/index.php\/wp-json\/wp\/v2\/posts\/93874\/revisions"}],"predecessor-version":[{"id":93876,"href":"https:\/\/rdnews.al\/index.php\/wp-json\/wp\/v2\/posts\/93874\/revisions\/93876"}],"wp:featuredmedia":[{"embeddable":true,"href":"https:\/\/rdnews.al\/index.php\/wp-json\/wp\/v2\/media\/93875"}],"wp:attachment":[{"href":"https:\/\/rdnews.al\/index.php\/wp-json\/wp\/v2\/media?parent=93874"}],"wp:term":[{"taxonomy":"category","embeddable":true,"href":"https:\/\/rdnews.al\/index.php\/wp-json\/wp\/v2\/categories?post=93874"},{"taxonomy":"post_tag","embeddable":true,"href":"https:\/\/rdnews.al\/index.php\/wp-json\/wp\/v2\/tags?post=93874"}],"curies":[{"name":"wp","href":"https:\/\/api.w.org\/{rel}","templated":true}]}}