{"id":93877,"date":"2024-11-04T09:04:45","date_gmt":"2024-11-04T09:04:45","guid":{"rendered":"https:\/\/rdnews.al\/?p=93877"},"modified":"2024-11-04T09:05:11","modified_gmt":"2024-11-04T09:05:11","slug":"93877","status":"publish","type":"post","link":"https:\/\/rdnews.al\/index.php\/2024\/11\/04\/93877\/","title":{"rendered":"Kosova ka \u00e7mimin m\u00eb t\u00eb lir\u00eb t\u00eb energjis\u00eb, Shqip\u00ebria m\u00eb t\u00eb shtrenjtin n\u00eb rajon"},"content":{"rendered":"<p>Qytetar\u00ebt e Kosov\u00ebs kan\u00eb paguar \u00e7mimin m\u00eb t\u00eb ul\u00ebt t\u00eb energjis\u00eb elektrike n\u00eb gjysm\u00ebn e par\u00eb t\u00eb vitit 2024, ose 7,4 euro p\u00ebr 100 kWh, sipas t\u00eb dh\u00ebnave t\u00eb Eurostatit.<\/p>\n<p>Pas Kosov\u00ebs, qytetar\u00ebt e Bosnj\u00ebs e Hercegovin\u00ebs kan\u00eb \u00e7mimin m\u00eb t\u00eb ul\u00ebt n\u00eb rajon, duke paguar mesatarisht 8,5 euro p\u00ebr 100 kWh.<\/p>\n<p>Bosnja e Hercegovina pasohet nga Mali i Zi, Maqedonia e Veriut, Serbia dhe Shqip\u00ebria.<\/p>\n<p>Qytetar\u00ebt kroat\u00eb paguajn\u00eb energjin\u00eb m\u00eb t\u00eb shtrenjt\u00eb n\u00eb rajon \u2013 14,7 euro, por edhe me at\u00eb shum\u00eb, Kroacia \u00ebsht\u00eb ende n\u00eb mesin e pes\u00eb vendeve t\u00eb BE-s\u00eb me \u00e7mimin m\u00eb t\u00eb ul\u00ebt.<\/p>\n<p>Sa p\u00ebr n\u00eb nivel t\u00eb Evrop\u00ebs, qytetar\u00ebt n\u00eb Gjermani kan\u00eb energjin\u00eb elektrike m\u00eb t\u00eb shtrenjt\u00eb, p\u00ebrkat\u00ebsisht 39,5 euro p\u00ebr 100 kWh.<\/p>\n<p><img loading=\"lazy\" decoding=\"async\" class=\"alignnone size-full wp-image-1463953\" src=\"https:\/\/boldnews.al\/wp-content\/uploads\/2024\/11\/Screenshot_7-1.jpg\" sizes=\"auto, (max-width: 598px) 100vw, 598px\" srcset=\"https:\/\/boldnews.al\/wp-content\/uploads\/2024\/11\/Screenshot_7-1.jpg 598w, https:\/\/boldnews.al\/wp-content\/uploads\/2024\/11\/Screenshot_7-1-160x160.jpg 160w, https:\/\/boldnews.al\/wp-content\/uploads\/2024\/11\/Screenshot_7-1-75x75.jpg 75w\" alt=\"\" width=\"598\" height=\"603\" data-pin-no-hover=\"true\" \/><\/p>\n<div class=\"jeg_post_tags\"><\/div>\n","protected":false},"excerpt":{"rendered":"<p>Qytetar\u00ebt e Kosov\u00ebs kan\u00eb paguar \u00e7mimin m\u00eb t\u00eb ul\u00ebt t\u00eb energjis\u00eb elektrike n\u00eb gjysm\u00ebn e par\u00eb t\u00eb vitit 2024, ose 7,4 euro p\u00ebr 100 kWh, sipas t\u00eb dh\u00ebnave t\u00eb Eurostatit. Pas Kosov\u00ebs, qytetar\u00ebt e Bosnj\u00ebs e Hercegovin\u00ebs kan\u00eb \u00e7mimin m\u00eb t\u00eb ul\u00ebt n\u00eb rajon, duke paguar mesatarisht 8,5 euro p\u00ebr 100 kWh. Bosnja e Hercegovina &hellip;<\/p>\n","protected":false},"author":4,"featured_media":93878,"comment_status":"closed","ping_status":"closed","sticky":false,"template":"","format":"standard","meta":{"footnotes":""},"categories":[37],"tags":[],"class_list":["post-93877","post","type-post","status-publish","format-standard","has-post-thumbnail","","category-politike"],"_links":{"self":[{"href":"https:\/\/rdnews.al\/index.php\/wp-json\/wp\/v2\/posts\/93877","targetHints":{"allow":["GET"]}}],"collection":[{"href":"https:\/\/rdnews.al\/index.php\/wp-json\/wp\/v2\/posts"}],"about":[{"href":"https:\/\/rdnews.al\/index.php\/wp-json\/wp\/v2\/types\/post"}],"author":[{"embeddable":true,"href":"https:\/\/rdnews.al\/index.php\/wp-json\/wp\/v2\/users\/4"}],"replies":[{"embeddable":true,"href":"https:\/\/rdnews.al\/index.php\/wp-json\/wp\/v2\/comments?post=93877"}],"version-history":[{"count":2,"href":"https:\/\/rdnews.al\/index.php\/wp-json\/wp\/v2\/posts\/93877\/revisions"}],"predecessor-version":[{"id":93880,"href":"https:\/\/rdnews.al\/index.php\/wp-json\/wp\/v2\/posts\/93877\/revisions\/93880"}],"wp:featuredmedia":[{"embeddable":true,"href":"https:\/\/rdnews.al\/index.php\/wp-json\/wp\/v2\/media\/93878"}],"wp:attachment":[{"href":"https:\/\/rdnews.al\/index.php\/wp-json\/wp\/v2\/media?parent=93877"}],"wp:term":[{"taxonomy":"category","embeddable":true,"href":"https:\/\/rdnews.al\/index.php\/wp-json\/wp\/v2\/categories?post=93877"},{"taxonomy":"post_tag","embeddable":true,"href":"https:\/\/rdnews.al\/index.php\/wp-json\/wp\/v2\/tags?post=93877"}],"curies":[{"name":"wp","href":"https:\/\/api.w.org\/{rel}","templated":true}]}}