{"id":93943,"date":"2024-11-04T11:54:48","date_gmt":"2024-11-04T11:54:48","guid":{"rendered":"https:\/\/rdnews.al\/?p=93943"},"modified":"2024-11-04T11:55:29","modified_gmt":"2024-11-04T11:55:29","slug":"kryemadhi-flet-pas-daljes-nga-spak-do-njoheni-me-te-vertetat-e-monika-kembesores","status":"publish","type":"post","link":"https:\/\/rdnews.al\/index.php\/2024\/11\/04\/kryemadhi-flet-pas-daljes-nga-spak-do-njoheni-me-te-vertetat-e-monika-kembesores\/","title":{"rendered":"Kryemadhi flet pas daljes nga SPAK: Do t\u00eb njiheni me t\u00eb v\u00ebrtetat e Monika K\u00ebmb\u00ebsores&#8230;"},"content":{"rendered":"<p><strong>Deputetja e Partis\u00eb s\u00eb Liris\u00eb, Monika Kryemadhi, ka dal\u00eb nga SPAK, ku u paraqit paraditen sotme n\u00eb kuad\u00ebr t\u00eb zbatimit t\u00eb mas\u00ebs s\u00eb siguris\u00eb \u201cdetyrim paraqitje\u201d t\u00eb vendosur ndaj saj\u00a0nga GJKKO.<\/strong><\/p>\n<p>N\u00eb nj\u00eb prononcim p\u00ebr shkurt\u00ebr p\u00ebr mediat, Kryemadhi ironizoi duke th\u00ebn\u00eb se\u00a0<em>\u201cdo njiheni me t\u00eb v\u00ebrtetat e Monika k\u00ebmb\u00ebsores dhe t\u00eb sateliteve t\u00eb Shqip\u00ebris\u00eb\u201d,<\/em>\u00a0nd\u00ebrsa shtoi se ka evidentuar nj\u00eb s\u00ebr\u00eb shkeljesh ligjore nga organi akuz\u00ebs.<\/p>\n<p>Nd\u00ebr t\u00eb tjera ajo tha se nuk ka asnj\u00eb komunikim me ish-bashk\u00ebshortin e saj, Ilir Met\u00ebn, i cili ndodhet n\u00eb paraburgim.<\/p>\n<p><b>&#8220;<\/b>Un\u00eb jam nj\u00eb individ dhe politikane q\u00eb vendos t\u00eb p\u00ebrballem dhe me padrejt\u00ebsit\u00eb q\u00eb beh\u00ebn. Po bej mbrojtjen time ligjore p\u00ebr pretendimet e SPAK ndaj meje. Kam evidentuar nj\u00eb s\u00ebr\u00eb shkeljesh ligjore nga organi akuz\u00ebs, q\u00eb do kund\u00ebrshtohen dhe do u v\u00ebrtetojn\u00eb shqiptar\u00ebve t\u00eb kund\u00ebrt\u00ebn e asaj q\u00eb thuhet.<\/p>\n<p>Do njiheni me t\u00eb v\u00ebrtetat e Monika k\u00ebmb\u00ebsores dhe t\u00eb sateliteve t\u00eb Shqip\u00ebris\u00eb. Duroni se do t\u00eb informoheni p\u00ebr t\u00eb gjitha. Do tregohet se sa i v\u00ebrtet\u00eb \u00ebsht\u00eb i gjith\u00eb procesi. Me Ilir Met\u00ebn s\u2019ka asnj\u00eb komunikim&#8221;, tha Kryemadhi.<\/p>\n<p>Kujtojm\u00eb\u00a0se Monika Kryemadhi ankimoi n\u00eb Apelin e Posa\u00e7\u00ebm vendimin p\u00ebr mas\u00ebn e siguris\u00eb, detyrim paraqitje. Kryemadhi e ka dor\u00ebzuar ankimim p\u00ebrmes post\u00ebs t\u00eb shtun\u00ebn, nd\u00ebrsa po hetohet p\u00ebr tre akuza, pastrim parash, korrupsion dhe mosdeklarim t\u00eb ardhurash.<\/p>\n<p>Nd\u00ebrkoh\u00eb pritet q\u00eb Ish-presidenti Ilir Meta do ta dor\u00ebzoj\u00eb k\u00ebt\u00eb t\u00eb h\u00ebn\u00eb ankimimin kund\u00ebr vendimit t\u00eb arrestit me burg.<\/p>\n<p>M\u00eb 23 tetor, Gjykata la n\u00eb fuqi mas\u00ebn \u201cdetyrim p\u00ebr t\u2019u paraqitur n\u00eb policin\u00eb gjyq\u00ebsore\u201d t\u00eb caktuar ndaj deputetes Monika Kryemadhi, p\u00ebr t\u00eb nj\u00ebjtat vepra penale, si dhe ndaj t\u00eb hetuar\u00ebs Ema \u00c7oku, p\u00ebr pastrim parash.<\/p>\n<p>Nd\u00ebrkoh\u00eb, u z\u00ebvend\u00ebsua masa e sigurimit personal ndaj Piro Xhixhos, i hetuar p\u00ebr korrupsion pasiv, nga \u201carrest n\u00eb sht\u00ebpi\u201d n\u00eb \u201cdetyrim p\u00ebr t\u2019u paraqitur n\u00eb policin\u00eb gjyq\u00ebsore\u201d. T\u00eb tre t\u00eb hetuarit n\u00ebn mas\u00ebn e sigurimit \u201cdetyrim paraqitje\u201d urdh\u00ebrohen t\u00eb paraqiten nj\u00eb her\u00eb n\u00eb muaj n\u00eb zyrat e Policis\u00eb Gjyq\u00ebsore t\u00eb SPAK.<\/p>\n","protected":false},"excerpt":{"rendered":"<p>Deputetja e Partis\u00eb s\u00eb Liris\u00eb, Monika Kryemadhi, ka dal\u00eb nga SPAK, ku u paraqit paraditen sotme n\u00eb kuad\u00ebr t\u00eb zbatimit t\u00eb mas\u00ebs s\u00eb siguris\u00eb \u201cdetyrim paraqitje\u201d t\u00eb vendosur ndaj saj\u00a0nga GJKKO. N\u00eb nj\u00eb prononcim p\u00ebr shkurt\u00ebr p\u00ebr mediat, Kryemadhi ironizoi duke th\u00ebn\u00eb se\u00a0\u201cdo njiheni me t\u00eb v\u00ebrtetat e Monika k\u00ebmb\u00ebsores dhe t\u00eb sateliteve t\u00eb Shqip\u00ebris\u00eb\u201d,\u00a0nd\u00ebrsa &hellip;<\/p>\n","protected":false},"author":4,"featured_media":93944,"comment_status":"closed","ping_status":"closed","sticky":false,"template":"","format":"standard","meta":{"footnotes":""},"categories":[37],"tags":[],"class_list":["post-93943","post","type-post","status-publish","format-standard","has-post-thumbnail","","category-politike"],"_links":{"self":[{"href":"https:\/\/rdnews.al\/index.php\/wp-json\/wp\/v2\/posts\/93943","targetHints":{"allow":["GET"]}}],"collection":[{"href":"https:\/\/rdnews.al\/index.php\/wp-json\/wp\/v2\/posts"}],"about":[{"href":"https:\/\/rdnews.al\/index.php\/wp-json\/wp\/v2\/types\/post"}],"author":[{"embeddable":true,"href":"https:\/\/rdnews.al\/index.php\/wp-json\/wp\/v2\/users\/4"}],"replies":[{"embeddable":true,"href":"https:\/\/rdnews.al\/index.php\/wp-json\/wp\/v2\/comments?post=93943"}],"version-history":[{"count":2,"href":"https:\/\/rdnews.al\/index.php\/wp-json\/wp\/v2\/posts\/93943\/revisions"}],"predecessor-version":[{"id":93946,"href":"https:\/\/rdnews.al\/index.php\/wp-json\/wp\/v2\/posts\/93943\/revisions\/93946"}],"wp:featuredmedia":[{"embeddable":true,"href":"https:\/\/rdnews.al\/index.php\/wp-json\/wp\/v2\/media\/93944"}],"wp:attachment":[{"href":"https:\/\/rdnews.al\/index.php\/wp-json\/wp\/v2\/media?parent=93943"}],"wp:term":[{"taxonomy":"category","embeddable":true,"href":"https:\/\/rdnews.al\/index.php\/wp-json\/wp\/v2\/categories?post=93943"},{"taxonomy":"post_tag","embeddable":true,"href":"https:\/\/rdnews.al\/index.php\/wp-json\/wp\/v2\/tags?post=93943"}],"curies":[{"name":"wp","href":"https:\/\/api.w.org\/{rel}","templated":true}]}}