{"id":93956,"date":"2024-11-04T12:14:59","date_gmt":"2024-11-04T12:14:59","guid":{"rendered":"https:\/\/rdnews.al\/?p=93956"},"modified":"2024-11-04T12:14:59","modified_gmt":"2024-11-04T12:14:59","slug":"berisha-pensionet-jane-shume-me-te-uleta-ne-krahasim-me-rajonin-ne-vitin-2013-ishin-me-te-lartat","status":"publish","type":"post","link":"https:\/\/rdnews.al\/index.php\/2024\/11\/04\/berisha-pensionet-jane-shume-me-te-uleta-ne-krahasim-me-rajonin-ne-vitin-2013-ishin-me-te-lartat\/","title":{"rendered":"Berisha: Pensionet jan\u00eb shum\u00eb m\u00eb t\u00eb ul\u00ebta n\u00eb krahasim me rajonin! N\u00eb vitin 2013 ishin m\u00eb t\u00eb lartat"},"content":{"rendered":"<p>\u201cPensionet n\u00eb Shqip\u00ebri jan\u00eb shum\u00eb m\u00eb t\u00eb t\u00eb ul\u00ebta n\u00eb krahasim me rajonin, nd\u00ebrkoh\u00eb q\u00eb n\u00eb vitin 2013 ishin m\u00eb t\u00eb lartat\u201d. Kjo \u00ebsht\u00eb nj\u00eb pjes\u00eb nga deklaratat e kreut t\u00eb PD Berisha gjat\u00eb nj\u00eb dalje p\u00ebr mediat.<\/p>\n<p>\u201cMeq\u00eb jam tek pensionist\u00ebt dhe meqen\u00ebse Edi Rama del si sharlatan me tabela n\u00ebp\u00ebr studio, duhet t\u2019u them pensionist\u00ebve dy gj\u00ebra.<\/p>\n<p>S\u00eb pari, nj\u00eb mashtrues ordiner ndaj tyre p\u00ebrpiqet si spekulant i turpsh\u00ebm t\u00eb paraqes\u00eb nj\u00eb diferenc\u00eb pensionesh midis vitit 2013 dhe vitit 2023 prej 80 eurosh.<\/p>\n<p>Nj\u00eb g\u00ebnjeshtar i paskrupullt.<\/p>\n<p>\u00c7do pensionist ka marr\u00eb n\u00eb vitin 2013, mesatar 143 mij\u00eb lek\u00eb.<\/p>\n<p>Ka pasur nj\u00eb pension minimal prej 36 mij\u00eb lek\u00eb, ky pension ka arritur n\u00eb 80 mij\u00eb lek\u00eb.<\/p>\n<p>Por p\u00ebr nj\u00eb g\u00ebnjeshtar q\u00eb nuk njeh kufi me moton \u2018kur vjedh, je i aft\u00eb t\u00eb thuash \u00e7do gj\u00eb\u2019, edhe ky b\u00ebn sikur shqiptar\u00ebt i marrin rrogat me euro.<\/p>\n<p>Por, nj\u00eb euro n\u00eb vitin 2013 ishte dy her\u00eb me e fort\u00eb se sot.<\/p>\n<p>\u00c7mimet jan\u00eb t\u00eb pakt\u00ebn 50-100 p\u00ebrqind m\u00eb t\u00eb larta dhe n\u00eb qoft\u00eb se n\u00eb vitin 2013, pensionet n\u00eb Shqip\u00ebri ishin m\u00eb t\u00eb lartat, sikund\u00ebr edhe rrogat n\u00eb rajon, sot pensioni mesatar n\u00eb Maqedoni \u00ebsht\u00eb 405 euro, 205 p\u00ebrqind m\u00eb shum\u00eb se n\u00eb Shqip\u00ebri.<\/p>\n<p>N\u00eb Malin e Zi \u00ebsht\u00eb 450 euro apo 280 p\u00ebrqind m\u00eb shum\u00eb se pensioni mesatar n\u00eb Shqip\u00ebri.<\/p>\n<p>N\u00eb Serbi \u00ebsht\u00eb 440 euro ose 270 p\u00ebrqind m\u00eb shum\u00eb se pensioni mestar n\u00eb Shqip\u00ebri.<\/p>\n<p>N\u00eb Bosnje \u00ebsht\u00eb 340 euro ose 210 p\u00ebrqind e pensionit n\u00eb Shqip\u00ebri.<\/p>\n<p>Pensioni n\u00eb Kosov\u00eb \u00ebsht\u00eb 19 p\u00ebrqind m\u00eb i lart\u00eb se n\u00eb Shqip\u00ebri.<\/p>\n<p>\u00c7mimet n\u00eb k\u00ebto vende jan\u00eb 50 deri n\u00eb 100 p\u00ebrqind m\u00eb t\u00eb ul\u00ebta se n\u00eb Shqip\u00ebri.<\/p>\n<p>Besoj se ky buxhet nuk ka nevoj\u00eb p\u00ebr komente t\u00eb tjera, por mund t\u00eb vler\u00ebsohet si buxheti i vjedhjeve m\u00eb t\u00eb m\u00ebdha n\u00eb histori.<\/p>\n<p>Si buxheti i varf\u00ebrimit dhe mjerimit m\u00eb t\u00eb madh n\u00eb histori.<\/p>\n<p>Si buxheti i d\u00ebbimit t\u00eb shqiptar\u00ebve m\u00eb shum\u00eb se \u00e7do buxhet tjet\u00ebr n\u00eb historin\u00eb e vendit\u201d, tha Berisha.<\/p>\n","protected":false},"excerpt":{"rendered":"<p>\u201cPensionet n\u00eb Shqip\u00ebri jan\u00eb shum\u00eb m\u00eb t\u00eb t\u00eb ul\u00ebta n\u00eb krahasim me rajonin, nd\u00ebrkoh\u00eb q\u00eb n\u00eb vitin 2013 ishin m\u00eb t\u00eb lartat\u201d. Kjo \u00ebsht\u00eb nj\u00eb pjes\u00eb nga deklaratat e kreut t\u00eb PD Berisha gjat\u00eb nj\u00eb dalje p\u00ebr mediat. \u201cMeq\u00eb jam tek pensionist\u00ebt dhe meqen\u00ebse Edi Rama del si sharlatan me tabela n\u00ebp\u00ebr studio, duhet t\u2019u &hellip;<\/p>\n","protected":false},"author":4,"featured_media":93395,"comment_status":"closed","ping_status":"closed","sticky":false,"template":"","format":"standard","meta":{"footnotes":""},"categories":[37],"tags":[],"class_list":["post-93956","post","type-post","status-publish","format-standard","has-post-thumbnail","","category-politike"],"_links":{"self":[{"href":"https:\/\/rdnews.al\/index.php\/wp-json\/wp\/v2\/posts\/93956","targetHints":{"allow":["GET"]}}],"collection":[{"href":"https:\/\/rdnews.al\/index.php\/wp-json\/wp\/v2\/posts"}],"about":[{"href":"https:\/\/rdnews.al\/index.php\/wp-json\/wp\/v2\/types\/post"}],"author":[{"embeddable":true,"href":"https:\/\/rdnews.al\/index.php\/wp-json\/wp\/v2\/users\/4"}],"replies":[{"embeddable":true,"href":"https:\/\/rdnews.al\/index.php\/wp-json\/wp\/v2\/comments?post=93956"}],"version-history":[{"count":1,"href":"https:\/\/rdnews.al\/index.php\/wp-json\/wp\/v2\/posts\/93956\/revisions"}],"predecessor-version":[{"id":93957,"href":"https:\/\/rdnews.al\/index.php\/wp-json\/wp\/v2\/posts\/93956\/revisions\/93957"}],"wp:featuredmedia":[{"embeddable":true,"href":"https:\/\/rdnews.al\/index.php\/wp-json\/wp\/v2\/media\/93395"}],"wp:attachment":[{"href":"https:\/\/rdnews.al\/index.php\/wp-json\/wp\/v2\/media?parent=93956"}],"wp:term":[{"taxonomy":"category","embeddable":true,"href":"https:\/\/rdnews.al\/index.php\/wp-json\/wp\/v2\/categories?post=93956"},{"taxonomy":"post_tag","embeddable":true,"href":"https:\/\/rdnews.al\/index.php\/wp-json\/wp\/v2\/tags?post=93956"}],"curies":[{"name":"wp","href":"https:\/\/api.w.org\/{rel}","templated":true}]}}