{"id":9399,"date":"2022-04-13T21:07:42","date_gmt":"2022-04-13T21:07:42","guid":{"rendered":"https:\/\/rdnews.al\/?p=9399"},"modified":"2022-04-13T21:07:42","modified_gmt":"2022-04-13T21:07:42","slug":"berisha-raporti-i-dash-radiografi-e-plote-e-regjimit-te-edi-rames","status":"publish","type":"post","link":"https:\/\/rdnews.al\/index.php\/2022\/04\/13\/berisha-raporti-i-dash-radiografi-e-plote-e-regjimit-te-edi-rames\/","title":{"rendered":"Berisha: Raporti i DASH, radiografi e plot\u00eb e regjimit t\u00eb Edi Ram\u00ebs"},"content":{"rendered":"<p>Ish-Kryeministri Sali Berisha ka komentuar pas mbledhjes me Komisionin e Rithemelimit n\u00eb selin\u00eb e PD raportin e DASH p\u00ebr Shqip\u00ebrin\u00eb, ku theksohej se korrupsioni \u00ebsht\u00eb i shtrir\u00eb n\u00eb \u00e7do qeliz\u00eb t\u00eb qeverisjes.<\/p>\n<p>Berisha theksoi raporti i DASH \u00ebsht\u00eb nj\u00eb radiografi e plot\u00eb e regjimit t\u00eb Edi Ram\u00ebs. Nd\u00ebr t\u00eb tjera ish-kryeministri Berisha u shpreh se raporti i DASH pasqyronte problemin e munges\u00ebs p\u00ebr shqiptar\u00ebt t\u00eb nj\u00eb t\u00eb drejte themelore q\u00eb \u00ebsht\u00eb procesi i duhur gjyq\u00ebsor.<\/p>\n<p><strong>Pyetje<\/strong>: Si e gjykoni raportin e DASH, mjaft kritik p\u00ebr Shqip\u00ebrin\u00eb?<\/p>\n<p><strong>Sali Berisha:<\/strong>\u00a0Un\u00eb vler\u00ebsoj shum\u00eb raportin dhe mendoj se ka trajtuar n\u00eb m\u00ebnyr\u00ebn objektive problemet madhore t\u00eb k\u00ebtij vendi.<\/p>\n<p>Ka b\u00ebr\u00eb nj\u00eb radiografi t\u00eb plot\u00eb t\u00eb k\u00ebsaj qeverie n\u00eb rrafshin e t\u00eb drejtave t\u00eb njeriut, n\u00eb rrafshin e korrupsionit, n\u00eb rrafshin e luft\u00ebs kund\u00ebr kriminalitetit. Un\u00eb e gjej at\u00eb nj\u00eb dokument shum\u00eb t\u00eb vyer dhe t\u00eb dobish\u00ebm p\u00ebr t\u00eb gjith\u00eb ata q\u00eb jan\u00eb t\u00eb interesuar p\u00ebr ndryshimin e gjendjes n\u00eb k\u00ebt\u00eb vend.<\/p>\n<p>Pasqyronte problematik\u00ebn e madhe t\u00eb incenerator\u00ebve. E keni parasysh q\u00eb \u00ebsht\u00eb nj\u00eb \u00e7\u00ebshtje e cila mbart veprimtarin\u00eb e nj\u00eb organizate kriminale. Pasqyronte problemin e munges\u00ebs p\u00ebr shqiptar\u00ebt t\u00eb nj\u00eb t\u00eb drejte themelore q\u00eb \u00ebsht\u00eb procesi i duhur gjyq\u00ebsor.<\/p>\n<p>Pra, nuk mjafton vet\u00ebm transparenca p\u00ebr nj\u00eb proces por edhe koha e duhur. E v\u00ebrteta \u00ebsht\u00eb se me 100 e ca mij\u00eb dosje, t\u00eb pakt\u00ebn 30-40 mij\u00eb qytetar\u00eb shqiptar\u00eb mund t\u00eb mos marrin kurr\u00eb vendimin nga drejt\u00ebsia shqiptare dhe dhjet\u00ebra e mij\u00ebra t\u00eb tjer\u00eb e marrin at\u00eb n\u00eb nj\u00eb koh\u00eb kur nuk sh\u00ebrben m\u00eb.<\/p>\n<p>Plus miliarda, 5-6 miliard\u00eb euro p\u00ebr \u00e7\u00ebshtjet civile q\u00eb vendi dhe shoq\u00ebria shqiptare humbet. Probleme k\u00ebto t\u00eb ngritura, n\u00eb m\u00ebnyr\u00ebn m\u00eb t\u00eb fuqishme, q\u00eb nga viti 2016 e deri sot.<\/p>\n<p>Kur ne kund\u00ebrshtonim Vettingun nga lart posht\u00eb, ne kund\u00ebrshtonim sepse ai asgj\u00ebsoi p\u00ebr 4 vite shtetin ligjor. Nuk ka shtet ligjor pa institucione kryesore t\u00eb drejt\u00ebsis\u00eb. E kund\u00ebrshtuam sepse me vakumin do t\u00eb krijonte k\u00ebt\u00eb katastrof\u00eb dosjesh q\u00eb ka krijuar dhe q\u00eb faktikisht Shqip\u00ebria, shum\u00eb shpejt, do t\u00eb b\u00ebhet nj\u00eb problem madhor p\u00ebr Strasburgun, pasi qytetar\u00ebt shqiptar\u00eb do t&#8217;i drejtohen k\u00ebsaj gjykate p\u00ebr shkak t\u00eb munges\u00ebs s\u00eb qart\u00eb t\u00eb procesit t\u00eb duhur ligjor n\u00eb vendin e tyre.<\/p>\n<p>Ishte nj\u00eb raport t\u00eb cilin e p\u00ebrsh\u00ebndes p\u00ebrzem\u00ebrsisht dhe m\u00eb vjen shum\u00eb mir\u00eb, sepse renditeshin t\u00eb gjitha \u00e7\u00ebshtjet, nj\u00eb radiografi e plot\u00eb e regjimit t\u00eb sot\u00ebm.<\/p>\n","protected":false},"excerpt":{"rendered":"<p>Ish-Kryeministri Sali Berisha ka komentuar pas mbledhjes me Komisionin e Rithemelimit n\u00eb selin\u00eb e PD raportin e DASH p\u00ebr Shqip\u00ebrin\u00eb, ku theksohej se korrupsioni \u00ebsht\u00eb i shtrir\u00eb n\u00eb \u00e7do qeliz\u00eb t\u00eb qeverisjes. Berisha theksoi raporti i DASH \u00ebsht\u00eb nj\u00eb radiografi e plot\u00eb e regjimit t\u00eb Edi Ram\u00ebs. Nd\u00ebr t\u00eb tjera ish-kryeministri Berisha u shpreh se &hellip;<\/p>\n","protected":false},"author":4,"featured_media":7945,"comment_status":"open","ping_status":"open","sticky":false,"template":"","format":"standard","meta":{"footnotes":""},"categories":[37],"tags":[],"class_list":["post-9399","post","type-post","status-publish","format-standard","has-post-thumbnail","","category-politike"],"_links":{"self":[{"href":"https:\/\/rdnews.al\/index.php\/wp-json\/wp\/v2\/posts\/9399","targetHints":{"allow":["GET"]}}],"collection":[{"href":"https:\/\/rdnews.al\/index.php\/wp-json\/wp\/v2\/posts"}],"about":[{"href":"https:\/\/rdnews.al\/index.php\/wp-json\/wp\/v2\/types\/post"}],"author":[{"embeddable":true,"href":"https:\/\/rdnews.al\/index.php\/wp-json\/wp\/v2\/users\/4"}],"replies":[{"embeddable":true,"href":"https:\/\/rdnews.al\/index.php\/wp-json\/wp\/v2\/comments?post=9399"}],"version-history":[{"count":0,"href":"https:\/\/rdnews.al\/index.php\/wp-json\/wp\/v2\/posts\/9399\/revisions"}],"wp:featuredmedia":[{"embeddable":true,"href":"https:\/\/rdnews.al\/index.php\/wp-json\/wp\/v2\/media\/7945"}],"wp:attachment":[{"href":"https:\/\/rdnews.al\/index.php\/wp-json\/wp\/v2\/media?parent=9399"}],"wp:term":[{"taxonomy":"category","embeddable":true,"href":"https:\/\/rdnews.al\/index.php\/wp-json\/wp\/v2\/categories?post=9399"},{"taxonomy":"post_tag","embeddable":true,"href":"https:\/\/rdnews.al\/index.php\/wp-json\/wp\/v2\/tags?post=9399"}],"curies":[{"name":"wp","href":"https:\/\/api.w.org\/{rel}","templated":true}]}}