{"id":9401,"date":"2022-04-13T21:09:26","date_gmt":"2022-04-13T21:09:26","guid":{"rendered":"https:\/\/rdnews.al\/?p=9401"},"modified":"2022-04-13T21:12:31","modified_gmt":"2022-04-13T21:12:31","slug":"berisha-telefoni-i-prishur-i-enkelejdit-nuk-e-ndal-dot-kete-proces-po-ecim-drejt-kuvendit-te-30-prillit","status":"publish","type":"post","link":"https:\/\/rdnews.al\/index.php\/2022\/04\/13\/berisha-telefoni-i-prishur-i-enkelejdit-nuk-e-ndal-dot-kete-proces-po-ecim-drejt-kuvendit-te-30-prillit\/","title":{"rendered":"Berisha: Telefoni i prishur i Enkelejdit nuk e ndal dot k\u00ebt\u00eb proces! Po ecim drejt Kuvendit t\u00eb 30 prillit"},"content":{"rendered":"<p>Ish-Kryeministri Sali Berisha ka hedhur akuza t\u00eb r\u00ebnda n\u00eb drejtim t\u00eb Enkelejd Alibeaj, se po tenton t\u00eb ndaloj\u00eb zhvillimin e Kuvendit t\u00eb 30 prillit.<\/p>\n<p>Berisha ka thekuar se telefonatat e Alibeajt ndaj personave t\u00eb caktuar duke i k\u00ebrkuar t\u00eb mos bashk\u00ebpunojn\u00eb, nuk do tja dalin ta ndalin procesin drejt Kuvendit t\u00eb 30 prillit.<\/p>\n<p>\u2018Telefoni i prishur i Enkelejdit q\u00eb marrin persona t\u00eb caktuar dhe u thon\u00eb q\u00eb t\u00eb mos bashk\u00ebpunojn\u00eb nuk po e pengon dot k\u00ebt\u00eb proces, po ec\u00ebn mjaft mir\u00eb\u2019, theksoi Berisha.<\/p>\n<p><strong>Berisha:\u00a0<\/strong>U diskutua gjer\u00ebsisht mbi ecurin\u00eb e procesit deri tani. U vendos q\u00eb auditi t\u00eb funksionoj\u00eb n\u00eb t\u00ebr\u00eb procesin. Fryma e pajtimit dhe bashk\u00ebpunimit n\u00eb baz\u00eb \u00ebsht\u00eb me t\u00eb v\u00ebrtet\u00eb shum\u00eb e mir\u00eb. Telefoni i prishur i Enkelejdit q\u00eb marrin persona t\u00eb caktuar dhe u thon\u00eb q\u00eb t\u00eb mos bashk\u00ebpunojn\u00eb nuk po e pengon dot k\u00ebt\u00eb proces, po ec\u00ebn mjaft mir\u00eb. Shqet\u00ebsimet e ligjshme t\u00eb deputet\u00ebve objektive q\u00eb u ngrit\u00ebn p\u00ebr defekte t\u00eb caktuara n\u00eb deg\u00eb t\u00eb caktuara do merren masa q\u00eb t\u00eb korrigjohen dhe t\u00eb zgjidhen, t&#8217;u jepet zgjidhje. Pra, mund t\u00eb them se po ecet drejt Kuvendit me transparenc\u00eb t\u00eb madhe dhe ecuri t\u00eb mbar\u00eb.<\/p>\n<p><strong>Sali Berisha:\u00a0<\/strong>Mbledhja p\u00ebrfundoi. U diskutua gjer\u00ebsisht mbi ecurin\u00eb e procesit deri tani. U vendos q\u00eb auditi t\u00eb funksionoj\u00eb n\u00eb t\u00ebr\u00eb procesin. Fryma e pajtimit dhe bashk\u00ebpunimit n\u00eb baz\u00eb \u00ebsht\u00eb me t\u00eb v\u00ebrtet\u00eb shum\u00eb e mir\u00eb. Telefoni i prishur i Enkelejdit q\u00eb marrin persona t\u00eb caktuar dhe u thon\u00eb q\u00eb t\u00eb mos bashk\u00ebpunojn\u00eb nuk po e pengon dot k\u00ebt\u00eb proces, po ec\u00ebn mjaft mir\u00eb. Shqet\u00ebsimet e ligjshme t\u00eb deputet\u00ebve objektive q\u00eb u ngrit\u00ebn p\u00ebr defekte t\u00eb caktuara n\u00eb deg\u00eb t\u00eb caktuara do merren masa q\u00eb t\u00eb korrigjohen dhe t\u00eb zgjidhen, t&#8217;u jepet zgjidhje. Pra, mund t\u00eb them se po ecet drejt Kuvendit me transparenc\u00eb t\u00eb madhe dhe ecuri t\u00eb mbar\u00eb.<\/p>\n<p><strong>Pyetje:<\/strong>\u00a0Cila deg\u00eb ka patur problematika?<\/p>\n<p><strong>Sali Berisha:\u00a0<\/strong>Ka patur n\u00eb Lushnje. Ka patur nj\u00eb problem q\u00eb do t\u00eb zgjidhet. Para fillimit t\u00eb fushat\u00ebs kan\u00eb b\u00ebr\u00eb nj\u00eb ujdi q\u00eb ka funksionuar p\u00ebr fushat\u00ebn, por tani vota dhe vet\u00ebm vota. Jo vet\u00ebm aty. Un\u00eb dhash\u00eb nj\u00eb shembull, por shembuj t\u00eb tjer\u00eb, si deg\u00eb, mund t\u00eb ket\u00eb edhe n\u00eb segmente t\u00eb caktuar akudo q\u00eb procesi vijon. P.sh, Lefter G\u00ebshtenja q\u00eb \u00ebsht\u00eb kryetar i deg\u00ebs 7 shprehu dje nj\u00eb mendim me t\u00eb cilin ata q\u00eb kan\u00eb punuar n\u00eb at\u00eb deg\u00eb nuk jan\u00eb dakord, por nuk e hedhin krejt\u00ebsisht posht\u00eb. \u00ebsht\u00eb r\u00ebn\u00eb dakord q\u00eb t\u00eb ulen dhe t\u00eb shqyrtojn\u00eb me audit nj\u00eb p\u00ebr nj\u00eb dhe aty ku gjenden parregullsi aty t\u00eb nd\u00ebrhyhet dhe t\u00eb korrigjohet. Ka nj\u00eb vullnet t\u00eb hekurt p\u00ebr nj\u00eb transparenc\u00eb t\u00eb plot\u00eb. Dhe kjo \u00ebsht\u00eb ajo q\u00eb dominon.<\/p>\n<p><strong>Pyetje:\u00a0<\/strong>Po pjes\u00ebmarrja e demokrat\u00ebve si ka qen\u00eb n\u00eb k\u00ebto zgjedhje, n\u00eb ato deg\u00eb q\u00eb jan\u00eb zhvilluar deri n\u00eb k\u00ebto momente nga raportimi q\u00eb pat\u00ebt?<\/p>\n<p><strong>Sali Berisha:<\/strong>\u00a0Pjes\u00ebmarrja n\u00eb disa prej tyre ka qen\u00eb m\u00eb e madhja ndonj\u00ebher\u00eb, n\u00eb disa t\u00eb tjera m\u00eb e vog\u00ebl, por pjes\u00ebmarrja nuk \u00ebsht\u00eb detyrim statutor q\u00eb duhet t\u00eb votojn\u00eb patjet\u00ebr, gj\u00eb q\u00eb e b\u00ebn fakultative pjes\u00ebmarrjen.<\/p>\n","protected":false},"excerpt":{"rendered":"<p>Ish-Kryeministri Sali Berisha ka hedhur akuza t\u00eb r\u00ebnda n\u00eb drejtim t\u00eb Enkelejd Alibeaj, se po tenton t\u00eb ndaloj\u00eb zhvillimin e Kuvendit t\u00eb 30 prillit. Berisha ka thekuar se telefonatat e Alibeajt ndaj personave t\u00eb caktuar duke i k\u00ebrkuar t\u00eb mos bashk\u00ebpunojn\u00eb, nuk do tja dalin ta ndalin procesin drejt Kuvendit t\u00eb 30 prillit. \u2018Telefoni i &hellip;<\/p>\n","protected":false},"author":4,"featured_media":9313,"comment_status":"open","ping_status":"open","sticky":false,"template":"","format":"standard","meta":{"footnotes":""},"categories":[37],"tags":[],"class_list":["post-9401","post","type-post","status-publish","format-standard","has-post-thumbnail","","category-politike"],"_links":{"self":[{"href":"https:\/\/rdnews.al\/index.php\/wp-json\/wp\/v2\/posts\/9401","targetHints":{"allow":["GET"]}}],"collection":[{"href":"https:\/\/rdnews.al\/index.php\/wp-json\/wp\/v2\/posts"}],"about":[{"href":"https:\/\/rdnews.al\/index.php\/wp-json\/wp\/v2\/types\/post"}],"author":[{"embeddable":true,"href":"https:\/\/rdnews.al\/index.php\/wp-json\/wp\/v2\/users\/4"}],"replies":[{"embeddable":true,"href":"https:\/\/rdnews.al\/index.php\/wp-json\/wp\/v2\/comments?post=9401"}],"version-history":[{"count":0,"href":"https:\/\/rdnews.al\/index.php\/wp-json\/wp\/v2\/posts\/9401\/revisions"}],"wp:featuredmedia":[{"embeddable":true,"href":"https:\/\/rdnews.al\/index.php\/wp-json\/wp\/v2\/media\/9313"}],"wp:attachment":[{"href":"https:\/\/rdnews.al\/index.php\/wp-json\/wp\/v2\/media?parent=9401"}],"wp:term":[{"taxonomy":"category","embeddable":true,"href":"https:\/\/rdnews.al\/index.php\/wp-json\/wp\/v2\/categories?post=9401"},{"taxonomy":"post_tag","embeddable":true,"href":"https:\/\/rdnews.al\/index.php\/wp-json\/wp\/v2\/tags?post=9401"}],"curies":[{"name":"wp","href":"https:\/\/api.w.org\/{rel}","templated":true}]}}