{"id":94374,"date":"2024-11-07T18:25:20","date_gmt":"2024-11-07T18:25:20","guid":{"rendered":"https:\/\/rdnews.al\/?p=94374"},"modified":"2024-11-07T18:25:20","modified_gmt":"2024-11-07T18:25:20","slug":"berisha-interviste-eksluzive-per-rai3-numerim-mbrapsht-i-diteve-te-izolimit","status":"publish","type":"post","link":"https:\/\/rdnews.al\/index.php\/2024\/11\/07\/berisha-interviste-eksluzive-per-rai3-numerim-mbrapsht-i-diteve-te-izolimit\/","title":{"rendered":"Berisha intervist\u00eb eksluzive p\u00ebr Rai3: Num\u00ebrim mbrapsht i dit\u00ebve t\u00eb izolimit"},"content":{"rendered":"<div id=\"rekl-49\">Rai 3, nj\u00eb nd\u00ebr mediat m\u00eb t\u00eb njohura italiane, ka paralajm\u00ebruar p\u00ebr mbr\u00ebmbjen e sotme transmetimin e nj\u00eb interviste ekskluzive me liderin e opozit\u00ebs shqiptare, Sali Berisha.<\/div>\n<div class=\"readmore-text-here\">\n<p>Ish-presidenti dhe ish-kryeministri i Shqip\u00ebris\u00eb do t\u00eb shfaqet sonte n\u00eb or\u00ebn 20:40, n\u00eb nj\u00eb nga rr\u00ebfimet e tij t\u00eb rralla p\u00ebr situat\u00ebn politike n\u00eb vend dhe p\u00ebrballjen me narkodrejt\u00ebsin\u00eb e Edi Ram\u00ebs.<\/p>\n<p>Si\u00e7 shprehet edhe Rai Tre, Berisha, i cili ndodhet n\u00eb arrest sht\u00ebpiak, vazhdon t\u00eb t\u00ebrheq\u00eb v\u00ebmendje p\u00ebrmes daljes s\u00eb tij t\u00eb p\u00ebrditshme n\u00eb ballkon, t\u00eb shoq\u00ebruar nga nj\u00eb num\u00ebrim mbrapsht i dit\u00ebve t\u00eb izolimit. Ky episod pritet t\u00eb ket\u00eb jehon\u00eb t\u00eb gjer\u00eb, duke e vendosur \u00e7\u00ebshtjen burgosjes politike t\u00eb liderit t\u00eb opozit\u00ebs shqiptare n\u00eb fokusin e publikut italian.<\/p>\n<p>RAITRE<\/p>\n<div class=\"twitter-tweet twitter-tweet-rendered\"><iframe id=\"twitter-widget-0\" class=\"\" title=\"X Post\" src=\"https:\/\/platform.twitter.com\/embed\/Tweet.html?dnt=false&amp;embedId=twitter-widget-0&amp;features=eyJ0ZndfdGltZWxpbmVfbGlzdCI6eyJidWNrZXQiOltdLCJ2ZXJzaW9uIjpudWxsfSwidGZ3X2ZvbGxvd2VyX2NvdW50X3N1bnNldCI6eyJidWNrZXQiOnRydWUsInZlcnNpb24iOm51bGx9LCJ0ZndfdHdlZXRfZWRpdF9iYWNrZW5kIjp7ImJ1Y2tldCI6Im9uIiwidmVyc2lvbiI6bnVsbH0sInRmd19yZWZzcmNfc2Vzc2lvbiI6eyJidWNrZXQiOiJvbiIsInZlcnNpb24iOm51bGx9LCJ0ZndfZm9zbnJfc29mdF9pbnRlcnZlbnRpb25zX2VuYWJsZWQiOnsiYnVja2V0Ijoib24iLCJ2ZXJzaW9uIjpudWxsfSwidGZ3X21peGVkX21lZGlhXzE1ODk3Ijp7ImJ1Y2tldCI6InRyZWF0bWVudCIsInZlcnNpb24iOm51bGx9LCJ0ZndfZXhwZXJpbWVudHNfY29va2llX2V4cGlyYXRpb24iOnsiYnVja2V0IjoxMjA5NjAwLCJ2ZXJzaW9uIjpudWxsfSwidGZ3X3Nob3dfYmlyZHdhdGNoX3Bpdm90c19lbmFibGVkIjp7ImJ1Y2tldCI6Im9uIiwidmVyc2lvbiI6bnVsbH0sInRmd19kdXBsaWNhdGVfc2NyaWJlc190b19zZXR0aW5ncyI6eyJidWNrZXQiOiJvbiIsInZlcnNpb24iOm51bGx9LCJ0ZndfdXNlX3Byb2ZpbGVfaW1hZ2Vfc2hhcGVfZW5hYmxlZCI6eyJidWNrZXQiOiJvbiIsInZlcnNpb24iOm51bGx9LCJ0ZndfdmlkZW9faGxzX2R5bmFtaWNfbWFuaWZlc3RzXzE1MDgyIjp7ImJ1Y2tldCI6InRydWVfYml0cmF0ZSIsInZlcnNpb24iOm51bGx9LCJ0ZndfbGVnYWN5X3RpbWVsaW5lX3N1bnNldCI6eyJidWNrZXQiOnRydWUsInZlcnNpb24iOm51bGx9LCJ0ZndfdHdlZXRfZWRpdF9mcm9udGVuZCI6eyJidWNrZXQiOiJvbiIsInZlcnNpb24iOm51bGx9fQ%3D%3D&amp;frame=false&amp;hideCard=false&amp;hideThread=false&amp;id=1854578195942531109&amp;lang=en&amp;origin=https%3A%2F%2Fwww.syri.net%2Fpolitike%2F737582%2Fberisha-interviste-eksluzive-per-rai-tre-media-italiane-numerim-mbrapsht-i-diteve-te-izolimit%2F&amp;sessionId=ff1141e7f09d21c8aae36d976e69eeb345c9ed9f&amp;theme=light&amp;widgetsVersion=2615f7e52b7e0%3A1702314776716&amp;width=550px\" frameborder=\"0\" scrolling=\"no\" allowfullscreen=\"allowfullscreen\" data-tweet-id=\"1854578195942531109\" data-mce-fragment=\"1\"><\/iframe><\/div>\n<\/div>\n<div id=\"rekl-16\"><\/div>\n<div id=\"rekl-33\"><\/div>\n","protected":false},"excerpt":{"rendered":"<p>Rai 3, nj\u00eb nd\u00ebr mediat m\u00eb t\u00eb njohura italiane, ka paralajm\u00ebruar p\u00ebr mbr\u00ebmbjen e sotme transmetimin e nj\u00eb interviste ekskluzive me liderin e opozit\u00ebs shqiptare, Sali Berisha. Ish-presidenti dhe ish-kryeministri i Shqip\u00ebris\u00eb do t\u00eb shfaqet sonte n\u00eb or\u00ebn 20:40, n\u00eb nj\u00eb nga rr\u00ebfimet e tij t\u00eb rralla p\u00ebr situat\u00ebn politike n\u00eb vend dhe p\u00ebrballjen me &hellip;<\/p>\n","protected":false},"author":4,"featured_media":94375,"comment_status":"closed","ping_status":"closed","sticky":false,"template":"","format":"standard","meta":{"footnotes":""},"categories":[37],"tags":[],"class_list":["post-94374","post","type-post","status-publish","format-standard","has-post-thumbnail","","category-politike"],"_links":{"self":[{"href":"https:\/\/rdnews.al\/index.php\/wp-json\/wp\/v2\/posts\/94374","targetHints":{"allow":["GET"]}}],"collection":[{"href":"https:\/\/rdnews.al\/index.php\/wp-json\/wp\/v2\/posts"}],"about":[{"href":"https:\/\/rdnews.al\/index.php\/wp-json\/wp\/v2\/types\/post"}],"author":[{"embeddable":true,"href":"https:\/\/rdnews.al\/index.php\/wp-json\/wp\/v2\/users\/4"}],"replies":[{"embeddable":true,"href":"https:\/\/rdnews.al\/index.php\/wp-json\/wp\/v2\/comments?post=94374"}],"version-history":[{"count":1,"href":"https:\/\/rdnews.al\/index.php\/wp-json\/wp\/v2\/posts\/94374\/revisions"}],"predecessor-version":[{"id":94376,"href":"https:\/\/rdnews.al\/index.php\/wp-json\/wp\/v2\/posts\/94374\/revisions\/94376"}],"wp:featuredmedia":[{"embeddable":true,"href":"https:\/\/rdnews.al\/index.php\/wp-json\/wp\/v2\/media\/94375"}],"wp:attachment":[{"href":"https:\/\/rdnews.al\/index.php\/wp-json\/wp\/v2\/media?parent=94374"}],"wp:term":[{"taxonomy":"category","embeddable":true,"href":"https:\/\/rdnews.al\/index.php\/wp-json\/wp\/v2\/categories?post=94374"},{"taxonomy":"post_tag","embeddable":true,"href":"https:\/\/rdnews.al\/index.php\/wp-json\/wp\/v2\/tags?post=94374"}],"curies":[{"name":"wp","href":"https:\/\/api.w.org\/{rel}","templated":true}]}}