{"id":94394,"date":"2024-11-07T19:07:50","date_gmt":"2024-11-07T19:07:50","guid":{"rendered":"https:\/\/rdnews.al\/?p=94394"},"modified":"2024-11-07T19:07:50","modified_gmt":"2024-11-07T19:07:50","slug":"berisha-prezanton-programin-per-bujqesine-do-zhbejme-aktet-armiqesore-te-rames-dhe-vucicit-kunder-fermereve-shqiptare","status":"publish","type":"post","link":"https:\/\/rdnews.al\/index.php\/2024\/11\/07\/berisha-prezanton-programin-per-bujqesine-do-zhbejme-aktet-armiqesore-te-rames-dhe-vucicit-kunder-fermereve-shqiptare\/","title":{"rendered":"Berisha prezanton programin p\u00ebr bujq\u00ebsin\u00eb: Do zhb\u00ebjm\u00eb aktet armiq\u00ebsore t\u00eb Ram\u00ebs dhe Vu\u00e7i\u00e7it kund\u00ebr fermer\u00ebve shqiptar\u00eb"},"content":{"rendered":"<p>Kryetari i PD, Sali Berisha gjat\u00eb fjal\u00ebs s\u00eb tij me mb\u00ebshtet\u00ebsit tek \u201cRrugan e Shpres\u00ebs\u201d prezantoi programin p\u00ebr bujq\u00ebsin\u00eb. Berisha tha se, do zhb\u00ebjm\u00eb aktet armiq\u00ebsore t\u00eb Ram\u00ebs dhe Vu\u00e7i\u00e7it kund\u00ebr fermer\u00ebve shqiptar\u00eb.<\/p>\n<p><strong>Berisha:<\/strong> T\u00eb dashur miq, me nj\u00eb marr\u00ebveshje t\u00eb fsheht\u00eb me Beogradin, me padronin e tij, Edi Rama vendos mbi fermer\u00ebt shqiptar\u00eb sistemin m\u00eb armiq\u00ebsor q\u00eb ekziston kund t\u00eb taks\u00ebs s\u00eb vler\u00ebs s\u00eb shtuar.<\/p>\n<p>Zero n\u00eb blerje, 20 n\u00eb shitje.<\/p>\n<p>\u00c7far\u00eb do t\u00eb thot\u00eb kjo miqt\u00eb e mi?<\/p>\n<p>Kjo do t\u00eb thot\u00eb q\u00eb t\u00eb gjith\u00eb operator\u00ebt e fush\u00ebs n\u00eb bujq\u00ebsi t\u00eb mos blejn\u00eb produktet e fshatar\u00ebve, por t\u00eb marrin produktet e importit.<\/p>\n<p>Atyre t\u2019u kalbet n\u00eb fush\u00eb, kurse fermer\u00ebve t\u00eb Shumadish\u00ebs t\u00eb vijn\u00eb dhe t\u00eb p\u00ebrpunohen n\u00eb Shqip\u00ebri.<\/p>\n<p>Ky akt armiq\u00ebsor, antishqiptar do marr\u00eb fund jav\u00ebn e par\u00eb t\u00eb parlamentit t\u00eb ardhsh\u00ebm.<\/p>\n<p>Do krijohet agjencia e studimit t\u00eb tregjeve dhe orientimit t\u00eb fermer\u00ebve n\u00eb m\u00ebnyr\u00eb q\u00eb t\u00eb mos ndodh\u00eb kjo q\u00eb ndodh r\u00ebndom tani, ku qindra e mij\u00ebra kuintal\u00eb prodhime t\u00eb klasit t\u00eb par\u00eb p\u00ebrfundojn\u00eb n\u00eb kanale, groposen p\u00ebr shkak t\u00eb dezorientimit t\u00eb plot\u00eb p\u00ebr tregun dhe mosinformimin e tyre.<\/p>\n<p>Do garantohet sh\u00ebrbimi bujq\u00ebsor dhe blegtoral nga shteti n\u00eb \u00e7do rreth, n\u00eb \u00e7do qark, i organizuar dhe falas.<\/p>\n<p>Do investohet p\u00ebr mekanizmin dhe modernizimin e mekanik\u00ebs bujq\u00ebsore.<\/p>\n<p>Nj\u00eb kontroll i rrept\u00eb do jet\u00eb mbi importin e imputeve bujq\u00ebsore. Cil\u00ebsia e tyre do jet\u00eb kushti i t\u00eb gjitha kushteve p\u00ebr t\u2019u shp\u00ebrndar\u00eb n\u00eb k\u00ebt\u00eb vend.<\/p>\n<p>Siguria ushqimore, e cila sot \u00ebsht\u00eb si kurr\u00eb m\u00eb par\u00eb keq, do jet\u00eb nj\u00eb p\u00ebrpar\u00ebsi absolute.<\/p>\n<p>Pra, miqt\u00eb e mi, p\u00ebr ne krijimi i mir\u00ebsive, pasurive, begatimi kudo q\u00eb jetojn\u00eb shqiptar\u00ebt, \u00ebsht\u00eb dhe mbetet q\u00ebllimi yn\u00eb madhor.<\/p>\n<p>Ndaj dhe t\u00eb bashkohemi, \u00ebsht\u00eb radha jon\u00eb, \u00ebsht\u00eb radha jon\u00eb.<\/p>\n<p>Rrofshi ju, rroft\u00eb Shqip\u00ebria.<br \/>\nFitore, fitore, fitore!<\/p>\n","protected":false},"excerpt":{"rendered":"<p>Kryetari i PD, Sali Berisha gjat\u00eb fjal\u00ebs s\u00eb tij me mb\u00ebshtet\u00ebsit tek \u201cRrugan e Shpres\u00ebs\u201d prezantoi programin p\u00ebr bujq\u00ebsin\u00eb. Berisha tha se, do zhb\u00ebjm\u00eb aktet armiq\u00ebsore t\u00eb Ram\u00ebs dhe Vu\u00e7i\u00e7it kund\u00ebr fermer\u00ebve shqiptar\u00eb. Berisha: T\u00eb dashur miq, me nj\u00eb marr\u00ebveshje t\u00eb fsheht\u00eb me Beogradin, me padronin e tij, Edi Rama vendos mbi fermer\u00ebt shqiptar\u00eb sistemin &hellip;<\/p>\n","protected":false},"author":4,"featured_media":82794,"comment_status":"closed","ping_status":"closed","sticky":false,"template":"","format":"standard","meta":{"footnotes":""},"categories":[37],"tags":[],"class_list":["post-94394","post","type-post","status-publish","format-standard","has-post-thumbnail","","category-politike"],"_links":{"self":[{"href":"https:\/\/rdnews.al\/index.php\/wp-json\/wp\/v2\/posts\/94394","targetHints":{"allow":["GET"]}}],"collection":[{"href":"https:\/\/rdnews.al\/index.php\/wp-json\/wp\/v2\/posts"}],"about":[{"href":"https:\/\/rdnews.al\/index.php\/wp-json\/wp\/v2\/types\/post"}],"author":[{"embeddable":true,"href":"https:\/\/rdnews.al\/index.php\/wp-json\/wp\/v2\/users\/4"}],"replies":[{"embeddable":true,"href":"https:\/\/rdnews.al\/index.php\/wp-json\/wp\/v2\/comments?post=94394"}],"version-history":[{"count":1,"href":"https:\/\/rdnews.al\/index.php\/wp-json\/wp\/v2\/posts\/94394\/revisions"}],"predecessor-version":[{"id":94395,"href":"https:\/\/rdnews.al\/index.php\/wp-json\/wp\/v2\/posts\/94394\/revisions\/94395"}],"wp:featuredmedia":[{"embeddable":true,"href":"https:\/\/rdnews.al\/index.php\/wp-json\/wp\/v2\/media\/82794"}],"wp:attachment":[{"href":"https:\/\/rdnews.al\/index.php\/wp-json\/wp\/v2\/media?parent=94394"}],"wp:term":[{"taxonomy":"category","embeddable":true,"href":"https:\/\/rdnews.al\/index.php\/wp-json\/wp\/v2\/categories?post=94394"},{"taxonomy":"post_tag","embeddable":true,"href":"https:\/\/rdnews.al\/index.php\/wp-json\/wp\/v2\/tags?post=94394"}],"curies":[{"name":"wp","href":"https:\/\/api.w.org\/{rel}","templated":true}]}}