{"id":94532,"date":"2024-11-08T14:28:10","date_gmt":"2024-11-08T14:28:10","guid":{"rendered":"https:\/\/rdnews.al\/?p=94532"},"modified":"2024-11-08T14:28:10","modified_gmt":"2024-11-08T14:28:10","slug":"kush-eshte-emerimi-i-pare-i-trump-si-shefe-e-stafit-te-shtepise-se-bardhe","status":"publish","type":"post","link":"https:\/\/rdnews.al\/index.php\/2024\/11\/08\/kush-eshte-emerimi-i-pare-i-trump-si-shefe-e-stafit-te-shtepise-se-bardhe\/","title":{"rendered":"Kush \u00ebsht\u00eb em\u00ebrimi i par\u00eb i Trump si shefe e stafit t\u00eb Sht\u00ebpis\u00eb s\u00eb Bardh\u00eb"},"content":{"rendered":"<p><strong>Ekipi i tranzicionit i Donald Trump tashm\u00eb po verifikon kandidat\u00ebt e mundsh\u00ebm q\u00eb mund t\u00eb sh\u00ebrbejn\u00eb n\u00eb administrat\u00ebn e tij kur ai t\u00eb kthehet n\u00eb Sht\u00ebpin\u00eb e Bardh\u00eb n\u00eb janar.<\/strong><\/p>\n<p>S\u00eb fundmi, ai b\u00ebri njoftimin e par\u00eb, duke em\u00ebruar menaxheren e fushat\u00ebs s\u00eb tij, Susan Summerall Wiles, si shefe t\u00eb stafit t\u00eb Sht\u00ebpis\u00eb s\u00eb Bardh\u00eb.<\/p>\n<p>K\u00ebtu \u00ebsht\u00eb nj\u00eb v\u00ebshtrim n\u00eb disa nga emrat q\u00eb po qarkullojn\u00eb:<\/p>\n<p><strong>Susie Wiles<\/strong><\/p>\n<p>Fitorja e Trumpit ndaj Kamala Harris u organizua nga menaxher\u00ebt e fushat\u00ebs Chris LaCivita dhe Susie Wiles, s\u00eb cil\u00ebs presidenti iu referua n\u00eb fjalimin e tij t\u00eb fitores si \u201cvajza e akullt\u201d.<\/p>\n<p>Q\u00eb at\u00ebher\u00eb ajo \u00ebsht\u00eb konfirmuar si shefe e ardhshme e stafit t\u00eb Sht\u00ebpis\u00eb s\u00eb Bardh\u00eb n\u00ebn administrat\u00ebn e dyt\u00eb Trump, em\u00ebrimi i par\u00eb i konfirmuar dhe gruaja e par\u00eb q\u00eb merr at\u00eb rol.<\/p>\n<p>Wiles, p\u00ebr t\u00eb cilin Trump pretendoi se \u201ci p\u00eblqen t\u00eb q\u00ebndroj\u00eb n\u00eb prapavij\u00eb\u201d, konsiderohet si nj\u00eb nga operativ\u00ebt politik\u00eb m\u00eb t\u00eb respektuar n\u00eb vend, shkruan\u00a0<a href=\"https:\/\/www.bbc.com\/news\/articles\/cx24gze60yzo\" target=\"_blank\" rel=\"noopener\"><strong>BBC<\/strong><\/a>, p\u00ebrcjell Telegrafi.<\/p>\n<p>M\u00eb pak se nj\u00eb vit pasi filloi t\u00eb merrej me politik\u00eb, ajo punoi n\u00eb fushat\u00ebn e suksesshme presidenciale t\u00eb Ronald Reganit.<\/p>\n<p>N\u00eb vitin 2010, ajo e ktheu Rick Scott, nj\u00eb biznesmen i at\u00ebhersh\u00ebm me pak p\u00ebrvoj\u00eb politike, n\u00eb guvernator t\u00eb Florid\u00ebs n\u00eb vet\u00ebm shtat\u00eb muaj.<\/p>\n<p>Scott tani \u00ebsht\u00eb senator amerikan.<\/p>\n<p>Si\u00e7 raportohet, Wiles u takua me Trumpin gjat\u00eb zgjedhjeve presidenciale republikane t\u00eb vitit 2015 dhe ajo u b\u00eb menaxhere e fushat\u00ebs s\u00eb tij n\u00eb Florida.<\/p>\n<p>Trump mposhti Hillary Clinton n\u00eb vitin 2016 atje.<\/p>\n<p>Wiles \u00ebsht\u00eb lavd\u00ebruar nga republikan\u00ebt p\u00ebr aft\u00ebsin\u00eb e saj p\u00ebr t\u00eb respektuar dhe kontrolluar egon e madhe t\u00eb atyre n\u00eb orbit\u00ebn e presidentit t\u00eb zgjedhur, gj\u00eb q\u00eb mund t\u2019i mund\u00ebsonte asaj t\u00eb impononte nj\u00eb ndjenj\u00eb rregulli q\u00eb asnj\u00eb nga kat\u00ebr shefat e m\u00ebparsh\u00ebm t\u00eb kabinetit nuk mundi.<\/p>\n<p><strong>Karoline Leavitt<\/strong><\/p>\n<p>Sekretarja komb\u00ebtare e shtypit t\u00eb fushat\u00ebs Trump 2024 ka sh\u00ebrbyer m\u00eb par\u00eb n\u00eb zyr\u00ebn e shtypit t\u00eb Sht\u00ebpis\u00eb s\u00eb Bardh\u00eb, si ndihm\u00ebs sekretare shtypi.<\/p>\n<p>Gen-Zer b\u00ebri nj\u00eb p\u00ebrpjekje p\u00ebr t\u2019u b\u00ebr\u00eb gruaja m\u00eb e re e zgjedhur ndonj\u00ebher\u00eb n\u00eb Kongresin Amerikan n\u00eb vitin 2022, p\u00ebr t\u00eb p\u00ebrfaq\u00ebsuar nj\u00eb vend n\u00eb shtetin e saj t\u00eb lindjes, New Hampshire, por nuk arriti.<\/p>\n<p>Ajo supozohet t\u00eb b\u00ebhet sekretare e shtypit e Sht\u00ebpis\u00eb s\u00eb Bardh\u00eb \u2013 pozicioni m\u00eb publik n\u00eb kabinet.<\/p>\n<p><strong>Tom Homan<\/strong><\/p>\n<p>Tom Homan sh\u00ebrbeu si ushtrues detyre i Drejtoris\u00eb s\u00eb Emigracionit dhe Doganave n\u00eb SHBA (Ice) gjat\u00eb administrat\u00ebs s\u00eb par\u00eb Trump, ku ai ishte nj\u00eb ithtar i ndarjes s\u00eb f\u00ebmij\u00ebve emigrant\u00eb nga prind\u00ebrit e tyre si nj\u00eb m\u00ebnyr\u00eb p\u00ebr t\u00eb penguar kalimet e paligjshme.<\/p>\n<p>N\u00eb at\u00eb koh\u00eb, ai tha se politikan\u00ebt q\u00eb mb\u00ebshtesin politikat e qytetit t\u00eb shenjt\u00eb duhet t\u00eb akuzohen p\u00ebr krime.<\/p>\n<p>Ai m\u00eb von\u00eb dha dor\u00ebheqjen nga pozicioni i tij Ice n\u00eb vitin 2018, n\u00eb mes t\u00eb presidenc\u00ebs Trump.<\/p>\n<p>Q\u00eb at\u00ebher\u00eb Homan \u00ebsht\u00eb shfaqur si nj\u00eb figur\u00eb ky\u00e7e n\u00eb zhvillimin e planit t\u00eb deportimit masiv t\u00eb emigrant\u00ebve dhe \u00ebsht\u00eb cil\u00ebsuar si nj\u00eb zgjedhje e mundshme p\u00ebr t\u00eb drejtuar Departamentin e Siguris\u00eb Komb\u00ebtare.<\/p>\n","protected":false},"excerpt":{"rendered":"<p>Ekipi i tranzicionit i Donald Trump tashm\u00eb po verifikon kandidat\u00ebt e mundsh\u00ebm q\u00eb mund t\u00eb sh\u00ebrbejn\u00eb n\u00eb administrat\u00ebn e tij kur ai t\u00eb kthehet n\u00eb Sht\u00ebpin\u00eb e Bardh\u00eb n\u00eb janar. S\u00eb fundmi, ai b\u00ebri njoftimin e par\u00eb, duke em\u00ebruar menaxheren e fushat\u00ebs s\u00eb tij, Susan Summerall Wiles, si shefe t\u00eb stafit t\u00eb Sht\u00ebpis\u00eb s\u00eb Bardh\u00eb. &hellip;<\/p>\n","protected":false},"author":3,"featured_media":94533,"comment_status":"closed","ping_status":"closed","sticky":false,"template":"","format":"standard","meta":{"footnotes":""},"categories":[38],"tags":[],"class_list":["post-94532","post","type-post","status-publish","format-standard","has-post-thumbnail","","category-bota"],"_links":{"self":[{"href":"https:\/\/rdnews.al\/index.php\/wp-json\/wp\/v2\/posts\/94532","targetHints":{"allow":["GET"]}}],"collection":[{"href":"https:\/\/rdnews.al\/index.php\/wp-json\/wp\/v2\/posts"}],"about":[{"href":"https:\/\/rdnews.al\/index.php\/wp-json\/wp\/v2\/types\/post"}],"author":[{"embeddable":true,"href":"https:\/\/rdnews.al\/index.php\/wp-json\/wp\/v2\/users\/3"}],"replies":[{"embeddable":true,"href":"https:\/\/rdnews.al\/index.php\/wp-json\/wp\/v2\/comments?post=94532"}],"version-history":[{"count":1,"href":"https:\/\/rdnews.al\/index.php\/wp-json\/wp\/v2\/posts\/94532\/revisions"}],"predecessor-version":[{"id":94534,"href":"https:\/\/rdnews.al\/index.php\/wp-json\/wp\/v2\/posts\/94532\/revisions\/94534"}],"wp:featuredmedia":[{"embeddable":true,"href":"https:\/\/rdnews.al\/index.php\/wp-json\/wp\/v2\/media\/94533"}],"wp:attachment":[{"href":"https:\/\/rdnews.al\/index.php\/wp-json\/wp\/v2\/media?parent=94532"}],"wp:term":[{"taxonomy":"category","embeddable":true,"href":"https:\/\/rdnews.al\/index.php\/wp-json\/wp\/v2\/categories?post=94532"},{"taxonomy":"post_tag","embeddable":true,"href":"https:\/\/rdnews.al\/index.php\/wp-json\/wp\/v2\/tags?post=94532"}],"curies":[{"name":"wp","href":"https:\/\/api.w.org\/{rel}","templated":true}]}}