{"id":94544,"date":"2024-11-08T16:54:03","date_gmt":"2024-11-08T16:54:03","guid":{"rendered":"https:\/\/rdnews.al\/?p=94544"},"modified":"2024-11-08T18:49:46","modified_gmt":"2024-11-08T18:49:46","slug":"shiko-shik-un-mos-ka-njeri-verdalle-si-eshpetoi-cyrbja-nga-arresti-trafikantin-e-droges","status":"publish","type":"post","link":"https:\/\/rdnews.al\/index.php\/2024\/11\/08\/shiko-shik-un-mos-ka-njeri-verdalle-si-eshpetoi-cyrbja-nga-arresti-trafikantin-e-droges\/","title":{"rendered":"\u201cShiko SHIK-un mos ka njeri v\u00ebrdall\u00eb\u201d\/ Si e shp\u00ebtoi \u00c7yrbja nga arresti trafikantin e drog\u00ebs"},"content":{"rendered":"<p>Mes personave q\u00eb ka ndihmuar deputeti i PS, Jurgis \u00c7yrbja, p\u00ebr t\u00eb mos u kapur nga Policia e Shtetit dhe organet e tjera t\u00eb ligjit, \u00ebsht\u00eb dhe nj\u00eb individ i quajtur Kreshnik alias Sokol, Besnik Budlla ose Farroku.<\/p>\n<p>Sipas Ora News, Farruku, prej muajit Maj 2020 \u00ebsht\u00eb shpallur n\u00eb k\u00ebrkim me \u201cpull\u00eb t\u00eb Kuqe\u201d nga zyra e Interpol Tiran\u00ebs, pasi Gjykata e Rom\u00ebs e ka d\u00ebnuar at\u00eb me 6 vjet e 8 muaj burgim p\u00ebr akuz\u00ebn e \u201cTrafikut t\u00eb narkotik\u00ebve\u201d.<\/p>\n<p>Gjithashtu Farroku, rezulton i d\u00ebnuar nga Gjykata e Madridit me 7 vjet e 6 muaj burgim, p\u00ebr akuz\u00ebn e krimeve kund\u00ebr sh\u00ebndetit dhe falsifikim dokumentesh.<\/p>\n<p>Nj\u00ebher\u00ebsh Kreshnik Farroku, \u00ebsht\u00eb deklaruar fajtor dhe d\u00ebnuar me 5 vite burgim nga gjykata e Ankon\u00ebs n\u00eb Itali, p\u00ebr akuz\u00ebn e pjes\u00ebmarrjes n\u00eb Organizat\u00eb Kriminale.<\/p>\n<p>Por t\u00eb treja k\u00ebto vendime deri n\u00eb dit\u00ebn e sotme nuk jan\u00eb ekzekutuar nga autoritet Shqiptare dhe ato Italiane-Spanjolle, duke b\u00ebr\u00eb q\u00eb Kreshnik Farruku, t\u00eb vijoj\u00eb t\u00eb q\u00ebndroj\u00eb i lir\u00eb n\u00eb Shqip\u00ebri.<\/p>\n<p><span style=\"font-style: inherit; font-weight: inherit;\">Aktualisht Kreshnik Budlla, \u00ebsht\u00eb n\u00eb process gjykimi p\u00ebr Konfiskimin e pasuris\u00eb n\u00eb Gjykat\u00ebn e Posa\u00e7me Kund\u00ebr Korrupsionit dhe Krimit t\u00eb Organizuar, ku gjyqtare e \u00e7\u00ebshtjes n\u00eb GJKKO, \u00ebsht\u00eb Etleva Deda.<\/span><\/p>\n<p>N\u00eb komunikimet e zhvilluara mes Jurgis \u00c7yrbjes dhe Kreshnik Farrokut, gjat\u00eb muajve n\u00ebntor 2020-shkurt 2021, konstatohet se n\u00eb dat\u00ebn 2 dhjetor 2020, del n\u00eb interes t\u00eb hetimit se \u00c7yrbja, informon bashk\u00ebbiseduesin Farruku, q\u00eb t\u00eb kontrollonte ambientin p\u00ebrreth banes\u00ebs s\u00eb tij, pasi kishte informacion se mund t\u00eb ishte n\u00eb v\u00ebzhgim nga strukturat shtet\u00ebrore dhe m\u00eb konkretisht nga punonj\u00ebsit e Sh\u00ebrbimit Informativ.<\/p>\n<p>\u201c\u2026Vet\u00ebm shih SHIK-un mos ka njeri v\u00ebrdall\u00eb\u2026\u201d-i shkruan \u00c7yrbja, personit n\u00eb k\u00ebrkim, Kreshnik Farruku.<\/p>\n<p>Gjithashtu n\u00eb bisedat e zhvilluara mes dat\u00ebs 27 dhjetor 2020 deri n\u00eb 29 shkurt 2021, Kreshnik Budlla alias Farroku, i konfirmon Jurgis \u00c7yrbja faktin se ishte pa pun\u00eb, dhe person i shpallur n\u00eb k\u00ebrkim.<\/p>\n<p>Nd\u00ebrkoh\u00eb q\u00eb zona ishte e rrethuar me punonj\u00ebs policie, ndaj ka k\u00ebrkuar prej tij q\u00eb t\u00eb interesohej p\u00ebr ta konfirmuar nj\u00eb informacion t\u00eb till\u00eb, p\u00ebr k\u00ebt\u00eb shkak ishte larguar dhe nga banesa ku jetonte<\/p>\n<p>Nd\u00ebr t\u00eb tjera Kreshnik Farroku i shkruan \u00c7yrbjas si m\u00eb posht\u00eb vijon se:<\/p>\n<p>\u201c\u2026si thu vlla, vjen dot. Po ca t\u00eb bojm, pun\u00eb s\u2019kemi, k\u00ebrkim jemi\u2026 Po m\u00eb thon\u00eb \u00e7unat \u00ebsht\u00eb rrethuar zona, pyet pak, ka naj gjo se un\u00eb l\u00ebviza nga zona. Jam Peralt, ki ai me gur, ki parasysh, Ki kasteli\u2026\u201d.<\/p>\n<p>Nd\u00ebrsa personi tjet\u00ebr Jurgis \u00c7yrbja i konfirmon faktin se e dinte vendin ku e kishin l\u00ebn\u00eb p\u00ebr tu takuar duke i shkruar se: \u201c\u2026Po e di, nj\u00eb min\u201d.<\/p>\n<p>Gjithashtu n\u00eb 29 dhjetor 2020 Kreshnik Budlla, ka k\u00ebrkuar nga Jurgis \u00c7yrbja, q\u00eb t\u00eb pyeste lidhjet e tij p\u00ebr punonj\u00ebsit e policis\u00eb q\u00eb kishin rrethuar zon\u00ebn ku banonte, duke i shkruar si m\u00eb posht\u00eb:<\/p>\n<p>\u201c\u2026ik takoje pak, shif si \u00ebsht\u00eb puna? Pse po sillen n\u00eb zon\u00eb, jan civil\u00eb, kat\u00ebr-pes\u00eb makin\u00eb, X5 dhe dy tre makina\u2026\u201d.<\/p>\n<p>Jurgis \u00c7yrbja e pyet Farrokun p\u00ebr ngjyr\u00ebn e automjetit, dhe pas disa \u00e7astesh i konfirmon bashk\u00ebbiseduesit se nuk ishin punonj\u00ebsit e policis\u00eb s\u00eb Durr\u00ebsit, duke i shkruar si m\u00eb posht\u00eb:<\/p>\n<p>\u201c\u2026\u00e7a ngjyre \u00ebsht\u00eb X 5 gri? Se Durr\u00ebsi nuk \u00ebsht\u00eb\u2026\u201d.<\/p>\n<p>N\u00eb komunikimet n\u00eb vijim, Kreshniku i konfirmon \u00c7yrbes faktin se punonj\u00ebsit e policis\u00eb kishin marr\u00eb v\u00ebllan\u00eb e tij, por nuk dinte arsyen, dhe m\u00eb pas i konfirmon se e kishin l\u00ebn\u00eb t\u00eb lir\u00eb v\u00ebllan\u00eb e tij pasi k\u00ebrkonin p\u00ebr arrestim Kreshnikun.<\/p>\n<p>Ky i fundit i shkruar Jurgis \u00c7yrbjas n\u00eb \u201cSky\u201d duke i d\u00ebrguar mesazhet: \u201c\u2026 kan\u00eb mor\u00eb v\u00ebllain e vog\u00ebl, vlla. Tani, Se di pse. Pyt pak \u00e7a kan, un\u00eb k\u00ebtu jam\u2026. E kan\u00eb l\u00ebn\u00eb at\u00eb burazerin, m\u00eb k\u00ebrkojn\u00eb mu\u2026\u201d.<\/p>\n<p>Nd\u00ebr t\u00eb tjerat n\u00eb bisedat e zhvilluara n\u00eb vijim, Kreshniku e informon t\u00eb hetuarin mbi faktin e bllokimit t\u00eb gjitha llogarive t\u00eb tij bankare, nga SPAK, pasi ndaj tij ishte hapur nj\u00eb hetim pasuror p\u00ebr pasurin\u00eb.<\/p>\n<p>Kreshniku i thot\u00eb \u00c7yrbes se: \u201c\u2026vlla jan blloku gjith\u00eb llogarit\u00eb e mia\u2026\u201d.<\/p>\n<p>Sot e k\u00ebsaj dite kjo \u00e7\u00ebshtje, p\u00ebr hetimin pasuror t\u00eb Kreshnik Farrokut, vijon t\u00eb jet\u00eb ende n\u00eb proces gjykimi pran\u00eb gjykat\u00ebs s\u00eb posa\u00e7me.\/Ora News<\/p>\n","protected":false},"excerpt":{"rendered":"<p>Mes personave q\u00eb ka ndihmuar deputeti i PS, Jurgis \u00c7yrbja, p\u00ebr t\u00eb mos u kapur nga Policia e Shtetit dhe organet e tjera t\u00eb ligjit, \u00ebsht\u00eb dhe nj\u00eb individ i quajtur Kreshnik alias Sokol, Besnik Budlla ose Farroku. Sipas Ora News, Farruku, prej muajit Maj 2020 \u00ebsht\u00eb shpallur n\u00eb k\u00ebrkim me \u201cpull\u00eb t\u00eb Kuqe\u201d nga &hellip;<\/p>\n","protected":false},"author":4,"featured_media":94545,"comment_status":"closed","ping_status":"closed","sticky":false,"template":"","format":"standard","meta":{"footnotes":""},"categories":[37],"tags":[],"class_list":["post-94544","post","type-post","status-publish","format-standard","has-post-thumbnail","","category-politike"],"_links":{"self":[{"href":"https:\/\/rdnews.al\/index.php\/wp-json\/wp\/v2\/posts\/94544","targetHints":{"allow":["GET"]}}],"collection":[{"href":"https:\/\/rdnews.al\/index.php\/wp-json\/wp\/v2\/posts"}],"about":[{"href":"https:\/\/rdnews.al\/index.php\/wp-json\/wp\/v2\/types\/post"}],"author":[{"embeddable":true,"href":"https:\/\/rdnews.al\/index.php\/wp-json\/wp\/v2\/users\/4"}],"replies":[{"embeddable":true,"href":"https:\/\/rdnews.al\/index.php\/wp-json\/wp\/v2\/comments?post=94544"}],"version-history":[{"count":2,"href":"https:\/\/rdnews.al\/index.php\/wp-json\/wp\/v2\/posts\/94544\/revisions"}],"predecessor-version":[{"id":94568,"href":"https:\/\/rdnews.al\/index.php\/wp-json\/wp\/v2\/posts\/94544\/revisions\/94568"}],"wp:featuredmedia":[{"embeddable":true,"href":"https:\/\/rdnews.al\/index.php\/wp-json\/wp\/v2\/media\/94545"}],"wp:attachment":[{"href":"https:\/\/rdnews.al\/index.php\/wp-json\/wp\/v2\/media?parent=94544"}],"wp:term":[{"taxonomy":"category","embeddable":true,"href":"https:\/\/rdnews.al\/index.php\/wp-json\/wp\/v2\/categories?post=94544"},{"taxonomy":"post_tag","embeddable":true,"href":"https:\/\/rdnews.al\/index.php\/wp-json\/wp\/v2\/tags?post=94544"}],"curies":[{"name":"wp","href":"https:\/\/api.w.org\/{rel}","templated":true}]}}