{"id":94565,"date":"2024-11-08T18:44:55","date_gmt":"2024-11-08T18:44:55","guid":{"rendered":"https:\/\/rdnews.al\/?p=94565"},"modified":"2024-11-08T18:44:55","modified_gmt":"2024-11-08T18:44:55","slug":"kryetari-i-pdshk-ne-rrugen-e-shpreses-morina-e-drejta-do-te-triumfoje-berisha-do-te-kthehet-ne-mesin-tone","status":"publish","type":"post","link":"https:\/\/rdnews.al\/index.php\/2024\/11\/08\/kryetari-i-pdshk-ne-rrugen-e-shpreses-morina-e-drejta-do-te-triumfoje-berisha-do-te-kthehet-ne-mesin-tone\/","title":{"rendered":"Kryetari i PDSHK n\u00eb \u201cRrug\u00ebn e Shpres\u00ebs\u201d, Morina: E drejta do t\u00eb triumfoj\u00eb, Berisha do t\u00eb kthehet n\u00eb mesin ton\u00eb"},"content":{"rendered":"<p>Zef Morina, kryetari i Partis\u00eb Shqiptare Demokristiane t\u00eb Kosov\u00ebs, ka mbajtur nj\u00eb fjalim emocionues n\u00eb \u201cRrug\u00ebn e Shpres\u00ebs\u201d, ku ka shprehur mb\u00ebshtetje t\u00eb fort\u00eb p\u00ebr liderin e opozit\u00ebs Sali Berisha dhe t\u00eb gjith\u00eb shqiptar\u00ebt q\u00eb po e mb\u00ebshtesin at\u00eb.<\/p>\n<p>Ai ka theksuar se situata aktuale q\u00eb po kalon lideri i opozit\u00ebs, Berisha, \u00ebsht\u00eb plot\u00ebsisht politike dhe e padrejt\u00eb, duke e krahasuar me nj\u00eb akt q\u00eb ka p\u00ebr q\u00ebllim t\u00eb d\u00ebmtoj\u00eb demokracin\u00eb n\u00eb Shqip\u00ebri. Morina ka shprehur mb\u00ebshtetje t\u00eb fort\u00eb nga populli i Kosov\u00ebs dhe ka theksuar se ata jan\u00eb me presidentin Berisha n\u00eb k\u00ebt\u00eb betej\u00eb.<\/p>\n<p>Ai ka theksuar se n\u00eb k\u00ebto momente t\u00eb v\u00ebshtira, populli shqiptar i ka borxhe presidentit Berisha p\u00ebr p\u00ebrpjekjet e tij n\u00eb ndihm\u00eb t\u00eb shqiptar\u00ebve, ve\u00e7an\u00ebrisht gjat\u00eb periudh\u00ebs s\u00eb nd\u00ebrtimit t\u00eb Rrug\u00ebs s\u00eb Kombit. Morina ka shprehur bindjen se e drejta do t\u00eb triumfoj\u00eb dhe se Berisha do t\u00eb rikthehet shum\u00eb shpejt n\u00eb mesin e shqiptar\u00ebve.<\/p>\n<p>\u201cVij nga Kosova p\u00ebr ta p\u00ebrsh\u00ebndetur presidentin Berisha dhe t\u00eb gjith\u00eb ju k\u00ebtu. Pa dashur t\u00eb nd\u00ebrhyj n\u00eb drejt\u00ebsin\u00eb shqiptare apo n\u00eb SPAK, mendoj se kjo q\u00eb po ndodh me zotin Berisha, me liderin e demokracis\u00eb, liderin e opozit\u00ebs, dhe liderin e Partis\u00eb Demokratike, nuk \u00ebsht\u00eb e drejt\u00eb, sepse veprimi q\u00eb \u00ebsht\u00eb b\u00ebr\u00eb ndaj tij \u00ebsht\u00eb krejt\u00ebsisht politik. P\u00ebr k\u00ebt\u00eb arsye, ju mblidheni k\u00ebtu \u00e7do nat\u00eb.<\/p>\n<p>Ju ndjekim nga Kosova, ne e ndjekim \u00e7do hap, \u00e7do dit\u00eb, situat\u00ebn k\u00ebtu. Populli i Kosov\u00ebs \u00ebsht\u00eb me demokracin\u00eb, me presidentin Berisha.<\/p>\n<p>Jemi t\u00eb sigurt q\u00eb e drejta do t\u00eb triumfoj\u00eb dhe zoti Berisha shum\u00eb shpejt do t\u00eb jet\u00eb n\u00eb mesin ton\u00eb. Bashk\u00eb me ju dhe bashk\u00eb me ne, ai do t\u00eb punoj\u00eb q\u00eb Shqip\u00ebria t\u00eb frymoj\u00eb n\u00eb m\u00ebnyr\u00eb demokratike, ashtu si\u00e7 e meriton populli shqiptar. Populli shqiptar i ka borxhe presidentit Berisha, sepse n\u00eb koh\u00ebt m\u00eb t\u00eb v\u00ebshtira ka qen\u00eb me popullin shqiptar. Presidenti Berisha ishte ai q\u00eb nd\u00ebrtoi Rrug\u00ebn e Kombit, e cila lidhi Kosov\u00ebn me Shqip\u00ebrin\u00eb.<\/p>\n<p>Kam nj\u00eb p\u00ebrsh\u00ebndetje t\u00eb ve\u00e7ant\u00eb nga populli i Kosov\u00ebs.<\/p>\n<p>Edhe di\u00e7ka: jemi shum\u00eb t\u00eb sigurt q\u00eb pas fitores s\u00eb t\u00eb djatht\u00ebs n\u00eb Amerik\u00eb, do t\u00eb fitoj\u00eb e djathta edhe n\u00eb Shqip\u00ebri edhe n\u00eb Kosov\u00eb\u201d, u shpreh Morina.<\/p>\n","protected":false},"excerpt":{"rendered":"<p>Zef Morina, kryetari i Partis\u00eb Shqiptare Demokristiane t\u00eb Kosov\u00ebs, ka mbajtur nj\u00eb fjalim emocionues n\u00eb \u201cRrug\u00ebn e Shpres\u00ebs\u201d, ku ka shprehur mb\u00ebshtetje t\u00eb fort\u00eb p\u00ebr liderin e opozit\u00ebs Sali Berisha dhe t\u00eb gjith\u00eb shqiptar\u00ebt q\u00eb po e mb\u00ebshtesin at\u00eb. Ai ka theksuar se situata aktuale q\u00eb po kalon lideri i opozit\u00ebs, Berisha, \u00ebsht\u00eb plot\u00ebsisht politike &hellip;<\/p>\n","protected":false},"author":4,"featured_media":94566,"comment_status":"closed","ping_status":"closed","sticky":false,"template":"","format":"standard","meta":{"footnotes":""},"categories":[37],"tags":[],"class_list":["post-94565","post","type-post","status-publish","format-standard","has-post-thumbnail","","category-politike"],"_links":{"self":[{"href":"https:\/\/rdnews.al\/index.php\/wp-json\/wp\/v2\/posts\/94565","targetHints":{"allow":["GET"]}}],"collection":[{"href":"https:\/\/rdnews.al\/index.php\/wp-json\/wp\/v2\/posts"}],"about":[{"href":"https:\/\/rdnews.al\/index.php\/wp-json\/wp\/v2\/types\/post"}],"author":[{"embeddable":true,"href":"https:\/\/rdnews.al\/index.php\/wp-json\/wp\/v2\/users\/4"}],"replies":[{"embeddable":true,"href":"https:\/\/rdnews.al\/index.php\/wp-json\/wp\/v2\/comments?post=94565"}],"version-history":[{"count":1,"href":"https:\/\/rdnews.al\/index.php\/wp-json\/wp\/v2\/posts\/94565\/revisions"}],"predecessor-version":[{"id":94567,"href":"https:\/\/rdnews.al\/index.php\/wp-json\/wp\/v2\/posts\/94565\/revisions\/94567"}],"wp:featuredmedia":[{"embeddable":true,"href":"https:\/\/rdnews.al\/index.php\/wp-json\/wp\/v2\/media\/94566"}],"wp:attachment":[{"href":"https:\/\/rdnews.al\/index.php\/wp-json\/wp\/v2\/media?parent=94565"}],"wp:term":[{"taxonomy":"category","embeddable":true,"href":"https:\/\/rdnews.al\/index.php\/wp-json\/wp\/v2\/categories?post=94565"},{"taxonomy":"post_tag","embeddable":true,"href":"https:\/\/rdnews.al\/index.php\/wp-json\/wp\/v2\/tags?post=94565"}],"curies":[{"name":"wp","href":"https:\/\/api.w.org\/{rel}","templated":true}]}}