{"id":94598,"date":"2024-11-08T21:20:16","date_gmt":"2024-11-08T21:20:16","guid":{"rendered":"https:\/\/rdnews.al\/?p=94598"},"modified":"2024-11-08T21:20:16","modified_gmt":"2024-11-08T21:20:16","slug":"rama-flet-per-zgjedhjen-e-trump-do-jete-njesoj-si-biden-sdo-ndryshoje-gje","status":"publish","type":"post","link":"https:\/\/rdnews.al\/index.php\/2024\/11\/08\/rama-flet-per-zgjedhjen-e-trump-do-jete-njesoj-si-biden-sdo-ndryshoje-gje\/","title":{"rendered":"Rama flet p\u00ebr zgjedhjen e Trump: Do jet\u00eb nj\u00ebsoj si Biden, s&#8217;do ndryshoj\u00eb gj\u00eb"},"content":{"rendered":"<p>Zgjedhja e Trump \u201cp\u00ebr Shqip\u00ebrin\u00eb nuk n\u00ebnkupton asgj\u00eb\u201d. K\u00ebshtu ka deklaruar\u00a0 Rama n\u00eb Budapest t\u00eb Hungaris\u00eb ku po mbahet Samiti i Komunitetit Politik Europian, p\u00ebr \u00e7\u00ebshtjet e siguris\u00eb. Ai e ka p\u00ebrforcuar mendimin e tij p\u00ebrpara gazet\u00ebr\u00ebve duke shtuar: \u201cAsgj\u00eb nuk ndryshon. Shqiptar\u00ebt jan\u00eb komuniteti m\u00eb pro-amerikan n\u00eb Evrop\u00eb, k\u00ebshtu q\u00eb kushdo t\u00eb jet\u00eb n\u00eb Sht\u00ebpin\u00eb e Bardh\u00eb, nuk b\u00ebn ndonj\u00eb dallim t\u00eb madh&#8221;, tha ai duke e kosnideruar politikat e Trump nj\u00ebsoj si t\u00eb Biden.<\/p>\n<p>Donald Trump q\u00eb u zgjodh t\u00eb mart\u00ebn presidenti i 47 i SHBA-ve, por q\u00eb do t\u00eb mar\u00eb detyr\u00ebn n\u00eb janarin e ardhsh\u00ebm, ka shkaktuar shum\u00eb frik\u00eb dhe shqet\u00ebsim midis vendeve aleate n\u00eb per\u00ebndim. Por kryeministri Shqiptar ka zgjedhur t\u00eb mbaj\u00eb an\u00ebn e atyre q\u00eb besojn\u00eb se nj\u00eb gj\u00eb e till\u00eb do t\u00eb forcoj\u00eb NATO-n dhe nuk do t\u00eb jet\u00eb detyrimisht fatkeq\u00ebsi p\u00ebr Ukrain\u00ebn. \u201cJa kam th\u00ebn\u00eb (Zelenskit-sh\u00ebnim i Lapsi.al), mendoj q\u00eb nuk \u00ebsht\u00eb domosdoshm\u00ebrisht di\u00e7ka p\u00ebr t\u2019u shqet\u00ebsuar p\u00ebr shkak t\u00eb tij, por di\u00e7ka p\u00ebr t\u00eb reflektuar, p\u00ebr t\u00eb b\u00ebr\u00eb shum\u00eb m\u00eb tep\u00ebr p\u00ebr t\u00eb pasur nj\u00eb Evrop\u00eb shum\u00eb m\u00eb t\u00eb fort\u00eb. Kur u zgjodh her\u00ebn e par\u00eb, t\u00eb gjith\u00eb po dridheshin, sepse ndoshta NATO-s do t\u2019i vinte fundit, por NATO-ja u b\u00eb m\u00eb e fort\u00eb\u201d tha Rama nga mjediset e samitit.<\/p>\n","protected":false},"excerpt":{"rendered":"<p>Zgjedhja e Trump \u201cp\u00ebr Shqip\u00ebrin\u00eb nuk n\u00ebnkupton asgj\u00eb\u201d. K\u00ebshtu ka deklaruar\u00a0 Rama n\u00eb Budapest t\u00eb Hungaris\u00eb ku po mbahet Samiti i Komunitetit Politik Europian, p\u00ebr \u00e7\u00ebshtjet e siguris\u00eb. Ai e ka p\u00ebrforcuar mendimin e tij p\u00ebrpara gazet\u00ebr\u00ebve duke shtuar: \u201cAsgj\u00eb nuk ndryshon. Shqiptar\u00ebt jan\u00eb komuniteti m\u00eb pro-amerikan n\u00eb Evrop\u00eb, k\u00ebshtu q\u00eb kushdo t\u00eb jet\u00eb n\u00eb &hellip;<\/p>\n","protected":false},"author":3,"featured_media":94599,"comment_status":"closed","ping_status":"closed","sticky":false,"template":"","format":"standard","meta":{"footnotes":""},"categories":[37],"tags":[],"class_list":["post-94598","post","type-post","status-publish","format-standard","has-post-thumbnail","","category-politike"],"_links":{"self":[{"href":"https:\/\/rdnews.al\/index.php\/wp-json\/wp\/v2\/posts\/94598","targetHints":{"allow":["GET"]}}],"collection":[{"href":"https:\/\/rdnews.al\/index.php\/wp-json\/wp\/v2\/posts"}],"about":[{"href":"https:\/\/rdnews.al\/index.php\/wp-json\/wp\/v2\/types\/post"}],"author":[{"embeddable":true,"href":"https:\/\/rdnews.al\/index.php\/wp-json\/wp\/v2\/users\/3"}],"replies":[{"embeddable":true,"href":"https:\/\/rdnews.al\/index.php\/wp-json\/wp\/v2\/comments?post=94598"}],"version-history":[{"count":1,"href":"https:\/\/rdnews.al\/index.php\/wp-json\/wp\/v2\/posts\/94598\/revisions"}],"predecessor-version":[{"id":94600,"href":"https:\/\/rdnews.al\/index.php\/wp-json\/wp\/v2\/posts\/94598\/revisions\/94600"}],"wp:featuredmedia":[{"embeddable":true,"href":"https:\/\/rdnews.al\/index.php\/wp-json\/wp\/v2\/media\/94599"}],"wp:attachment":[{"href":"https:\/\/rdnews.al\/index.php\/wp-json\/wp\/v2\/media?parent=94598"}],"wp:term":[{"taxonomy":"category","embeddable":true,"href":"https:\/\/rdnews.al\/index.php\/wp-json\/wp\/v2\/categories?post=94598"},{"taxonomy":"post_tag","embeddable":true,"href":"https:\/\/rdnews.al\/index.php\/wp-json\/wp\/v2\/tags?post=94598"}],"curies":[{"name":"wp","href":"https:\/\/api.w.org\/{rel}","templated":true}]}}