{"id":94750,"date":"2024-11-10T19:02:50","date_gmt":"2024-11-10T19:02:50","guid":{"rendered":"https:\/\/rdnews.al\/?p=94750"},"modified":"2024-11-10T19:03:27","modified_gmt":"2024-11-10T19:03:27","slug":"kur-do-te-zhvillohen-zgjedhjet-e-parakohshme-ne-gjermani","status":"publish","type":"post","link":"https:\/\/rdnews.al\/index.php\/2024\/11\/10\/kur-do-te-zhvillohen-zgjedhjet-e-parakohshme-ne-gjermani\/","title":{"rendered":"Kur do t\u00eb zhvillohen zgjedhjet e parakohshme n\u00eb Gjermani"},"content":{"rendered":"<p>Po t\u00eb ndiqje zhvillimet e dit\u00ebve t\u00eb fundit, d\u00ebshtimi i qeveris\u00eb ishte si kronik\u00eb e nj\u00eb d\u00ebshtimi t\u00eb paralajm\u00ebruar, e megjithat\u00eb lajmi i prishjes s\u00eb koalicionit n\u00eb Berlin erdhi si shok p\u00ebr gjerman\u00ebt, q\u00eb n\u00eb sondazhe nuk qan\u00eb kushedi p\u00ebr k\u00ebt\u00eb qeveri, p\u00ebrkundrazi miratuan zgjedhje t\u00eb parakohshme. Po kur?<\/p>\n<p>Kjo \u00ebsht\u00eb pyetja kryesore q\u00eb preokupon Gjermanin\u00eb k\u00ebto dit\u00eb. Kur do t\u00eb zhvillohen zgjedhjet e parakoshme? Pas prishjes s\u00eb koalicionit qeveritar, kancelari Olaf Scholz (SPD) fillimisht caktoi dat\u00ebn 15 janar si dat\u00eb p\u00ebr vot\u00ebbesimin, por pas presionit nga Unioni dhe FDP, por edhe nga T\u00eb Gjelb\u00ebrit, ende partner\u00eb t\u00eb koalicionit, Scholz u shpreh i gatsh\u00ebm p\u00ebr nj\u00eb dat\u00eb m\u00eb t\u00eb hershme.<\/p>\n<p>K\u00ebt\u00eb gatishm\u00ebri ai e b\u00ebri t\u00eb qart\u00eb n\u00eb kuad\u00ebr t\u00eb samitit t\u00eb BE n\u00eb Budapest t\u00eb premten, ku Scholz tha, se \u201ctashm\u00eb kam njoftuar t\u00eb m\u00ebrkur\u00ebn n\u00eb mbr\u00ebmje se do t\u00eb doja t\u00eb mund\u00ebsoja sa m\u00eb shpejt zgjedhjet e reja n\u00eb Gjermani, n\u00eb m\u00ebnyr\u00eb q\u00eb t\u00eb ket\u00eb qart\u00ebsi shpejt pas largimit t\u00eb FDP nga koalicioni.<\/p>\n<p>Ne duhet ta diskutojm\u00eb dat\u00ebn sa m\u00eb qet\u00eb t\u00eb jet\u00eb e mundur\u201d, tha Scholz. Sipas tij, do t\u00eb ishte mir\u00eb q\u00eb \u201ct\u00eb arrihet nj\u00eb marr\u00ebveshje mes grupeve parlamentare demokratike n\u00eb Bundestag se cilat ligje mund t\u00eb miratohen k\u00ebt\u00eb vit\u201d.<\/p>\n<p>Por opozita, ashtu si edhe FDP-ja e larguar nga koalicioni kan\u00eb b\u00ebr\u00eb thirrje p\u00ebr nj\u00eb vot\u00ebbesim t\u00eb menj\u00ebhersh\u00ebm; Kandidati p\u00ebr kancelar i Unionit dhe kreu i CDU, Friedrich Merz foli t\u00eb premten n\u00eb favor t\u00eb zgjedhjeve t\u00eb reja n\u00eb 19 janar. N\u00ebse kjo do t\u00eb jet\u00eb e mundur, mbetet e hapur.<\/p>\n","protected":false},"excerpt":{"rendered":"<p>Po t\u00eb ndiqje zhvillimet e dit\u00ebve t\u00eb fundit, d\u00ebshtimi i qeveris\u00eb ishte si kronik\u00eb e nj\u00eb d\u00ebshtimi t\u00eb paralajm\u00ebruar, e megjithat\u00eb lajmi i prishjes s\u00eb koalicionit n\u00eb Berlin erdhi si shok p\u00ebr gjerman\u00ebt, q\u00eb n\u00eb sondazhe nuk qan\u00eb kushedi p\u00ebr k\u00ebt\u00eb qeveri, p\u00ebrkundrazi miratuan zgjedhje t\u00eb parakohshme. Po kur? Kjo \u00ebsht\u00eb pyetja kryesore q\u00eb preokupon &hellip;<\/p>\n","protected":false},"author":4,"featured_media":94751,"comment_status":"closed","ping_status":"closed","sticky":false,"template":"","format":"standard","meta":{"footnotes":""},"categories":[38],"tags":[],"class_list":["post-94750","post","type-post","status-publish","format-standard","has-post-thumbnail","","category-bota"],"_links":{"self":[{"href":"https:\/\/rdnews.al\/index.php\/wp-json\/wp\/v2\/posts\/94750","targetHints":{"allow":["GET"]}}],"collection":[{"href":"https:\/\/rdnews.al\/index.php\/wp-json\/wp\/v2\/posts"}],"about":[{"href":"https:\/\/rdnews.al\/index.php\/wp-json\/wp\/v2\/types\/post"}],"author":[{"embeddable":true,"href":"https:\/\/rdnews.al\/index.php\/wp-json\/wp\/v2\/users\/4"}],"replies":[{"embeddable":true,"href":"https:\/\/rdnews.al\/index.php\/wp-json\/wp\/v2\/comments?post=94750"}],"version-history":[{"count":1,"href":"https:\/\/rdnews.al\/index.php\/wp-json\/wp\/v2\/posts\/94750\/revisions"}],"predecessor-version":[{"id":94752,"href":"https:\/\/rdnews.al\/index.php\/wp-json\/wp\/v2\/posts\/94750\/revisions\/94752"}],"wp:featuredmedia":[{"embeddable":true,"href":"https:\/\/rdnews.al\/index.php\/wp-json\/wp\/v2\/media\/94751"}],"wp:attachment":[{"href":"https:\/\/rdnews.al\/index.php\/wp-json\/wp\/v2\/media?parent=94750"}],"wp:term":[{"taxonomy":"category","embeddable":true,"href":"https:\/\/rdnews.al\/index.php\/wp-json\/wp\/v2\/categories?post=94750"},{"taxonomy":"post_tag","embeddable":true,"href":"https:\/\/rdnews.al\/index.php\/wp-json\/wp\/v2\/tags?post=94750"}],"curies":[{"name":"wp","href":"https:\/\/api.w.org\/{rel}","templated":true}]}}