{"id":94755,"date":"2024-11-10T20:02:00","date_gmt":"2024-11-10T20:02:00","guid":{"rendered":"https:\/\/rdnews.al\/?p=94755"},"modified":"2024-11-10T20:07:20","modified_gmt":"2024-11-10T20:07:20","slug":"cili-kriminel-e-beri-dumanin-me-3-apartamente-dhe-pse-hesht-kreu-i-spak","status":"publish","type":"post","link":"https:\/\/rdnews.al\/index.php\/2024\/11\/10\/cili-kriminel-e-beri-dumanin-me-3-apartamente-dhe-pse-hesht-kreu-i-spak\/","title":{"rendered":"Cili kriminel e b\u00ebri Dumanin me 3 apartamente dhe pse hesht kreu i SPAK?"},"content":{"rendered":"<p><strong>Dumani zot\u00ebron apartament n\u00eb Yzberisht bler\u00eb n\u00eb 2015.<\/strong><\/p>\n<p><strong>Dumani ka n\u00eb pron\u00ebsi nj\u00eb apartament me vler\u00eb 50 mij\u00eb euro<\/strong><\/p>\n<p><strong>Dumani zot\u00ebron nj\u00eb sip\u00ebrfaqe 29 metra katrore ambient (zyre). Bler\u00eb n\u00eb shum\u00ebn 28 mij\u00eb euro.<\/strong><\/p>\n<p><strong>Dumani ka deklaruar se banon n\u00eb nj\u00eb sht\u00ebpi t\u00eb prind\u00ebrve t\u00eb gruas dhe apartamentet e tij i ka l\u00ebn\u00eb me qira. Komisioni i Vetingut\u00a0 konstatoi se Dumani nuk ka paguar tatimin p\u00ebr qirat\u00eb<\/strong><\/p>\n<p>&nbsp;<\/p>\n<p><strong>Pjes<em>\u00eb <\/em>nga mesazhi i Kryetarit t\u00eb PD tek Rruga e Shpres\u00ebs<\/strong><\/p>\n<p>Edi Rama ka firmosur me dhjet\u00ebra e dhjet\u00ebra vendime p\u00ebr 6 milion m2 tok\u00eb, n\u00eb t\u00eb cilat thuhet se \u00ebsht\u00eb n\u00eb \u00e7do kontrat\u00eb 30% aksioner.<\/p>\n<p>Vendime nominale, vendime me em\u00ebr mbiem\u00ebr. Ka firmosur p\u00ebr v\u00ebllain e tij, duke iu marr\u00eb tok\u00ebn pronar\u00ebve. Firmos p\u00ebr minsitrat, duke marr\u00eb p\u00ebrqindjen e tij.<\/p>\n<p>Edi Rama \u00ebsht\u00eb sot zyrtari i vet\u00ebm n\u00eb Shqip\u00ebri dhe n\u00eb bot\u00eb n\u00eb rastin e t\u00eb cilit njeriu q\u00eb ka korruptuar dhe i ka paguar 224 mij\u00eb dollar\u00eb ryshfet kund\u00ebr Sali Berish\u00ebs \u00ebsht\u00eb d\u00ebnuar me burg si i d\u00ebnuar nga Gjykata e Uashingtonit 2 vjet e 4 muaj.<\/p>\n<p>Njeriu q\u00eb i dha parat\u00eb, njeriu q\u00eb e korruptoi, Edi Rama mbrohet nga mercenar Dumani, nga llum Dumani.<\/p>\n<p>Po tani, o llum q\u00eb ata t\u00eb cil\u00ebt mbrojt\u00ebn Edi Ram\u00ebn mor\u00ebn damk\u00ebn e historis\u00eb, ku do shkosh ti q\u00eb mbron hajdutin, kriminelin, banditin q\u00eb korruptoi vendit mik dhe aleat shefin e kund\u00ebrzbulimit, vet\u00ebm e vet\u00ebm p\u00ebr t\u00eb luftuar opozit\u00ebn?<\/p>\n<p>\u00c7far\u00eb fytyre ke ti mor? Ke fytyr\u00eb ti? S\u2019ke fytyr\u00eb! Ti ke fytyr\u00ebn e zez\u00eb t\u00eb k\u00ebpuceve t\u00eb Edi Ram\u00ebs, asgj\u00eb tjet\u00ebr!<\/p>\n<p>Ti faqezi q\u00eb drejton nj\u00eb organizat\u00eb kriminale politike n\u00eb Skapin e partis\u00eb mbyll dosjet e Edi Ram\u00ebs, ministrave t\u00eb tij, zyrtar\u00ebve t\u00eb tij, v\u00ebllait t\u00eb tij.<\/p>\n<p>I burgos deputet\u00ebt e opozit\u00ebs. Zvarrit ish-president\u00eb para t\u00eb cil\u00ebve jepje duart n\u00eb Kushtetut\u00eb, o i pa bes\u00eb dhe i pa moral. T\u00eb gjitha k\u00ebto i b\u00ebn se je nj\u00eb hajdut ordiner. T\u00eb gjitha k\u00ebto i b\u00ebn se 8 vite m\u00eb par\u00eb, jo tani, je gjetur me 3 apartamente me rrog\u00ebn t\u00ebnde.<\/p>\n<p>Po cili shqiptar mund t\u00eb b\u00ebj\u00eb 3 apartamente? Cili kriminel t\u00eb dha ty parat\u00eb p\u00ebr t\u2019u b\u00ebr\u00eb me 3 apartamente?<\/p>\n<p>Apo t\u00eb mori peng Edi Rama? T\u00eb mbron p\u00ebr t\u00eb b\u00ebr\u00eb pyetjet 1 milion\u00ebshe.<\/p>\n<p>Drejt\u00ebsia vonon, por nuk harron!<\/p>\n<p>E v\u00ebrteta vonon, por fytyra juaj, karakteri juaj do t\u00eb dal\u00eb n\u00eb drit\u00eb. Dhe harroje se ka diplomat\u00eb, harroje se ka shtetar, harroje se ka zyrtar n\u00eb bot\u00eb se do t\u00eb mbroj\u00eb Edi Ram\u00ebn dhe ty nga vrulli, nga revolta, nga zem\u00ebrimi i shqiptar\u00ebve.<\/p>\n<p>\u00cbsht\u00eb radha jon\u00eb! \u00cbsht\u00eb radha jon\u00eb! \u00cbsht\u00eb radha jon\u00eb!<\/p>\n<p>Fitore! Fitore! Fitore!<\/p>\n","protected":false},"excerpt":{"rendered":"<p>Dumani zot\u00ebron apartament n\u00eb Yzberisht bler\u00eb n\u00eb 2015. Dumani ka n\u00eb pron\u00ebsi nj\u00eb apartament me vler\u00eb 50 mij\u00eb euro Dumani zot\u00ebron nj\u00eb sip\u00ebrfaqe 29 metra katrore ambient (zyre). Bler\u00eb n\u00eb shum\u00ebn 28 mij\u00eb euro. Dumani ka deklaruar se banon n\u00eb nj\u00eb sht\u00ebpi t\u00eb prind\u00ebrve t\u00eb gruas dhe apartamentet e tij i ka l\u00ebn\u00eb me qira. &hellip;<\/p>\n","protected":false},"author":3,"featured_media":83808,"comment_status":"closed","ping_status":"closed","sticky":false,"template":"","format":"standard","meta":{"footnotes":""},"categories":[37],"tags":[],"class_list":["post-94755","post","type-post","status-publish","format-standard","has-post-thumbnail","","category-politike"],"_links":{"self":[{"href":"https:\/\/rdnews.al\/index.php\/wp-json\/wp\/v2\/posts\/94755","targetHints":{"allow":["GET"]}}],"collection":[{"href":"https:\/\/rdnews.al\/index.php\/wp-json\/wp\/v2\/posts"}],"about":[{"href":"https:\/\/rdnews.al\/index.php\/wp-json\/wp\/v2\/types\/post"}],"author":[{"embeddable":true,"href":"https:\/\/rdnews.al\/index.php\/wp-json\/wp\/v2\/users\/3"}],"replies":[{"embeddable":true,"href":"https:\/\/rdnews.al\/index.php\/wp-json\/wp\/v2\/comments?post=94755"}],"version-history":[{"count":2,"href":"https:\/\/rdnews.al\/index.php\/wp-json\/wp\/v2\/posts\/94755\/revisions"}],"predecessor-version":[{"id":94757,"href":"https:\/\/rdnews.al\/index.php\/wp-json\/wp\/v2\/posts\/94755\/revisions\/94757"}],"wp:featuredmedia":[{"embeddable":true,"href":"https:\/\/rdnews.al\/index.php\/wp-json\/wp\/v2\/media\/83808"}],"wp:attachment":[{"href":"https:\/\/rdnews.al\/index.php\/wp-json\/wp\/v2\/media?parent=94755"}],"wp:term":[{"taxonomy":"category","embeddable":true,"href":"https:\/\/rdnews.al\/index.php\/wp-json\/wp\/v2\/categories?post=94755"},{"taxonomy":"post_tag","embeddable":true,"href":"https:\/\/rdnews.al\/index.php\/wp-json\/wp\/v2\/tags?post=94755"}],"curies":[{"name":"wp","href":"https:\/\/api.w.org\/{rel}","templated":true}]}}