{"id":94923,"date":"2024-11-12T09:16:15","date_gmt":"2024-11-12T09:16:15","guid":{"rendered":"https:\/\/rdnews.al\/?p=94923"},"modified":"2024-11-12T09:16:15","modified_gmt":"2024-11-12T09:16:15","slug":"der-standard-kamp-internimi-per-emigrantet-ne-shqiperi","status":"publish","type":"post","link":"https:\/\/rdnews.al\/index.php\/2024\/11\/12\/der-standard-kamp-internimi-per-emigrantet-ne-shqiperi\/","title":{"rendered":"&#8220;Der Standard&#8221;: Kamp internimi p\u00ebr emigrant\u00ebt n\u00eb Shqip\u00ebri"},"content":{"rendered":"<p>Q\u00ebllimi i deklaruar i qeveris\u00eb s\u00eb djatht\u00eb t\u00eb Giorgia Melonit q\u00eb n\u00eb fillim ishte q\u00eb emigrant\u00ebt t\u00eb q\u00ebndronin n\u00eb qendrat e d\u00ebbimit n\u00eb Shqip\u00ebri p\u00ebr maksimum tridhjet\u00eb dit\u00eb, dhe m\u00eb pas t\u00eb d\u00ebboheshin n\u00eb m\u00ebnyr\u00eb t\u00eb p\u00ebrshpejtuar.<\/p>\n<p>Megjithat\u00eb, n\u00eb praktik\u00eb, kufiri kohor \u00ebsht\u00eb tejkaluar qart\u00eb: grupi i par\u00eb prej dymb\u00ebdhjet\u00eb migrant\u00ebsh u largua nga kampi pas vet\u00ebm kat\u00ebr dit\u00ebsh; Grupi i dyt\u00eb prej shtat\u00eb refugjat\u00ebsh, t\u00eb cil\u00ebt mb\u00ebrrit\u00ebn n\u00eb Shqip\u00ebri t\u00eb shtun\u00ebn e kaluar, pritet t\u00eb largohen nga qendra e diskutueshme t\u00eb mart\u00ebn ose t\u00eb m\u00ebrkur\u00ebn m\u00eb s\u00eb voni. Ndryshe nga synimet e qeveris\u00eb, emigrant\u00ebt nuk \u201cd\u00ebrgohen n\u00eb sht\u00ebpi\u201d por n\u00eb Itali, ku duhet t\u00eb lirohen menj\u00ebher\u00eb.<\/p>\n<p>Kjo u urdh\u00ebrua nga gjykata romake p\u00ebrgjegj\u00ebse p\u00ebr migrant\u00ebt, e cila kishte marr\u00eb tashm\u00eb nj\u00eb vendim p\u00ebr grupin e par\u00eb t\u00eb emigrant\u00ebve.\u00a0N\u00eb t\u00eb dyja rastet, azilk\u00ebrkuesit vinin nga Egjipti dhe Bangladeshi. Gjyqtar\u00ebt romak\u00eb e bazuan vendimin e tyre n\u00eb nj\u00eb vendim t\u00eb Gjykat\u00ebs Evropiane t\u00eb Drejt\u00ebsis\u00eb (GJED), e cila vendosi m\u00eb 4 tetor se vendet e origjin\u00ebs mund t\u00eb konsiderohen &#8220;t\u00eb sigurta&#8221;, vet\u00ebm n\u00ebse jan\u00eb t\u00eb tilla n\u00eb t\u00eb gjith\u00eb territorin e tyre. Dhe ky nuk ishte rasti me Egjiptin apo Bangladeshin, theksoi gjykata. Prandaj, emigrant\u00ebt nuk mund t\u00eb deportoheshin fare, p\u00ebr k\u00ebt\u00eb arsye ata do t\u00eb duhej t\u00eb transferoheshin n\u00eb Itali dhe t\u00eb liroheshin. Shqip\u00ebria nuk \u00ebsht\u00eb e p\u00ebrgatitur t\u00eb pranoj\u00eb azilk\u00ebrkues nga vet\u00eb kampet italiane.<\/p>\n<p><strong>Humbje politike<\/strong><\/p>\n<p>Vendimi i gjykat\u00ebs \u00ebsht\u00eb nj\u00eb penges\u00eb serioze politike p\u00ebr kryeministren Giorgia Meloni, ve\u00e7an\u00ebrisht pasi vendimi nuk ishte befasi: vendimet e GJED-s\u00eb jan\u00eb thelb\u00ebsisht superiore ndaj ligjit komb\u00ebtar. Por qeveria n\u00eb Rom\u00eb donte t\u00eb godiste murin me kok\u00eb dhe, pas vendimit t\u00eb par\u00eb negativ t\u00eb gjykat\u00ebs n\u00eb tetor, miratoi me nxitim nj\u00eb ligj emergjence, q\u00eb e ngriti shpejt list\u00ebn ekzistuese t\u00eb vendeve t\u00eb sigurta t\u00eb origjin\u00ebs, n\u00eb statusin e nj\u00eb ligji q\u00eb gjykatat mund t\u00eb ndiqnin. Qeveria kishte b\u00ebr\u00eb gjithashtu nj\u00eb apel kund\u00ebr vendimit t\u00eb gjykat\u00ebs s\u00eb Rom\u00ebs n\u00eb Gjykat\u00ebn e Kasacionit, gjykat\u00ebn m\u00eb t\u00eb lart\u00eb t\u00eb Italis\u00eb.<\/p>\n<p>Gjykata e Kasacionit pritet t\u00eb vendos\u00eb p\u00ebr k\u00ebt\u00eb \u00e7\u00ebshtje n\u00eb fillim t\u00eb dhjetorit. Dhe GJED do t\u00eb merret gjithashtu me kampet italiane n\u00eb Shqip\u00ebri n\u00eb dy-tre muajt e ardhsh\u00ebm, sepse nj\u00eb gjykat\u00eb n\u00eb Bolonja kishte p\u00ebrcjell\u00eb ankes\u00ebn e nj\u00eb emigranti te gjyqtar\u00ebt n\u00eb Luksemburg, menj\u00ebher\u00eb pas nxjerrjes s\u00eb dekretit p\u00ebr vendet e sigurta t\u00eb origjin\u00ebs &#8211; me k\u00ebrkes\u00eb p\u00ebr sqarim n\u00ebse ligji europian apo italian duhet t\u00eb zbatohet p\u00ebr \u00e7\u00ebshtjet e vendeve t\u00eb sigurta t\u00eb origjin\u00ebs. Pasi grupi i dyt\u00eb i emigrant\u00ebve u largua s\u00ebrish, pritet q\u00eb qeveria e djatht\u00eb e Giorgia Melonit t\u00eb mos insistoj\u00eb m\u00eb dhe t\u00eb mos d\u00ebrgoj\u00eb m\u00eb emigrant\u00eb n\u00eb Shqip\u00ebri, derisa Gjykata e Kasacionit dhe GJED t\u00eb Italis\u00eb t\u00eb trajtojn\u00eb \u00e7\u00ebshtjen.<\/p>\n<p><strong>Mbrojtja policore<\/strong><\/p>\n<p>Fillimisht nuk pati reagime politike p\u00ebr vendimin e gjykat\u00ebs romake, i cili u mor vet\u00ebm t\u00eb h\u00ebn\u00ebn n\u00eb mbr\u00ebmje. Vendimi i par\u00eb n\u00eb tetor \u00e7oi n\u00eb nj\u00eb konflikt t\u00eb r\u00ebnd\u00eb midis p\u00ebrfaq\u00ebsuesve t\u00eb qeveris\u00eb dhe gjyq\u00ebsorit. N\u00eb ve\u00e7anti, z\u00ebvend\u00ebskryeministri dhe udh\u00ebheq\u00ebsi i Legas, Matteo Salvini i p\u00ebrshkroi gjyqtar\u00ebt romak\u00eb si &#8220;komunist\u00eb&#8221;, q\u00eb bojkotuan vendimet e qeveris\u00eb demokratike n\u00eb nj\u00eb m\u00ebnyr\u00eb subversive. Gjyqtarja romake Silvia Albano, e cila shkroi vendimin e par\u00eb n\u00eb tetor, m\u00eb pas duhej t\u00eb vihej n\u00ebn mbrojtjen e policis\u00eb. \u201cUn\u00eb jam zgjedhur si kok\u00eb turku nga qeveria, por nuk kisha nd\u00ebrmend t\u00eb p\u00ebrballesha me vendimin\u201d, theksoi Albano. Gjykata veproi n\u00eb p\u00ebrputhje me kushtetut\u00ebn dhe zbatoi ligjet komb\u00ebtare dhe mbikomb\u00ebtare. \/<a href=\"https:\/\/www.derstandard.at\/story\/3000000244494\/internierungslager-fuer-migranten-in-albanien-erneute-abfuhr-fuer-meloni\" target=\"_blank\" rel=\"noopener\">Der Standard.<\/a><\/p>\n","protected":false},"excerpt":{"rendered":"<p>Q\u00ebllimi i deklaruar i qeveris\u00eb s\u00eb djatht\u00eb t\u00eb Giorgia Melonit q\u00eb n\u00eb fillim ishte q\u00eb emigrant\u00ebt t\u00eb q\u00ebndronin n\u00eb qendrat e d\u00ebbimit n\u00eb Shqip\u00ebri p\u00ebr maksimum tridhjet\u00eb dit\u00eb, dhe m\u00eb pas t\u00eb d\u00ebboheshin n\u00eb m\u00ebnyr\u00eb t\u00eb p\u00ebrshpejtuar. Megjithat\u00eb, n\u00eb praktik\u00eb, kufiri kohor \u00ebsht\u00eb tejkaluar qart\u00eb: grupi i par\u00eb prej dymb\u00ebdhjet\u00eb migrant\u00ebsh u largua nga kampi &hellip;<\/p>\n","protected":false},"author":4,"featured_media":94924,"comment_status":"closed","ping_status":"closed","sticky":false,"template":"","format":"standard","meta":{"footnotes":""},"categories":[37],"tags":[],"class_list":["post-94923","post","type-post","status-publish","format-standard","has-post-thumbnail","","category-politike"],"_links":{"self":[{"href":"https:\/\/rdnews.al\/index.php\/wp-json\/wp\/v2\/posts\/94923","targetHints":{"allow":["GET"]}}],"collection":[{"href":"https:\/\/rdnews.al\/index.php\/wp-json\/wp\/v2\/posts"}],"about":[{"href":"https:\/\/rdnews.al\/index.php\/wp-json\/wp\/v2\/types\/post"}],"author":[{"embeddable":true,"href":"https:\/\/rdnews.al\/index.php\/wp-json\/wp\/v2\/users\/4"}],"replies":[{"embeddable":true,"href":"https:\/\/rdnews.al\/index.php\/wp-json\/wp\/v2\/comments?post=94923"}],"version-history":[{"count":1,"href":"https:\/\/rdnews.al\/index.php\/wp-json\/wp\/v2\/posts\/94923\/revisions"}],"predecessor-version":[{"id":94925,"href":"https:\/\/rdnews.al\/index.php\/wp-json\/wp\/v2\/posts\/94923\/revisions\/94925"}],"wp:featuredmedia":[{"embeddable":true,"href":"https:\/\/rdnews.al\/index.php\/wp-json\/wp\/v2\/media\/94924"}],"wp:attachment":[{"href":"https:\/\/rdnews.al\/index.php\/wp-json\/wp\/v2\/media?parent=94923"}],"wp:term":[{"taxonomy":"category","embeddable":true,"href":"https:\/\/rdnews.al\/index.php\/wp-json\/wp\/v2\/categories?post=94923"},{"taxonomy":"post_tag","embeddable":true,"href":"https:\/\/rdnews.al\/index.php\/wp-json\/wp\/v2\/tags?post=94923"}],"curies":[{"name":"wp","href":"https:\/\/api.w.org\/{rel}","templated":true}]}}