{"id":94935,"date":"2024-11-12T09:43:55","date_gmt":"2024-11-12T09:43:55","guid":{"rendered":"https:\/\/rdnews.al\/?p=94935"},"modified":"2024-11-12T09:43:55","modified_gmt":"2024-11-12T09:43:55","slug":"me-pranga-ne-duar-beqaj-mberrin-ne-kuvend-per-te-deshmuar-ne-komisionin-hetimor-te-sterilizimit","status":"publish","type":"post","link":"https:\/\/rdnews.al\/index.php\/2024\/11\/12\/me-pranga-ne-duar-beqaj-mberrin-ne-kuvend-per-te-deshmuar-ne-komisionin-hetimor-te-sterilizimit\/","title":{"rendered":"Me pranga n\u00eb duar, Beqaj mb\u00ebrrin n\u00eb Kuvend p\u00ebr t\u00eb d\u00ebshmuar n\u00eb Komisionin Hetimor t\u00eb \u201cSterilizimit\u201d"},"content":{"rendered":"<p>Me pranga n\u00eb duar, ish-ministri i Sh\u00ebndet\u00ebsis\u00eb, Ilir Beqaj, la qelin\u00eb k\u00ebt\u00eb t\u00eb mart\u00eb p\u00ebr t\u00eb d\u00ebshmuar n\u00eb Komisionin Hetimor Parlamentar p\u00ebr koncesionet n\u00eb sh\u00ebndet\u00ebsi. Beqaj zbriti nga furgoni i policis\u00eb me duart n\u00eb pranga, por t\u00eb mbuluara me nj\u00eb xhup.<\/p>\n<p>Beqaj do t\u00eb pyetet nga deputet\u00ebt n\u00eb lidhje me t\u00eb dy koncesionet, t\u00eb konsideruara abuzive, teksa p\u00ebr sterilizimin ai \u00ebsht\u00eb marr\u00eb zyrtarisht i pandehur p\u00ebr vepr\u00ebn penale \u201cshp\u00ebrdorim detyre\u201d.<\/p>\n<p>Beqaj mori miratimin e Drejtoris\u00eb s\u00eb Burgjeve p\u00ebr t\u00eb d\u00ebshmuar n\u00eb Kuvend, nd\u00ebrsa nj\u00eb dit\u00eb m\u00eb par\u00eb d\u00ebshmoi biznesmeni Ilir Rrapaj, gjithashtu i paraburgosur me k\u00ebrkes\u00eb t\u00eb SPAK.<\/p>\n<p>M\u00eb par\u00eb ka d\u00ebshmuar n\u00eb komision edhe Klodian Rjepaj, ish-zv.ministri i Sh\u00ebndet\u00ebsis\u00eb.<\/p>\n<p><span style=\"font-style: inherit; font-weight: inherit;\">N\u00eb nj\u00eb prej seancave gjyq\u00ebsore n\u00eb GJKKO, lidhur me thirrjen n\u00eb komision, Beqaj k\u00ebrkoi t\u00eb dinte q\u00ebndrimin e gjykat\u00ebs, pasi ai paralajm\u00ebroi se do t\u00eb nxjerr\u00eb sekret hetimor.<\/span><\/p>\n<p><em style=\"font-weight: inherit;\">\u201cJam thirrur n\u00eb Komisionin Hetimor p\u00ebr t\u00eb paraqitur pretendimet e mia dhe p\u00ebr t\u00eb dh\u00ebn\u00eb sqarime para deputet\u00ebve. Kam nd\u00ebrkoh\u00eb nga nj\u00eb tjet\u00ebr trup\u00eb gjykuese nj\u00eb mas\u00eb sigurie (p\u00ebr dosjen SASPAC), sa koh\u00eb do m\u00eb jepet p\u00ebr t\u00eb p\u00ebrgatitur q\u00ebndrimet e mia? Ky nuk \u00ebsht\u00eb shqet\u00ebsimi m\u00eb i madh, pasi do duhet t\u2019i zb\u00ebrthej n\u00eb komision t\u00eb gjitha aktet dhe argumentet, nj\u00eb pjes\u00eb e t\u00eb cilave p\u00ebrb\u00ebjn\u00eb sekret hetimor, dhe deklarimet e mia atje mund t\u00eb p\u00ebrb\u00ebjn\u00eb shkelje t\u00eb vendimit t\u00eb gjykat\u00ebs p\u00ebr mosnxjerrje t\u00eb sekretit hetimor. Dua t\u00eb di q\u00ebndrimin e gjykat\u00ebs\u201d<\/em>, u shpreh ish-ministri.<\/p>\n<p>Nd\u00ebrkoh\u00eb, nj\u00eb dit\u00eb m\u00eb par\u00eb d\u00ebshmoi p\u00ebr rreth 5 or\u00eb biznesmeni Ilir Rrapaj, i cili \u00ebsht\u00eb nj\u00eb prej p\u00ebrfituesve t\u00eb koncesionit abuziv t\u00eb sterilizimit. Gjithashtu, n\u00eb mbledhjen e djeshme t\u00eb komisionit pati p\u00ebrplasje t\u00eb forta mes opozit\u00ebs dhe mazhoranc\u00ebs n\u00eb lidhje me mosparaqitjen e d\u00ebshmimtar\u00ebve.<\/p>\n<p>M\u00eb konkretisht, dit\u00ebn e djeshme nuk u paraqit\u00ebn biznesmen\u00ebt italian\u00eb, p\u00ebrfitues t\u00eb koncesionit t\u00eb sterilizimit, teksa nj\u00eb em\u00ebr tjet\u00ebr q\u00eb nuk po paraqitet n\u00eb komision p\u00ebr t\u00eb d\u00ebshmuar \u00ebsht\u00eb dhe biznesmenia Vilma Nushi, e cila \u00ebsht\u00eb nj\u00eb prej p\u00ebrfitueseve t\u00eb koncesionit abuziv t\u00eb check up-it.<\/p>\n<p>Deputet\u00ebt socialist u hodh\u00ebn n\u00eb mbrojtje t\u00eb saj, si Plarent Ndreca apo Edona Bilali, madje sipas k\u00ebsaj t\u00eb fundit, Vilma Nushit nuk duhet t\u2019i p\u00ebrmendej as emri, por t\u2019i referoheshin me iniciale V.N., edhe pse ajo ka marr\u00eb miliona euro nga lek\u00ebt e taksapaguesve shqiptar\u00eb.<\/p>\n<p>Nd\u00ebrkoh\u00eb, kryetarja e komisionit Albana Vokshi deklaroi se ai komision nuk mund t\u00eb mbyllet pa thirrjen e d\u00ebshmimtar\u00ebve ky\u00e7, si Vilma Nushi dhe sipas saj, ajo duhet t\u00eb paraqitet edhe me Polici n\u00ebse do t\u00eb jet\u00eb e nevojshme.<\/p>\n<p>Kujtojm\u00eb se ve\u00e7 sterilizimit, Ilir Beqaj\u00a0u arrestua n\u00eb fillim t\u00eb muajit korrik me urdh\u00ebr t\u00eb SPAK n\u00eb lidhje me abuzimin me fondet e Bashkimit Europian gjat\u00eb koh\u00ebs q\u00eb ish-ministri drejtonte Agjencin\u00eb Shtet\u00ebrore t\u00eb Programimit Strategjik dhe Koordinimit t\u00eb Ndihm\u00ebs (SASPAC).<\/p>\n<p>Beqaj dyshohet se p\u00ebrmes njer\u00ebzve t\u00eb besuar ka nd\u00ebrtuar nj\u00eb skem\u00eb p\u00ebr t\u00eb p\u00ebrfituar shuma t\u00eb m\u00ebdha parash duke l\u00ebshuar fatura fiktive p\u00ebr sh\u00ebrbime t\u00eb pakryera, t\u00eb l\u00ebshuara nga biznese t\u00eb ndryshme n\u00eb Tiran\u00eb.<\/p>\n<p>Gjithashtu, ai akuzohet edhe p\u00ebr fshehje pasurie, pasi dyshohet se \u00ebsht\u00eb pronari \u201cfaktik\u201d i restorantit \u201cGzona\u201d tek Kalaja e Tiran\u00ebs, si dhe i nj\u00eb automjeti q\u00eb e ka n\u00eb em\u00ebr t\u00eb bashk\u00ebpun\u00ebtorit t\u00eb tij, po ashtu n\u00eb burg, Ermal Kurtulaj.<\/p>\n","protected":false},"excerpt":{"rendered":"<p>Me pranga n\u00eb duar, ish-ministri i Sh\u00ebndet\u00ebsis\u00eb, Ilir Beqaj, la qelin\u00eb k\u00ebt\u00eb t\u00eb mart\u00eb p\u00ebr t\u00eb d\u00ebshmuar n\u00eb Komisionin Hetimor Parlamentar p\u00ebr koncesionet n\u00eb sh\u00ebndet\u00ebsi. Beqaj zbriti nga furgoni i policis\u00eb me duart n\u00eb pranga, por t\u00eb mbuluara me nj\u00eb xhup. Beqaj do t\u00eb pyetet nga deputet\u00ebt n\u00eb lidhje me t\u00eb dy koncesionet, t\u00eb konsideruara &hellip;<\/p>\n","protected":false},"author":4,"featured_media":94936,"comment_status":"closed","ping_status":"closed","sticky":false,"template":"","format":"standard","meta":{"footnotes":""},"categories":[37],"tags":[],"class_list":["post-94935","post","type-post","status-publish","format-standard","has-post-thumbnail","","category-politike"],"_links":{"self":[{"href":"https:\/\/rdnews.al\/index.php\/wp-json\/wp\/v2\/posts\/94935","targetHints":{"allow":["GET"]}}],"collection":[{"href":"https:\/\/rdnews.al\/index.php\/wp-json\/wp\/v2\/posts"}],"about":[{"href":"https:\/\/rdnews.al\/index.php\/wp-json\/wp\/v2\/types\/post"}],"author":[{"embeddable":true,"href":"https:\/\/rdnews.al\/index.php\/wp-json\/wp\/v2\/users\/4"}],"replies":[{"embeddable":true,"href":"https:\/\/rdnews.al\/index.php\/wp-json\/wp\/v2\/comments?post=94935"}],"version-history":[{"count":1,"href":"https:\/\/rdnews.al\/index.php\/wp-json\/wp\/v2\/posts\/94935\/revisions"}],"predecessor-version":[{"id":94937,"href":"https:\/\/rdnews.al\/index.php\/wp-json\/wp\/v2\/posts\/94935\/revisions\/94937"}],"wp:featuredmedia":[{"embeddable":true,"href":"https:\/\/rdnews.al\/index.php\/wp-json\/wp\/v2\/media\/94936"}],"wp:attachment":[{"href":"https:\/\/rdnews.al\/index.php\/wp-json\/wp\/v2\/media?parent=94935"}],"wp:term":[{"taxonomy":"category","embeddable":true,"href":"https:\/\/rdnews.al\/index.php\/wp-json\/wp\/v2\/categories?post=94935"},{"taxonomy":"post_tag","embeddable":true,"href":"https:\/\/rdnews.al\/index.php\/wp-json\/wp\/v2\/tags?post=94935"}],"curies":[{"name":"wp","href":"https:\/\/api.w.org\/{rel}","templated":true}]}}