{"id":94962,"date":"2024-11-12T12:09:38","date_gmt":"2024-11-12T12:09:38","guid":{"rendered":"https:\/\/rdnews.al\/?p=94962"},"modified":"2024-11-12T12:09:38","modified_gmt":"2024-11-12T12:09:38","slug":"nese-beqaj-do-te-beje-prezantim-te-shkoje-ne-surrel","status":"publish","type":"post","link":"https:\/\/rdnews.al\/index.php\/2024\/11\/12\/nese-beqaj-do-te-beje-prezantim-te-shkoje-ne-surrel\/","title":{"rendered":"\u201cN\u00ebse Beqaj do t\u00eb b\u00ebj\u00eb prezantim t\u00eb shkoj\u00eb n\u00eb Surrel\u201d"},"content":{"rendered":"<p>Komisioni i Posac\u00ebm Hetimor Parlamentar ka nd\u00ebrprer\u00eb pun\u00ebn p\u00ebrkoh\u00ebsisht, pas debateve t\u00eb ashpra n\u00eb komision mes kryetares Albana Vokshi dhe n\u00ebnkryetarit Plarent Ndreca.<\/p>\n<p>Ka qen\u00eb vet\u00eb Ndreca q\u00eb ka k\u00ebrkuar nj\u00eb pushim t\u00eb shkurt\u00ebr pas p\u00ebrfshirjes n\u00eb debat, teksa pritej t\u00eb niste d\u00ebshmin\u00eb ish-ministri i Sh\u00ebndet\u00ebsis\u00eb, Ilir Beqaj.<\/p>\n<p>Ka qen\u00eb pik\u00ebrisht k\u00ebrkesa e k\u00ebtij t\u00eb fundit p\u00ebrmes avokatit mbrojt\u00ebs, Ermal Yzeiraj p\u00ebr t\u00eb prezantuar d\u00ebshmin\u00eb e tij me power point, k\u00ebrkes\u00eb e cila \u00ebsht\u00eb refuzuar nga kryetarja Vokshi.<\/p>\n<p>Kjo k\u00ebrkes\u00eb nuk u pranua nga kryetarja Albana Vokshi, e cila tha se sipas procedur\u00ebs ai duhet t\u00eb b\u00ebj\u00eb nj\u00eb deklarat\u00eb dhe jo prezantim. Vokshi tha se, Komisioni Hetimor nuk \u00ebsht\u00eb as gjykat\u00eb as prokurori.<\/p>\n<p>Nd\u00ebrkoh\u00eb q\u00eb Plarent Ndreca u shpreh se kjo q\u00eb po b\u00ebn Vokshi, duke mos lejuar Beqajn t\u00eb mos b\u00ebj prezantim dhe video\u00a0\u00ebsht\u00eb heqje e fjal\u00ebs s\u00eb lir\u00eb.<\/p>\n<p>N\u00eb replik\u00ebn e saj p\u00ebr Ndrec\u00ebn, Albana Vokshi, tha se,\u00a0\u201cn\u00ebse Beqaj do t\u00eb b\u00ebj\u00eb prezantim t\u00eb shkoj\u00eb n\u00eb Surrel\u201d, duke n\u00ebnkuptuar k\u00ebtu kryeministrin Rama, i cili banon n\u00eb Surrel.<\/p>\n<p>Kaq \u00ebsht\u00eb dashur q\u00eb t\u00eb ndizej debati n\u00eb Komisionin p\u00ebr koncnensionet n\u00eb Sh\u00ebndet\u00ebsi nga ana e Plarent Ndrec\u00ebs, nd\u00ebrsa Vokshi i ka kujtuar k\u00ebtij t\u00eb fundit se ka konflikt interesi me avokatin e Beqajt, ndaj p\u00ebr k\u00ebt\u00eb duhet t\u00eb linte komisionin dhe t\u00eb mos ishte prezent\u00a0gjat\u00eb seanc\u00ebs s\u00eb d\u00ebshmis\u00eb.<\/p>\n","protected":false},"excerpt":{"rendered":"<p>Komisioni i Posac\u00ebm Hetimor Parlamentar ka nd\u00ebrprer\u00eb pun\u00ebn p\u00ebrkoh\u00ebsisht, pas debateve t\u00eb ashpra n\u00eb komision mes kryetares Albana Vokshi dhe n\u00ebnkryetarit Plarent Ndreca. Ka qen\u00eb vet\u00eb Ndreca q\u00eb ka k\u00ebrkuar nj\u00eb pushim t\u00eb shkurt\u00ebr pas p\u00ebrfshirjes n\u00eb debat, teksa pritej t\u00eb niste d\u00ebshmin\u00eb ish-ministri i Sh\u00ebndet\u00ebsis\u00eb, Ilir Beqaj. Ka qen\u00eb pik\u00ebrisht k\u00ebrkesa e k\u00ebtij t\u00eb &hellip;<\/p>\n","protected":false},"author":4,"featured_media":94963,"comment_status":"closed","ping_status":"closed","sticky":false,"template":"","format":"standard","meta":{"footnotes":""},"categories":[37],"tags":[],"class_list":["post-94962","post","type-post","status-publish","format-standard","has-post-thumbnail","","category-politike"],"_links":{"self":[{"href":"https:\/\/rdnews.al\/index.php\/wp-json\/wp\/v2\/posts\/94962","targetHints":{"allow":["GET"]}}],"collection":[{"href":"https:\/\/rdnews.al\/index.php\/wp-json\/wp\/v2\/posts"}],"about":[{"href":"https:\/\/rdnews.al\/index.php\/wp-json\/wp\/v2\/types\/post"}],"author":[{"embeddable":true,"href":"https:\/\/rdnews.al\/index.php\/wp-json\/wp\/v2\/users\/4"}],"replies":[{"embeddable":true,"href":"https:\/\/rdnews.al\/index.php\/wp-json\/wp\/v2\/comments?post=94962"}],"version-history":[{"count":1,"href":"https:\/\/rdnews.al\/index.php\/wp-json\/wp\/v2\/posts\/94962\/revisions"}],"predecessor-version":[{"id":94964,"href":"https:\/\/rdnews.al\/index.php\/wp-json\/wp\/v2\/posts\/94962\/revisions\/94964"}],"wp:featuredmedia":[{"embeddable":true,"href":"https:\/\/rdnews.al\/index.php\/wp-json\/wp\/v2\/media\/94963"}],"wp:attachment":[{"href":"https:\/\/rdnews.al\/index.php\/wp-json\/wp\/v2\/media?parent=94962"}],"wp:term":[{"taxonomy":"category","embeddable":true,"href":"https:\/\/rdnews.al\/index.php\/wp-json\/wp\/v2\/categories?post=94962"},{"taxonomy":"post_tag","embeddable":true,"href":"https:\/\/rdnews.al\/index.php\/wp-json\/wp\/v2\/tags?post=94962"}],"curies":[{"name":"wp","href":"https:\/\/api.w.org\/{rel}","templated":true}]}}