{"id":9500,"date":"2022-04-15T10:26:54","date_gmt":"2022-04-15T10:26:54","guid":{"rendered":"https:\/\/rdnews.al\/?p=9500"},"modified":"2022-04-15T10:26:54","modified_gmt":"2022-04-15T10:26:54","slug":"berisha-kongresi-i-ps-ishte-kongres-i-mafies-shteterore-rama-tha-se-spak-eshte-veper-e-ps","status":"publish","type":"post","link":"https:\/\/rdnews.al\/index.php\/2022\/04\/15\/berisha-kongresi-i-ps-ishte-kongres-i-mafies-shteterore-rama-tha-se-spak-eshte-veper-e-ps\/","title":{"rendered":"Berisha: Kongresi i PS ishte kongres i mafies shtet\u00ebrore!\u00a0Rama tha se SPAK \u00ebsht\u00eb vep\u00ebr e PS"},"content":{"rendered":"<p>Ish-Kryeministri Sali Berisha n\u00eb konferenc\u00ebn e p\u00ebrjavshme p\u00ebr shtyp me gazetar\u00ebt n\u00eb Selin\u00eb e PD, e cil\u00ebsoi kongresin e PS nj\u00eb jav\u00eb m\u00eb par\u00eb si kongres kriminal. Ai tha se, Edi Rama e do n\u00eb burg dhe k\u00ebt\u00eb e k\u00ebrkoi hapur duke i b\u00ebr\u00eb thirrje SPAK-ut q\u00eb ta hetoj\u00eb.<\/p>\n<p>\u201cKongresi i nj\u00eb mafie shtet\u00ebrore, ose le ta quajm\u00eb kongresi i Cosa Nostra-s.\u00a0Kjo u faktua te tematika kryesore e k\u00ebtij kongresi.\u00a0Shqiptar\u00ebt, q\u00eb prisnin me padurim t\u00eb d\u00ebgjonin se si do u leht\u00ebsohen dhimbjet e m\u00ebdha q\u00eb u krijon rritja e \u00e7mimeve, nuk mor\u00ebn asnj\u00eb p\u00ebrgjigje.<\/p>\n<p>Kongresmen\u00ebt u ul\u00ebn mbi dengje kashte, rrah\u00ebn gjoksin dhe u p\u00ebrgj\u00ebruan p\u00ebr fshatar\u00ebt apo p\u00ebr t\u00eb tjer\u00ebt, por e v\u00ebrteta \u00ebsht\u00eb se kongresi i tyre, n\u00eb vend t\u00eb lajmeve t\u00eb r\u00ebnd\u00ebsishme p\u00ebr leht\u00ebsimin e dhimbjeve t\u00eb p\u00ebrditshme t\u00eb qytetar\u00ebve, i informoi ata se narkoshteti ka vendosur t\u00eb ligj\u00ebroj\u00eb produktet e krimit t\u00eb tij t\u00eb sh\u00ebmtuar. Ka vendosur t\u00eb ligj\u00ebroj\u00eb kanabisin, madje bazuar n\u00eb mashtrimin komb\u00ebtar, n\u00eb anket\u00ebn e mashtrimit komb\u00ebtar. U zotuan me solemnitet se n\u00ebse shqiptar\u00ebt jan\u00eb dakord p\u00ebr p\u00ebrdorim individual, do lejohet edhe p\u00ebrdorimi individual. Praktik\u00eb kjo e shkat\u00ebrrimit komb\u00ebtar.<\/p>\n<p>Gjith\u00e7ka n\u00eb kuvend u b\u00eb q\u00eb t\u00eb mbulohej me retorik\u00eb, me dengje kashte, flak\u00ebt e incenerator\u00ebve. T\u00eb mbulohej kjo afer\u00eb, me t\u00eb cil\u00ebn q\u00eb nga Edi Rama deri te vart\u00ebsit e Alqi Bllakos dalin para jush si nj\u00eb organizat\u00eb kriminale, q\u00eb ka vjedhur qindra milion\u00eb dhe do vidhnin qindra t\u00eb tjer\u00eb. Vet\u00ebm n\u00eb nj\u00eb afer\u00eb.<\/p>\n<p>Nuk u tha asnj\u00eb fjal\u00eb se p\u00ebrse Edi Rama si kreu i organizat\u00ebs mafioze t\u00eb incenerator\u00ebve firmosi kontrat\u00ebn me negocim t\u00eb mbyllur. Kjo do t\u00eb thot\u00eb negocim n\u00eb shpellat e mafies. Zyra e kryeministrit \u00ebsht\u00eb shnd\u00ebrruar n\u00eb shpell\u00eb. Ajo lejon kontrat\u00ebn me negocim t\u00eb mbyllur. Sepse kryejuristi i organizat\u00ebs kriminale, Aga\u00e7io, q\u00eb lumturon bos\u00ebt e mafias me dhjet\u00ebra e dhjet\u00ebra hektar\u00eb tok\u00eb, n\u00eb vend q\u00eb t\u00eb respektonte Kushtetut\u00ebn dhe t\u00eb thoshte se kjo nuk mund t\u00eb firmoset, argumenton se kjo \u00ebsht\u00eb legjitime\u201d, tha Berisha.<\/p>\n<p>&#8220;Ata q\u00eb kan\u00eb pasur ndonj\u00eb v\u00ebrejtje apo dyshim se po abuzohet duke e quajtur SPAK-un, si SPAK i partis\u00eb, u gjet\u00ebn n\u00eb m\u00ebnyr\u00eb t\u00eb zhg\u00ebnjyer. N\u00eb m\u00ebnyr\u00eb t\u00eb p\u00ebrs\u00ebritur, Edi Rama, kreu i organizat\u00ebs, u deklaroi shqiptar\u00ebve se SPAK \u00ebsht\u00eb vep\u00ebr i PS, \u00ebsht\u00eb f\u00ebmija e saj, pjell\u00eb e saj dhe k\u00ebt\u00eb duhet ta dij\u00eb Shqip\u00ebria dhe bota.<\/p>\n<p>N\u00eb diktatur\u00eb, ju nuk keni jetuar, por institucionet si prokuroria, gjykatat, policia, ushtria, quheshin arm\u00eb t\u00eb partis\u00eb. Ekzakt kjo q\u00eb u them un\u00eb. Arm\u00eb n\u00eb duart e partis\u00eb. Arm\u00eb n\u00eb duart e diktatur\u00ebs s\u00eb proletariatit. K\u00ebt\u00eb her\u00eb nuk \u00ebsht\u00eb m\u00eb diktatur\u00eb e proletariatit. K\u00ebt\u00eb her\u00eb flitet p\u00ebr arm\u00eb t\u00eb PS apo t\u00eb narkoshtetit.<\/p>\n<p>Kreu i organizat\u00ebs kriminale ngarkoi me detyr\u00eb SPAK-un e partis\u00eb duke i th\u00ebn\u00eb q\u00eb e dua Sali Berish\u00ebn n\u00eb burg dhe n\u00eb djall opozit\u00ebn. N\u00eb historin\u00eb 30-vje\u00e7are t\u00eb k\u00ebtij vendi, kuvende t\u00eb\u00a0 tilla edhe Partia e Pun\u00ebs ka zhvilluar, por kaq t\u00eb paskrupullt, kaq t\u00eb hapura, p\u00ebrpiqej q\u00eb t\u00eb maskonte di\u00e7ka&#8221;, tha Berisha.<\/p>\n","protected":false},"excerpt":{"rendered":"<p>Ish-Kryeministri Sali Berisha n\u00eb konferenc\u00ebn e p\u00ebrjavshme p\u00ebr shtyp me gazetar\u00ebt n\u00eb Selin\u00eb e PD, e cil\u00ebsoi kongresin e PS nj\u00eb jav\u00eb m\u00eb par\u00eb si kongres kriminal. Ai tha se, Edi Rama e do n\u00eb burg dhe k\u00ebt\u00eb e k\u00ebrkoi hapur duke i b\u00ebr\u00eb thirrje SPAK-ut q\u00eb ta hetoj\u00eb. \u201cKongresi i nj\u00eb mafie shtet\u00ebrore, ose &hellip;<\/p>\n","protected":false},"author":4,"featured_media":9501,"comment_status":"open","ping_status":"open","sticky":false,"template":"","format":"standard","meta":{"footnotes":""},"categories":[37],"tags":[],"class_list":["post-9500","post","type-post","status-publish","format-standard","has-post-thumbnail","","category-politike"],"_links":{"self":[{"href":"https:\/\/rdnews.al\/index.php\/wp-json\/wp\/v2\/posts\/9500","targetHints":{"allow":["GET"]}}],"collection":[{"href":"https:\/\/rdnews.al\/index.php\/wp-json\/wp\/v2\/posts"}],"about":[{"href":"https:\/\/rdnews.al\/index.php\/wp-json\/wp\/v2\/types\/post"}],"author":[{"embeddable":true,"href":"https:\/\/rdnews.al\/index.php\/wp-json\/wp\/v2\/users\/4"}],"replies":[{"embeddable":true,"href":"https:\/\/rdnews.al\/index.php\/wp-json\/wp\/v2\/comments?post=9500"}],"version-history":[{"count":0,"href":"https:\/\/rdnews.al\/index.php\/wp-json\/wp\/v2\/posts\/9500\/revisions"}],"wp:featuredmedia":[{"embeddable":true,"href":"https:\/\/rdnews.al\/index.php\/wp-json\/wp\/v2\/media\/9501"}],"wp:attachment":[{"href":"https:\/\/rdnews.al\/index.php\/wp-json\/wp\/v2\/media?parent=9500"}],"wp:term":[{"taxonomy":"category","embeddable":true,"href":"https:\/\/rdnews.al\/index.php\/wp-json\/wp\/v2\/categories?post=9500"},{"taxonomy":"post_tag","embeddable":true,"href":"https:\/\/rdnews.al\/index.php\/wp-json\/wp\/v2\/tags?post=9500"}],"curies":[{"name":"wp","href":"https:\/\/api.w.org\/{rel}","templated":true}]}}