{"id":95051,"date":"2024-11-12T22:50:48","date_gmt":"2024-11-12T22:50:48","guid":{"rendered":"https:\/\/rdnews.al\/?p=95051"},"modified":"2024-11-12T22:51:05","modified_gmt":"2024-11-12T22:51:05","slug":"vucic-mashtroi-kur-tha-se-kishte-folur-ne-telefon-me-trump-reagimi","status":"publish","type":"post","link":"https:\/\/rdnews.al\/index.php\/2024\/11\/12\/vucic-mashtroi-kur-tha-se-kishte-folur-ne-telefon-me-trump-reagimi\/","title":{"rendered":"Vu\u00e7i\u00e7 mashtroi se kishte folur n\u00eb telefon me Trump, reagimi&#8230;"},"content":{"rendered":"<p>Dragan Shormaz, nj\u00eb ish-aleat i presidentit serb Aleksandar Vu\u00e7iq thot\u00eb se ky i fundit ka g\u00ebnjyer t\u00eb gjith\u00eb p\u00ebr bised\u00ebn q\u00eb tha se e b\u00ebri n\u00eb telefon me presidentin e zgjedhur amerikan Donald Trump.<\/p>\n<p>N\u00eb nj\u00eb faqe n\u00eb X, q\u00eb \u00ebsht\u00eb me em\u00ebr t\u00eb Trump jan\u00eb publikuar fotografit\u00eb dhe emrat e lider\u00ebve bot\u00ebror\u00eb me t\u00eb cil\u00ebt presidenti amerikan n\u00eb ardhje ka folur.\u00a0N\u00eb mesin e tyre, askund nuk figuron fotografia e as emri i Vu\u00e7iqit.<\/p>\n<p><strong>\u201cE ku \u00ebsht\u00eb k\u00ebtu Vu\u00e7iqi\u201d<\/strong>, pyet Shormaz mbi fotografin\u00eb e publikuar.<\/p>\n<div class=\"twitter-tweet twitter-tweet-rendered\"><iframe id=\"twitter-widget-0\" class=\"\" title=\"X Post\" src=\"https:\/\/platform.twitter.com\/embed\/Tweet.html?dnt=false&amp;embedId=twitter-widget-0&amp;features=eyJ0ZndfdGltZWxpbmVfbGlzdCI6eyJidWNrZXQiOltdLCJ2ZXJzaW9uIjpudWxsfSwidGZ3X2ZvbGxvd2VyX2NvdW50X3N1bnNldCI6eyJidWNrZXQiOnRydWUsInZlcnNpb24iOm51bGx9LCJ0ZndfdHdlZXRfZWRpdF9iYWNrZW5kIjp7ImJ1Y2tldCI6Im9uIiwidmVyc2lvbiI6bnVsbH0sInRmd19yZWZzcmNfc2Vzc2lvbiI6eyJidWNrZXQiOiJvbiIsInZlcnNpb24iOm51bGx9LCJ0ZndfZm9zbnJfc29mdF9pbnRlcnZlbnRpb25zX2VuYWJsZWQiOnsiYnVja2V0Ijoib24iLCJ2ZXJzaW9uIjpudWxsfSwidGZ3X21peGVkX21lZGlhXzE1ODk3Ijp7ImJ1Y2tldCI6InRyZWF0bWVudCIsInZlcnNpb24iOm51bGx9LCJ0ZndfZXhwZXJpbWVudHNfY29va2llX2V4cGlyYXRpb24iOnsiYnVja2V0IjoxMjA5NjAwLCJ2ZXJzaW9uIjpudWxsfSwidGZ3X3Nob3dfYmlyZHdhdGNoX3Bpdm90c19lbmFibGVkIjp7ImJ1Y2tldCI6Im9uIiwidmVyc2lvbiI6bnVsbH0sInRmd19kdXBsaWNhdGVfc2NyaWJlc190b19zZXR0aW5ncyI6eyJidWNrZXQiOiJvbiIsInZlcnNpb24iOm51bGx9LCJ0ZndfdXNlX3Byb2ZpbGVfaW1hZ2Vfc2hhcGVfZW5hYmxlZCI6eyJidWNrZXQiOiJvbiIsInZlcnNpb24iOm51bGx9LCJ0ZndfdmlkZW9faGxzX2R5bmFtaWNfbWFuaWZlc3RzXzE1MDgyIjp7ImJ1Y2tldCI6InRydWVfYml0cmF0ZSIsInZlcnNpb24iOm51bGx9LCJ0ZndfbGVnYWN5X3RpbWVsaW5lX3N1bnNldCI6eyJidWNrZXQiOnRydWUsInZlcnNpb24iOm51bGx9LCJ0ZndfdHdlZXRfZWRpdF9mcm9udGVuZCI6eyJidWNrZXQiOiJvbiIsInZlcnNpb24iOm51bGx9fQ%3D%3D&amp;frame=false&amp;hideCard=false&amp;hideThread=false&amp;id=1856072268398363076&amp;lang=en&amp;maxWidth=560px&amp;origin=https%3A%2F%2Fina-online.net%2Fish-aleati-i-vuciqit-presidenti-serb-genjeu%2F&amp;sessionId=9660e6af7dba0402c8daf8364adb219921c54e41&amp;theme=light&amp;widgetsVersion=2615f7e52b7e0%3A1702314776716&amp;width=550px\" frameborder=\"0\" scrolling=\"no\" allowfullscreen=\"allowfullscreen\" data-tweet-id=\"1856072268398363076\" data-mce-fragment=\"1\"><\/iframe><\/div>\n<p>&nbsp;<\/p>\n<p>Presidenti i Serbis\u00eb, Aleksandar Vu\u00e7i\u00e7, tha t\u00eb diel\u00ebn von\u00eb se ka biseduar n\u00eb telefon me presidentin e zgjedhur t\u00eb Shteteve t\u00eb Bashkuara, Donald Trump.<\/p>\n<p>\u201cSapo p\u00ebrfundova nj\u00eb bised\u00eb me presidentin e sapozgjedhur amerikan, Donald Trump. Biseda ishte e shk\u00eblqyer, me p\u00ebrmbajtje, dhe do t\u00eb thosha shum\u00eb e p\u00ebrzem\u00ebrt\u201d, tha Vu\u00e7i\u00e7 n\u00eb Instagramin e tij.<\/p>\n<p>Ai tha se ndihet \u201cmir\u00ebnjoh\u00ebs\u201d ndaj Trump q\u00eb ai \u201cmenj\u00ebher\u00eb dinte shum\u00eb gj\u00ebra p\u00ebr Serbin\u00eb\u201d.<\/p>\n<p>\u201cShpreha shpres\u00ebn time q\u00eb ai do ta vizitoj\u00eb Serbin\u00eb, pasi Serbia ishte vendi ku mb\u00ebshtetja p\u00ebr zgjedhjen e presidentit Trump ishte m\u00eb e madhja n\u00eb gjith\u00eb Evrop\u00ebn\u201d, tha ai.<\/p>\n<p>Ai theksoi se Trumpi e fal\u00ebnderoi p\u00ebr \u201cmb\u00ebshtetjen e madhe\u201d q\u00eb ka marr\u00eb nga \u201cqytetar\u00ebt e Serbis\u00eb, nga populli serb, dhe besoj se n\u00eb periudh\u00ebn e ardhshme do t\u00eb kemi mund\u00ebsi t\u00eb flasim p\u00ebr p\u00ebrmir\u00ebsimin e m\u00ebtejsh\u00ebm t\u00eb marr\u00ebdh\u00ebnieve tona, n\u00eb t\u00eb gjitha fushat\u201d.<\/p>\n","protected":false},"excerpt":{"rendered":"<p>Dragan Shormaz, nj\u00eb ish-aleat i presidentit serb Aleksandar Vu\u00e7iq thot\u00eb se ky i fundit ka g\u00ebnjyer t\u00eb gjith\u00eb p\u00ebr bised\u00ebn q\u00eb tha se e b\u00ebri n\u00eb telefon me presidentin e zgjedhur amerikan Donald Trump. N\u00eb nj\u00eb faqe n\u00eb X, q\u00eb \u00ebsht\u00eb me em\u00ebr t\u00eb Trump jan\u00eb publikuar fotografit\u00eb dhe emrat e lider\u00ebve bot\u00ebror\u00eb me t\u00eb &hellip;<\/p>\n","protected":false},"author":3,"featured_media":95052,"comment_status":"closed","ping_status":"closed","sticky":false,"template":"","format":"standard","meta":{"footnotes":""},"categories":[38],"tags":[],"class_list":["post-95051","post","type-post","status-publish","format-standard","has-post-thumbnail","","category-bota"],"_links":{"self":[{"href":"https:\/\/rdnews.al\/index.php\/wp-json\/wp\/v2\/posts\/95051","targetHints":{"allow":["GET"]}}],"collection":[{"href":"https:\/\/rdnews.al\/index.php\/wp-json\/wp\/v2\/posts"}],"about":[{"href":"https:\/\/rdnews.al\/index.php\/wp-json\/wp\/v2\/types\/post"}],"author":[{"embeddable":true,"href":"https:\/\/rdnews.al\/index.php\/wp-json\/wp\/v2\/users\/3"}],"replies":[{"embeddable":true,"href":"https:\/\/rdnews.al\/index.php\/wp-json\/wp\/v2\/comments?post=95051"}],"version-history":[{"count":2,"href":"https:\/\/rdnews.al\/index.php\/wp-json\/wp\/v2\/posts\/95051\/revisions"}],"predecessor-version":[{"id":95054,"href":"https:\/\/rdnews.al\/index.php\/wp-json\/wp\/v2\/posts\/95051\/revisions\/95054"}],"wp:featuredmedia":[{"embeddable":true,"href":"https:\/\/rdnews.al\/index.php\/wp-json\/wp\/v2\/media\/95052"}],"wp:attachment":[{"href":"https:\/\/rdnews.al\/index.php\/wp-json\/wp\/v2\/media?parent=95051"}],"wp:term":[{"taxonomy":"category","embeddable":true,"href":"https:\/\/rdnews.al\/index.php\/wp-json\/wp\/v2\/categories?post=95051"},{"taxonomy":"post_tag","embeddable":true,"href":"https:\/\/rdnews.al\/index.php\/wp-json\/wp\/v2\/tags?post=95051"}],"curies":[{"name":"wp","href":"https:\/\/api.w.org\/{rel}","templated":true}]}}