{"id":9528,"date":"2022-04-15T11:51:20","date_gmt":"2022-04-15T11:51:20","guid":{"rendered":"https:\/\/rdnews.al\/?p=9528"},"modified":"2022-04-15T11:51:20","modified_gmt":"2022-04-15T11:51:20","slug":"ambasadori-gjerman-refuzon-ballkanin-e-hapur-procesi-i-berlinit-arritje-konkrete","status":"publish","type":"post","link":"https:\/\/rdnews.al\/index.php\/2022\/04\/15\/ambasadori-gjerman-refuzon-ballkanin-e-hapur-procesi-i-berlinit-arritje-konkrete\/","title":{"rendered":"Ambasadori gjerman refuzon \u201cBallkanin e Hapur\u201d: Procesi i Berlinit, arritje konkrete!"},"content":{"rendered":"<p>Pas kancelarit t\u00eb Gjermanis\u00eb, Olaf Scholz, i cili refuzoi nism\u00ebn \u201cBallkani i hapur\u201d, edhe i d\u00ebrguari gjerman n\u00eb Tiran\u00eb,\u00a0 ambasadori Peter Zingraf mban t\u00eb nj\u00ebjtin q\u00ebndrim, duke\u00a0 mb\u00ebshtetur vet\u00ebm Procesin e Berlinit, n\u00eb kuad\u00ebr t\u00eb tregut t\u00eb p\u00ebrbashk\u00ebt rajonal. Ndon\u00ebse Edi Rama tha se \u201cBallkani i Hapur \u00ebsht\u00eb vijim i Procesit t\u00eb Berlinit, pasi ky i fundit ka ngecur\u201d, ambasadori Zingraf e hedh posht\u00eb k\u00ebt\u00eb deklarat\u00eb, duke theksuar se procesi ka pasur arritje konkrete.<\/p>\n<p>Po ashtu edhe k\u00ebrkesa e Edi Ram\u00ebs, p\u00ebr t\u2019u ndar\u00eb nga Maqedonia e Veriut, per \u00e7eljen e negociatave me BE, nuk gjen mb\u00ebshtetjen\u00a0 gjermane. Ambasadori Zingraf i kujtoi Ram\u00ebs se n\u00eb vitin 2020, Maqedonia u sakrifikua p\u00ebr Shqip\u00ebrin\u00eb, dhe se tani \u00ebsht\u00eb radha q\u00eb ajo t\u00eb b\u00ebj\u00eb t\u00eb nj\u00ebjt\u00ebn gj\u00eb.<\/p>\n<p>I pyetur p\u00ebr situat\u00ebn brenda PD, Zingraf tha se selia blu duhet t\u00eb ringrihet e t\u00eb gjej\u00eb vetveten, p\u00ebr t\u2019u kthyer n\u00eb nj\u00eb force alternative p\u00ebr qytetar\u00ebt, dhe t\u00eb jet\u00eb nj\u00eb opozit\u00eb e fort\u00eb ndaj qeverise. Ambasadori theksoi se Gjermania k\u00ebrkon q\u00eb riorganizimi i PD t\u00eb b\u00ebhet p\u00ebrmes proceseve transparente.<\/p>\n<p>Zingraf theksoi se \u00e7do vend, i cili k\u00ebrkon t\u00eb ket\u00eb nj\u00eb sistem demokratik funksional, do duhet t\u00eb ket\u00eb nj\u00eb opozit\u00eb t\u00eb fort\u00eb, e cila do duhet t\u00eb sh\u00ebrbente p\u00ebr kontrollin e qeveris\u00eb sepse zgjedh\u00ebsit duhet t\u00eb ken\u00eb alternativ\u00ebn e duhur.<\/p>\n","protected":false},"excerpt":{"rendered":"<p>Pas kancelarit t\u00eb Gjermanis\u00eb, Olaf Scholz, i cili refuzoi nism\u00ebn \u201cBallkani i hapur\u201d, edhe i d\u00ebrguari gjerman n\u00eb Tiran\u00eb,\u00a0 ambasadori Peter Zingraf mban t\u00eb nj\u00ebjtin q\u00ebndrim, duke\u00a0 mb\u00ebshtetur vet\u00ebm Procesin e Berlinit, n\u00eb kuad\u00ebr t\u00eb tregut t\u00eb p\u00ebrbashk\u00ebt rajonal. Ndon\u00ebse Edi Rama tha se \u201cBallkani i Hapur \u00ebsht\u00eb vijim i Procesit t\u00eb Berlinit, pasi ky &hellip;<\/p>\n","protected":false},"author":4,"featured_media":9529,"comment_status":"open","ping_status":"open","sticky":false,"template":"","format":"standard","meta":{"footnotes":""},"categories":[40],"tags":[],"class_list":["post-9528","post","type-post","status-publish","format-standard","has-post-thumbnail","","category-aktualitet"],"_links":{"self":[{"href":"https:\/\/rdnews.al\/index.php\/wp-json\/wp\/v2\/posts\/9528","targetHints":{"allow":["GET"]}}],"collection":[{"href":"https:\/\/rdnews.al\/index.php\/wp-json\/wp\/v2\/posts"}],"about":[{"href":"https:\/\/rdnews.al\/index.php\/wp-json\/wp\/v2\/types\/post"}],"author":[{"embeddable":true,"href":"https:\/\/rdnews.al\/index.php\/wp-json\/wp\/v2\/users\/4"}],"replies":[{"embeddable":true,"href":"https:\/\/rdnews.al\/index.php\/wp-json\/wp\/v2\/comments?post=9528"}],"version-history":[{"count":0,"href":"https:\/\/rdnews.al\/index.php\/wp-json\/wp\/v2\/posts\/9528\/revisions"}],"wp:featuredmedia":[{"embeddable":true,"href":"https:\/\/rdnews.al\/index.php\/wp-json\/wp\/v2\/media\/9529"}],"wp:attachment":[{"href":"https:\/\/rdnews.al\/index.php\/wp-json\/wp\/v2\/media?parent=9528"}],"wp:term":[{"taxonomy":"category","embeddable":true,"href":"https:\/\/rdnews.al\/index.php\/wp-json\/wp\/v2\/categories?post=9528"},{"taxonomy":"post_tag","embeddable":true,"href":"https:\/\/rdnews.al\/index.php\/wp-json\/wp\/v2\/tags?post=9528"}],"curies":[{"name":"wp","href":"https:\/\/api.w.org\/{rel}","templated":true}]}}