{"id":95282,"date":"2024-11-14T17:18:46","date_gmt":"2024-11-14T17:18:46","guid":{"rendered":"https:\/\/rdnews.al\/?p=95282"},"modified":"2024-11-14T17:18:46","modified_gmt":"2024-11-14T17:18:46","slug":"ku-do-jete-bastardi-veliaj-me-18-dhjetor-2024","status":"publish","type":"post","link":"https:\/\/rdnews.al\/index.php\/2024\/11\/14\/ku-do-jete-bastardi-veliaj-me-18-dhjetor-2024\/","title":{"rendered":"Ku do jet\u00eb bastardi Veliaj m\u00eb 18 dhjetor 2024?"},"content":{"rendered":"<p><strong>Nga Adriana KALAJA<\/strong><\/p>\n<p>T\u00eb gjith\u00eb e din\u00eb mir\u00eb ku do jet\u00eb bastardi Veliaj para se t\u00eb vij\u00eb data 18 dhjetor, dat\u00eb kur do zhvillohet dhe seanca e par\u00eb n\u00eb \u00e7\u00ebshtjen penale kundra meje, me &#8220;viktim\u00eb&#8221; banditin Veliaj, p\u00ebr vepr\u00ebn penale t\u00eb &#8220;shpifjes&#8221;.<\/p>\n<p>Pasi p\u00ebrdori nj\u00eb zvarranik sorosist, q\u00eb prezantohet dhe si &#8220;avokat&#8221; q\u00eb zhvillon gjyqe kundra padronit pagator Veliaj, Dorian Matliaj, p\u00ebr nj\u00eb \u00e7\u00ebshtje t\u00eb ngjashme, tani ka filluar t\u00eb mar\u00eb vet\u00eb situat\u00ebn n\u00eb &#8220;dor\u00eb&#8221;, situat\u00eb q\u00eb duksh\u00ebm i ka dal\u00eb nga kontrolli.<\/p>\n<p>Dhe p\u00ebr k\u00ebt\u00eb nuk e ndihmoj dot<\/p>\n<p>Madje me keq do b\u00ebhet p\u00ebr k\u00ebt\u00eb bastard.<\/p>\n<p>Shum\u00eb shpejt madje, dhe p\u00ebr k\u00ebt\u00eb ju siguroj t\u00eb dashur miq.<\/p>\n<p>Nga kurioziteti, u interesova n\u00eb gjykat\u00eb se kush ishte objekti i &#8220;shpifjes&#8221;, nga ku rezultonte se n\u00eb t\u00eb gjith\u00eb denoncimet dhe kall\u00ebzimet e mia 8 vje\u00e7are ndaj k\u00ebtij bastardi, ai q\u00ebnk\u00ebrkish shqet\u00ebsuar se un\u00eb i kam k\u00ebrkuar Altin Dumanit t\u00eb hetoj\u00eb orgjit\u00eb q\u00eb b\u00ebn ai n\u00eb Bashkin\u00eb e Tiran\u00ebs dhe jo vet\u00ebm.<\/p>\n<p>P\u00ebrve\u00e7 se nuk i heq presjen deklarat\u00ebs time n\u00eb protest\u00ebn para Bashkis\u00eb dhe p\u00ebrve\u00e7 se t\u00eb gjith\u00eb i kemi par\u00eb fotot dhe videot e k\u00ebtij perversi dhe pervers\u00ebve t\u00eb tjer\u00eb sorosist\u00eb me t*nga dhe r*cipeta, dhe q\u00eb ai n\u00eb fakt i ka qef me ngjyra (p\u00ebr t\u00eb cilat do keni statuse n\u00eb vijim), m\u00eb posht\u00eb keni dy video t\u00eb b\u00ebra nga un\u00eb n\u00eb nj\u00eb nga institucionet n\u00eb var\u00ebsi t\u00eb vras\u00ebsit Veliaj:<\/p>\n<ol>\n<li>N\u00eb nj\u00eb dit\u00eb jave.<\/li>\n<li>N\u00eb or\u00ebn 13.00.<\/li>\n<\/ol>\n<p>N\u00ebse i shihni me kujdes videot, do dalloni se:<\/p>\n<ol>\n<li>Muzika brenda institucionit \u00ebsht\u00eb n\u00eb kup\u00eb t\u00eb qiellit.<\/li>\n<li>Personeli vihet n\u00eb siklet nga pyetjet e mia.<\/li>\n<\/ol>\n<p>Pyetjet retorike q\u00eb un\u00eb kam n\u00eb k\u00ebt\u00eb rast jan\u00eb se:<\/p>\n<ol>\n<li>A mund t\u00eb kthehen zyrat e shtetit n\u00eb tallava?<\/li>\n<li>A nuk jan\u00eb po k\u00ebto zyra shteti ku b\u00ebhet dhe orgjit\u00eb?<\/li>\n<li>A nuk duhet q\u00eb punonj\u00ebsit t\u00eb japin p\u00ebrgjigje korrekte publikut dhe jo t\u00eb ken\u00eb frik\u00eb t\u00eb p\u00ebrmendin enrin e institucionit ku punojn\u00eb?<\/li>\n<\/ol>\n<p>P\u00ebr t\u00eb mos p\u00ebrmendur punonj\u00ebsin e v\u00ebn\u00eb n\u00eb panik nga prania ime e q\u00eb donte &#8220;paq\u00ebsisht&#8221; t\u00eb m\u00eb nxirte jasht\u00eb institucionit.<\/p>\n<p>Shum\u00eb shpejt do njiheni me skandalet e k\u00ebtij institucioni q\u00eb v\u00ebrtetojn\u00eb ato q\u00eb un\u00eb kam th\u00ebn\u00eb se n\u00eb Bashkin\u00eb Tiran\u00eb \u00e7do gj\u00eb mer jet\u00eb nga vullneti, idet\u00eb dhe interesat personale t\u00eb banditit Veliaj.<\/p>\n<p>Upsssssss se desh harrova.<\/p>\n<p>Nisur nga fakti se ky bastard paguan miliona euro p\u00ebr shpalljen time Non Grata n\u00eb mediat q\u00eb paguhen nga incenerator\u00ebt inekzistent dhe grupet kriminale, Ju lutem shp\u00ebrndajeni sa m\u00eb shum\u00eb, q\u00eb publiku t\u00eb shoh\u00eb se \u00e7far\u00eb b\u00ebhet brenda orarit zyrtar n\u00eb institucionet n\u00eb var\u00ebsi t\u00eb bastardit Veliaj.<\/p>\n<p>Shihemi nes\u00ebr n\u00eb or\u00ebn 11.00 para Bashkis\u00ebTiran\u00eb, me surpriza t\u00eb reja dhe me qendres\u00eb derisa bastardi Veliaj t\u00eb jet\u00eb pas hekurave.<\/p>\n<p>Edhe me surpriza t\u00eb reja<\/p>\n<p>PS: T&#8217;i thot\u00eb dikush q\u00eb nga sapun\u00ebt q\u00eb i b\u00ebm\u00eb dhurat\u00eb her\u00ebs kaluar, t&#8217;i jap\u00eb ndonj\u00eb pun\u00ebmarr\u00ebsve t\u00eb tij avokat\u00eb sorosist\u00eb, se nuk vihet n\u00eb Gjykat\u00eb me kok\u00ebn palar\u00eb.<\/p>\n<p><img loading=\"lazy\" decoding=\"async\" class=\"alignnone size-medium wp-image-95283\" src=\"https:\/\/rdnews.al\/wp-content\/uploads\/2024\/11\/1-140x300.jpg\" alt=\"\" width=\"140\" height=\"300\" srcset=\"https:\/\/rdnews.al\/wp-content\/uploads\/2024\/11\/1-140x300.jpg 140w, https:\/\/rdnews.al\/wp-content\/uploads\/2024\/11\/1-478x1024.jpg 478w, https:\/\/rdnews.al\/wp-content\/uploads\/2024\/11\/1-768x1647.jpg 768w, https:\/\/rdnews.al\/wp-content\/uploads\/2024\/11\/1-716x1536.jpg 716w, https:\/\/rdnews.al\/wp-content\/uploads\/2024\/11\/1.jpg 955w\" sizes=\"auto, (max-width: 140px) 100vw, 140px\" \/><\/p>\n","protected":false},"excerpt":{"rendered":"<p>Nga Adriana KALAJA T\u00eb gjith\u00eb e din\u00eb mir\u00eb ku do jet\u00eb bastardi Veliaj para se t\u00eb vij\u00eb data 18 dhjetor, dat\u00eb kur do zhvillohet dhe seanca e par\u00eb n\u00eb \u00e7\u00ebshtjen penale kundra meje, me &#8220;viktim\u00eb&#8221; banditin Veliaj, p\u00ebr vepr\u00ebn penale t\u00eb &#8220;shpifjes&#8221;. Pasi p\u00ebrdori nj\u00eb zvarranik sorosist, q\u00eb prezantohet dhe si &#8220;avokat&#8221; q\u00eb zhvillon gjyqe &hellip;<\/p>\n","protected":false},"author":4,"featured_media":67658,"comment_status":"closed","ping_status":"closed","sticky":false,"template":"","format":"standard","meta":{"footnotes":""},"categories":[44],"tags":[],"class_list":["post-95282","post","type-post","status-publish","format-standard","has-post-thumbnail","","category-editorial"],"_links":{"self":[{"href":"https:\/\/rdnews.al\/index.php\/wp-json\/wp\/v2\/posts\/95282","targetHints":{"allow":["GET"]}}],"collection":[{"href":"https:\/\/rdnews.al\/index.php\/wp-json\/wp\/v2\/posts"}],"about":[{"href":"https:\/\/rdnews.al\/index.php\/wp-json\/wp\/v2\/types\/post"}],"author":[{"embeddable":true,"href":"https:\/\/rdnews.al\/index.php\/wp-json\/wp\/v2\/users\/4"}],"replies":[{"embeddable":true,"href":"https:\/\/rdnews.al\/index.php\/wp-json\/wp\/v2\/comments?post=95282"}],"version-history":[{"count":1,"href":"https:\/\/rdnews.al\/index.php\/wp-json\/wp\/v2\/posts\/95282\/revisions"}],"predecessor-version":[{"id":95284,"href":"https:\/\/rdnews.al\/index.php\/wp-json\/wp\/v2\/posts\/95282\/revisions\/95284"}],"wp:featuredmedia":[{"embeddable":true,"href":"https:\/\/rdnews.al\/index.php\/wp-json\/wp\/v2\/media\/67658"}],"wp:attachment":[{"href":"https:\/\/rdnews.al\/index.php\/wp-json\/wp\/v2\/media?parent=95282"}],"wp:term":[{"taxonomy":"category","embeddable":true,"href":"https:\/\/rdnews.al\/index.php\/wp-json\/wp\/v2\/categories?post=95282"},{"taxonomy":"post_tag","embeddable":true,"href":"https:\/\/rdnews.al\/index.php\/wp-json\/wp\/v2\/tags?post=95282"}],"curies":[{"name":"wp","href":"https:\/\/api.w.org\/{rel}","templated":true}]}}