{"id":95345,"date":"2024-11-15T10:16:13","date_gmt":"2024-11-15T10:16:13","guid":{"rendered":"https:\/\/rdnews.al\/?p=95345"},"modified":"2024-11-15T10:16:38","modified_gmt":"2024-11-15T10:16:38","slug":"zyrtaret-e-dea-s-i-shkojne-ne-zyre-kryepolicit-ilir-proda","status":"publish","type":"post","link":"https:\/\/rdnews.al\/index.php\/2024\/11\/15\/zyrtaret-e-dea-s-i-shkojne-ne-zyre-kryepolicit-ilir-proda\/","title":{"rendered":"Zyrtar\u00ebt e DEA-s i shkojn\u00eb n\u00eb zyr\u00eb kryepolicit Ilir Proda"},"content":{"rendered":"<p>P\u00ebrfaq\u00ebsues t\u00eb DEA-s amerikane t\u00eb zyr\u00ebs s\u00eb Athin\u00ebs, John Livanis dhe Richard Deasy, kan\u00eb zhvilluar nj\u00eb takim me drejtorin e P\u00ebrgjithsh\u00ebm t\u00eb Policis\u00eb s\u00eb Shtetit, Ilir Proda n\u00eb zyr\u00ebn e k\u00ebtij t\u00eb fundit.<\/p>\n<p>P\u00ebrmes nj\u00eb komunikate p\u00ebr mediat, zyra e shtypit t\u00eb Policis\u00eb, nuk jep detaje n\u00ebse ka patur diskutime p\u00ebr ndonj\u00eb operacion konkret, por vet\u00ebm t\u00eb terma t\u00eb p\u00ebrgjithsh\u00ebm p\u00ebr bashk\u00ebpunimin mes pal\u00ebve kund\u00ebr krimit t\u00eb organizuar.<\/p>\n<p>\u201cAtasheu i DEA-s John Livanis, i cili u shoq\u00ebrua n\u00eb k\u00ebt\u00eb takim nga Atasheu i ICITAP-it Richard Deasy, uroi Drejtorin, p\u00ebr detyr\u00ebn e re, si dhe \u00e7moi bashk\u00ebpunimin e deritanish\u00ebm n\u00eb luft\u00ebn kund\u00ebr krimit t\u00eb organizuar. Gjithashtu, Atasheu Livanis shprehu gatishm\u00ebrin\u00eb e strukturave t\u00eb DEA-s, p\u00ebr ta forcuar bashk\u00ebpunimin me Policin\u00eb shqiptare n\u00eb t\u00eb gjitha frontet e luft\u00ebs kund\u00ebr fenomeneve kriminale.<\/p>\n<p>Nd\u00ebrkaq, Drejtor Proda shprehu mir\u00ebnjohjen p\u00ebr kontributin e DEA-s, n\u00eb operacionet policore nd\u00ebrkomb\u00ebtare, shum\u00eb komplekse, q\u00eb kan\u00eb patur objektiv shkat\u00ebrrimin e grupeve kriminale n\u00eb fush\u00ebn e trafikimit t\u00eb l\u00ebnd\u00ebve narkotike. Gjat\u00eb takimit, Drejtori garantoi atashet\u00eb se te Policia e Shtetit do t\u00eb gjejn\u00eb angazhim, profesionaliz\u00ebm dhe besueshm\u00ebri p\u00ebr \u00e7do iniciativ\u00eb q\u00eb do t\u00eb nd\u00ebrmerret n\u00eb t\u00eb ardhmen, kund\u00ebr krimit t\u00eb organizuar\u201d, thuhet n\u00eb njoftimin e Policis\u00eb.<\/p>\n","protected":false},"excerpt":{"rendered":"<p>P\u00ebrfaq\u00ebsues t\u00eb DEA-s amerikane t\u00eb zyr\u00ebs s\u00eb Athin\u00ebs, John Livanis dhe Richard Deasy, kan\u00eb zhvilluar nj\u00eb takim me drejtorin e P\u00ebrgjithsh\u00ebm t\u00eb Policis\u00eb s\u00eb Shtetit, Ilir Proda n\u00eb zyr\u00ebn e k\u00ebtij t\u00eb fundit. P\u00ebrmes nj\u00eb komunikate p\u00ebr mediat, zyra e shtypit t\u00eb Policis\u00eb, nuk jep detaje n\u00ebse ka patur diskutime p\u00ebr ndonj\u00eb operacion konkret, por &hellip;<\/p>\n","protected":false},"author":4,"featured_media":95346,"comment_status":"closed","ping_status":"closed","sticky":false,"template":"","format":"standard","meta":{"footnotes":""},"categories":[37],"tags":[],"class_list":["post-95345","post","type-post","status-publish","format-standard","has-post-thumbnail","","category-politike"],"_links":{"self":[{"href":"https:\/\/rdnews.al\/index.php\/wp-json\/wp\/v2\/posts\/95345","targetHints":{"allow":["GET"]}}],"collection":[{"href":"https:\/\/rdnews.al\/index.php\/wp-json\/wp\/v2\/posts"}],"about":[{"href":"https:\/\/rdnews.al\/index.php\/wp-json\/wp\/v2\/types\/post"}],"author":[{"embeddable":true,"href":"https:\/\/rdnews.al\/index.php\/wp-json\/wp\/v2\/users\/4"}],"replies":[{"embeddable":true,"href":"https:\/\/rdnews.al\/index.php\/wp-json\/wp\/v2\/comments?post=95345"}],"version-history":[{"count":1,"href":"https:\/\/rdnews.al\/index.php\/wp-json\/wp\/v2\/posts\/95345\/revisions"}],"predecessor-version":[{"id":95347,"href":"https:\/\/rdnews.al\/index.php\/wp-json\/wp\/v2\/posts\/95345\/revisions\/95347"}],"wp:featuredmedia":[{"embeddable":true,"href":"https:\/\/rdnews.al\/index.php\/wp-json\/wp\/v2\/media\/95346"}],"wp:attachment":[{"href":"https:\/\/rdnews.al\/index.php\/wp-json\/wp\/v2\/media?parent=95345"}],"wp:term":[{"taxonomy":"category","embeddable":true,"href":"https:\/\/rdnews.al\/index.php\/wp-json\/wp\/v2\/categories?post=95345"},{"taxonomy":"post_tag","embeddable":true,"href":"https:\/\/rdnews.al\/index.php\/wp-json\/wp\/v2\/tags?post=95345"}],"curies":[{"name":"wp","href":"https:\/\/api.w.org\/{rel}","templated":true}]}}