{"id":95359,"date":"2024-11-15T11:04:38","date_gmt":"2024-11-15T11:04:38","guid":{"rendered":"https:\/\/rdnews.al\/?p=95359"},"modified":"2024-11-15T11:04:38","modified_gmt":"2024-11-15T11:04:38","slug":"teliti-keta-nuk-punojne-per-tiranen-e-shqiperine-por-si-te-gllaberojne-miliona-euro","status":"publish","type":"post","link":"https:\/\/rdnews.al\/index.php\/2024\/11\/15\/teliti-keta-nuk-punojne-per-tiranen-e-shqiperine-por-si-te-gllaberojne-miliona-euro\/","title":{"rendered":"Teliti: K\u00ebta nuk punojn\u00eb p\u00ebr Tiran\u00ebn e Shqip\u00ebrin\u00eb, por si t\u00eb gllab\u00ebrojn\u00eb miliona euro!"},"content":{"rendered":"<p>Opozita organizoi protest\u00ebn e radh\u00ebs para bashkis\u00eb s\u00eb Tiran\u00ebs. Ata akuzojn\u00eb kreun e k\u00ebsaj bashkie si pronari faktik i inceneratorit dhe si kreu i band\u00ebs s\u00eb hajdut\u00ebve 5D.<\/p>\n<p><strong>Dorjan Teliti:<\/strong>\u00a0T\u00eb dashur miq. Kjo godin\u00eb q\u00eb tashm\u00eb \u00ebsht\u00eb rezidenca e atyre q\u00eb vjedhin milionat p\u00ebrdite. E atyre q\u00eb marrin pron\u00ebn publike \u00a0dhe provate dhe e trajtojn\u00eb si pron\u00eb t\u00eb bab\u00ebs s\u00eb tyre. T\u00eb atyre q\u00eb kan\u00eb marr\u00eb taksat e Tiran\u00ebs duke mos I kthyra ato tek ne por duke i futur ato n\u00eb xhepat e tyre dhe n\u00eb llogarit\u00eb e tyre personale. T\u00eb atyre q\u00eb marrin parat\u00eb e ujsjell\u00ebs kanalizimit \u00a0dhe nuk sjellin uj\u00eb n\u00eb sht\u00ebpit\u00eb tona. \u00cbsht\u00eb rezidenca e atyre q\u00eb marrin taks\u00ebn e infrastruktur\u00ebs arsimore po nuk nd\u00ebrtojn\u00eb dot nj\u00eb shkoll\u00eb t\u00eb vetme, nj\u00eb kopshte apo nj\u00eb \u00e7erdhe ne zonat e Tiran\u00ebs q\u00eb edhe sot nuk kan\u00eb kopshte dhe \u00e7erdhe,<\/p>\n<p>Kjo \u00ebsht\u00eb godina e ku zhduket miliona euro nga nj\u00eb incinerator q\u00eb nuk ekziston.<\/p>\n<p>Kjo \u00ebsht\u00eb ajo godine e cila nuk ndalet kurr\u00eb p\u00ebr t\u00eb kryer tenderat e porositur nga miqt\u00eb dhe shok\u00ebt, nd\u00ebrkoh\u00eb q\u00eb ka dy muaj q\u00eb nuk jep ndihm\u00ebn ekonomike p\u00ebr familjet n\u00eb nevoj\u00eb t\u00eb Tiran\u00ebs. Nuk mblidhet K\u00ebshilli bashkiak.<\/p>\n<p>Erjon Veliaj dhe ekipi tij as q\u00eb duan t\u2019ja din\u00eb.<\/p>\n<p>Nd\u00ebrkoh\u00eb n\u00eb 2 muaj e gjysm\u00eb me dhjet\u00ebra praktika e tenderime korruptive jan\u00eb kryer. Dit\u00eb p\u00ebr dit\u00eb q\u00eb parat\u00eb e Tiran\u00ebs gllab\u00ebrohen nga nj\u00eb grup njer\u00ebzish.<\/p>\n<p>K\u00ebt\u00eb nuk e kane mendjen t\u00eb punojn\u00eb p\u00ebr Tiran\u00ebn apo Shqip\u00ebrin\u00eb por si t\u00eb gllab\u00ebrojn\u00eb akoma edhe disa miliona euro t\u00eb tjera ashtu si\u00e7 po p\u00ebrgatitet edhe buxheti i vitit t\u00eb ardhsh\u00ebm.<\/p>\n<p>LLokma p\u00ebr qeveritar\u00ebt e th\u00ebrrmija p\u00ebr shqiptar\u00ebt. Ndaj kjo ekonomi nuk rritet dhe m\u00eb shum\u00eb varf\u00ebrohemi. Ndaj jemi edhe me shum\u00eb t\u00eb vjedhur.<\/p>\n<p>K\u00ebshtu do jemi edhe dit\u00ebn e mart\u00eb para parlamentit p\u00ebr ti th\u00ebn\u00eb jo buxhetit t\u00eb hajdut\u00ebve.<\/p>\n","protected":false},"excerpt":{"rendered":"<p>Opozita organizoi protest\u00ebn e radh\u00ebs para bashkis\u00eb s\u00eb Tiran\u00ebs. Ata akuzojn\u00eb kreun e k\u00ebsaj bashkie si pronari faktik i inceneratorit dhe si kreu i band\u00ebs s\u00eb hajdut\u00ebve 5D. Dorjan Teliti:\u00a0T\u00eb dashur miq. Kjo godin\u00eb q\u00eb tashm\u00eb \u00ebsht\u00eb rezidenca e atyre q\u00eb vjedhin milionat p\u00ebrdite. E atyre q\u00eb marrin pron\u00ebn publike \u00a0dhe provate dhe e trajtojn\u00eb &hellip;<\/p>\n","protected":false},"author":4,"featured_media":95360,"comment_status":"closed","ping_status":"closed","sticky":false,"template":"","format":"standard","meta":{"footnotes":""},"categories":[37],"tags":[],"class_list":["post-95359","post","type-post","status-publish","format-standard","has-post-thumbnail","","category-politike"],"_links":{"self":[{"href":"https:\/\/rdnews.al\/index.php\/wp-json\/wp\/v2\/posts\/95359","targetHints":{"allow":["GET"]}}],"collection":[{"href":"https:\/\/rdnews.al\/index.php\/wp-json\/wp\/v2\/posts"}],"about":[{"href":"https:\/\/rdnews.al\/index.php\/wp-json\/wp\/v2\/types\/post"}],"author":[{"embeddable":true,"href":"https:\/\/rdnews.al\/index.php\/wp-json\/wp\/v2\/users\/4"}],"replies":[{"embeddable":true,"href":"https:\/\/rdnews.al\/index.php\/wp-json\/wp\/v2\/comments?post=95359"}],"version-history":[{"count":1,"href":"https:\/\/rdnews.al\/index.php\/wp-json\/wp\/v2\/posts\/95359\/revisions"}],"predecessor-version":[{"id":95361,"href":"https:\/\/rdnews.al\/index.php\/wp-json\/wp\/v2\/posts\/95359\/revisions\/95361"}],"wp:featuredmedia":[{"embeddable":true,"href":"https:\/\/rdnews.al\/index.php\/wp-json\/wp\/v2\/media\/95360"}],"wp:attachment":[{"href":"https:\/\/rdnews.al\/index.php\/wp-json\/wp\/v2\/media?parent=95359"}],"wp:term":[{"taxonomy":"category","embeddable":true,"href":"https:\/\/rdnews.al\/index.php\/wp-json\/wp\/v2\/categories?post=95359"},{"taxonomy":"post_tag","embeddable":true,"href":"https:\/\/rdnews.al\/index.php\/wp-json\/wp\/v2\/tags?post=95359"}],"curies":[{"name":"wp","href":"https:\/\/api.w.org\/{rel}","templated":true}]}}