{"id":95362,"date":"2024-11-15T11:15:02","date_gmt":"2024-11-15T11:15:02","guid":{"rendered":"https:\/\/rdnews.al\/?p=95362"},"modified":"2024-11-15T11:39:59","modified_gmt":"2024-11-15T11:39:59","slug":"mucollari-veliaj-ne-afera-te-medha-korruptive-nuk-ka-rame-apo-aleks-qe-do-ti-dale-per-zot-ketij-maskarai","status":"publish","type":"post","link":"https:\/\/rdnews.al\/index.php\/2024\/11\/15\/mucollari-veliaj-ne-afera-te-medha-korruptive-nuk-ka-rame-apo-aleks-qe-do-ti-dale-per-zot-ketij-maskarai\/","title":{"rendered":"Mu\u00e7ollari: Veliaj n\u00eb afera t\u00eb m\u00ebdha korruptive, nuk ka Ram\u00eb apo Aleks q\u00eb do t\u2019i dal\u00eb p\u00ebr zot!"},"content":{"rendered":"<p>An\u00ebtari i Kryesis\u00eb s\u00eb Partis\u00eb Demokratike, Grigels Mu\u00e7ollari, n\u00eb fjalimin e tij n\u00eb protest\u00ebn e organizuar para Bashkis\u00eb s\u00eb Tiran\u00ebs\u00a0denoncoi ashp\u00ebr kryetarin e Bashkis\u00eb, Erion Veliaj, duke e akuzuar p\u00ebr shkelje t\u00eb r\u00ebnda dhe p\u00ebrpjekje p\u00ebr t\u00eb q\u00ebndruar n\u00eb detyr\u00eb me \u00e7do kusht.<\/p>\n<p>Mu\u00e7ollari theksoi se n\u00ebn drejtimin e Veliajt jan\u00eb kryer afera t\u00eb m\u00ebdha korruptive q\u00eb kan\u00eb d\u00ebmtuar r\u00ebnd\u00eb interesat e qytetar\u00ebve dhe\u00a0kritikoi sistemin e drejt\u00ebsis\u00eb p\u00ebr mosveprim ndaj k\u00ebtyre aferave dhe mbrojtjen e politikan\u00ebve t\u00eb korruptuar.<\/p>\n<p>Protesta, sipas tij, \u00ebsht\u00eb nj\u00eb shprehje e qart\u00eb e revolt\u00ebs qytetare p\u00ebr t\u00eb rikthyer vlerat morale n\u00eb shoq\u00ebri. Me tone t\u00eb ashpra, Mu\u00e7ollari b\u00ebri thirrje p\u00ebr p\u00ebrgjegjshm\u00ebri dhe drejt\u00ebsi n\u00eb p\u00ebrballjen me abuzimet e pushtetit.<\/p>\n<p>\u201cRall\u00ebher\u00eb mund t\u00eb ket\u00eb ndodhur q\u00eb nj\u00eb politikan, nj\u00eb kryetar bashkie, nj\u00eb politikan i rr\u00ebzuar tashm\u00eb politikisht dhe i r\u00ebn\u00eb moralisht, t\u00eb k\u00ebrkoj\u00eb t\u00eb q\u00ebndroj\u00eb me \u00e7do kusht n\u00eb detyr\u00eb, t\u00eb k\u00ebrkoj\u00eb t\u00eb firmos\u00eb \u00e7do dit\u00eb shkresa dhe akte n\u00eb kund\u00ebrshtim me interesat e qytetar\u00ebve. Ky \u00ebsht\u00eb Erion Veliaj.<\/p>\n<p>Kurr\u00eb nuk ka ndodhur q\u00eb nj\u00eb kryetar bashkie, pasi i \u00ebsht\u00eb arrestuar i gjith\u00eb aparati i institucionit, dhjet\u00ebra drejtor\u00eb q\u00eb n\u00ebn qeverisjen dhe drejtimin e tij kan\u00eb kryer krime prej miliona eurosh ndaj qytetar\u00ebve, t\u00eb mos mbaj\u00eb p\u00ebrgjegj\u00ebsi.<\/p>\n<p>Kurr\u00eb nuk ka ndodhur q\u00eb nj\u00eb sistem drejt\u00ebsie, pasi dalin hapur afera t\u00eb nj\u00eb politikani apo pushtetari, t\u00eb mos reagoj\u00eb.<\/p>\n<p>Kurr\u00eb nuk ka ndodhur q\u00eb nj\u00eb politikan t\u00eb p\u00ebrk\u00ebdhelet k\u00ebshtu nga sistemi i drejt\u00ebsis\u00eb. Por ama, kurr\u00eb nuk ka ndodhur q\u00eb mij\u00ebra qytetar\u00eb, \u00e7ifte dhe familje, t\u00eb q\u00ebndrojn\u00eb k\u00ebtu p\u00ebr jav\u00eb t\u00eb t\u00ebra, p\u00ebr muaj t\u00eb t\u00ebr\u00eb, p\u00ebr t\u00eb rikthyer vlerat morale t\u00eb k\u00ebsaj shoq\u00ebrie.<\/p>\n<p>Sepse ky njeri ka kryer nj\u00eb krim shum\u00eb m\u00eb t\u00eb madh: at\u00eb t\u00eb p\u00ebrdhosjes s\u00eb vlerave morale t\u00eb k\u00ebsaj shoq\u00ebrie.<\/p>\n<p>Un\u00eb jam i bindur, t\u00eb dashur qytetar\u00eb, q\u00eb nuk ka Ram\u00eb apo Aleks, pastor apo zot, q\u00eb do t\u2019i dal\u00eb p\u00ebr zot k\u00ebtij maskarai, k\u00ebtij krimineli\u201d, u shpreh Mu\u00e7ollari.<\/p>\n","protected":false},"excerpt":{"rendered":"<p>An\u00ebtari i Kryesis\u00eb s\u00eb Partis\u00eb Demokratike, Grigels Mu\u00e7ollari, n\u00eb fjalimin e tij n\u00eb protest\u00ebn e organizuar para Bashkis\u00eb s\u00eb Tiran\u00ebs\u00a0denoncoi ashp\u00ebr kryetarin e Bashkis\u00eb, Erion Veliaj, duke e akuzuar p\u00ebr shkelje t\u00eb r\u00ebnda dhe p\u00ebrpjekje p\u00ebr t\u00eb q\u00ebndruar n\u00eb detyr\u00eb me \u00e7do kusht. Mu\u00e7ollari theksoi se n\u00ebn drejtimin e Veliajt jan\u00eb kryer afera t\u00eb m\u00ebdha &hellip;<\/p>\n","protected":false},"author":4,"featured_media":95363,"comment_status":"closed","ping_status":"closed","sticky":false,"template":"","format":"standard","meta":{"footnotes":""},"categories":[37],"tags":[],"class_list":["post-95362","post","type-post","status-publish","format-standard","has-post-thumbnail","","category-politike"],"_links":{"self":[{"href":"https:\/\/rdnews.al\/index.php\/wp-json\/wp\/v2\/posts\/95362","targetHints":{"allow":["GET"]}}],"collection":[{"href":"https:\/\/rdnews.al\/index.php\/wp-json\/wp\/v2\/posts"}],"about":[{"href":"https:\/\/rdnews.al\/index.php\/wp-json\/wp\/v2\/types\/post"}],"author":[{"embeddable":true,"href":"https:\/\/rdnews.al\/index.php\/wp-json\/wp\/v2\/users\/4"}],"replies":[{"embeddable":true,"href":"https:\/\/rdnews.al\/index.php\/wp-json\/wp\/v2\/comments?post=95362"}],"version-history":[{"count":2,"href":"https:\/\/rdnews.al\/index.php\/wp-json\/wp\/v2\/posts\/95362\/revisions"}],"predecessor-version":[{"id":95379,"href":"https:\/\/rdnews.al\/index.php\/wp-json\/wp\/v2\/posts\/95362\/revisions\/95379"}],"wp:featuredmedia":[{"embeddable":true,"href":"https:\/\/rdnews.al\/index.php\/wp-json\/wp\/v2\/media\/95363"}],"wp:attachment":[{"href":"https:\/\/rdnews.al\/index.php\/wp-json\/wp\/v2\/media?parent=95362"}],"wp:term":[{"taxonomy":"category","embeddable":true,"href":"https:\/\/rdnews.al\/index.php\/wp-json\/wp\/v2\/categories?post=95362"},{"taxonomy":"post_tag","embeddable":true,"href":"https:\/\/rdnews.al\/index.php\/wp-json\/wp\/v2\/tags?post=95362"}],"curies":[{"name":"wp","href":"https:\/\/api.w.org\/{rel}","templated":true}]}}