{"id":95365,"date":"2024-11-15T11:18:36","date_gmt":"2024-11-15T11:18:36","guid":{"rendered":"https:\/\/rdnews.al\/?p=95365"},"modified":"2024-11-15T11:46:32","modified_gmt":"2024-11-15T11:46:32","slug":"bardhi-qeveria-dhe-bashkia-te-kapura-nga-soros-shqiptaret-me-syte-nga-opozita-per-largimin-e-qeverise-se-hajduteve","status":"publish","type":"post","link":"https:\/\/rdnews.al\/index.php\/2024\/11\/15\/bardhi-qeveria-dhe-bashkia-te-kapura-nga-soros-shqiptaret-me-syte-nga-opozita-per-largimin-e-qeverise-se-hajduteve\/","title":{"rendered":"Silvi Bardhi: Shqiptar\u00ebt me syt\u00eb nga opozita p\u00ebr largimin e qeveris\u00eb s\u00eb hajdut\u00ebve"},"content":{"rendered":"<p>Koordinatorja p\u00ebr Departamentet n\u00eb Partin\u00eb Demokratike, Silvi Bardhi, n\u00eb flaj\u00ebn e saj n\u00eb protest\u00ebn parar bashkis\u00eb Tiran\u00eb\u00a0u ndal te ndikimi i George Soros n\u00eb politik\u00ebn shqiptare.<\/p>\n<p>Bardhi kritikoi ashp\u00ebr qeverin\u00eb Rama dhe administrat\u00ebn e Veliajt, duke i cil\u00ebsuar si t\u00eb kapur nga interesa t\u00eb huaja.<\/p>\n<p>N\u00eb fjal\u00ebn e saj, ajo i dha nj\u00eb r\u00ebnd\u00ebsi t\u00eb ve\u00e7ant\u00eb rolit t\u00eb opozit\u00ebs dhe mb\u00ebshtetjes nd\u00ebrkomb\u00ebtare p\u00ebr t\u00eb sjell\u00eb ndryshim.<\/p>\n<p>\u201cDo t\u00eb doja t\u00eb ritheksoja nj\u00eb fakt q\u00eb ka dal\u00eb n\u00eb pah dit\u00ebn e djeshme. N\u00eb k\u00ebt\u00eb let\u00ebr \u00ebsht\u00eb shkruar, e zeza mbi t\u00eb bardh\u00eb, se bota \u00ebsht\u00eb kapur nga Soros. Po ashtu, qeveria shqiptare \u00ebsht\u00eb kapur nga Soros.<\/p>\n<p>Soros \u00ebsht\u00eb ai q\u00eb ka dashur t\u00eb tejzgjat\u00eb qeverisjen e Edi Ram\u00ebs, t\u00eb Erion Veliajt dhe t\u00eb t\u00eb gjith\u00eb grupit t\u00eb personave t\u00eb tjer\u00eb, t\u00eb cil\u00ebt jo vet\u00ebm po vjedhin, por kan\u00eb tentuar t\u00eb na \u00e7\u2019natyralizojn\u00eb t\u00eb gjith\u00ebve.<\/p>\n<p>Marco Rubio, i em\u00ebruar Sekretar i Shtetit nga presidenti Trump, thekson n\u00eb k\u00ebt\u00eb let\u00ebr se t\u00eb gjith\u00eb bashk\u00ebpun\u00ebtor\u00ebt e SHBA-s\u00eb po nd\u00ebshkohen me \u201cnon grata\u201d.<\/p>\n<p>Kjo ka ndodhur edhe me kryetarin e Partis\u00eb Demokratike, liderin e opozit\u00ebs, Sali Berisha. Kjo \u00ebsht\u00eb arsyeja pse opozita sot ndodhet n\u00eb k\u00ebt\u00eb situat\u00eb dhe pse sot \u00ebsht\u00eb n\u00eb protest\u00eb.<\/p>\n<p>Nuk \u00ebsht\u00eb nj\u00eb protest\u00eb modeste; absolutisht, t\u00eb gjith\u00eb shqiptar\u00ebt kan\u00eb syt\u00eb nga opozita dhe k\u00ebrkojn\u00eb largimin e qeveris\u00eb s\u00eb hajdut\u00ebve.<\/p>\n<p>U pa shum\u00eb qart\u00eb se Blinken ishte nj\u00eb kukull e Sorosit. Shqip\u00ebria do t\u00eb tregoj\u00eb se jo vet\u00ebm me vot\u00eb, por edhe me mb\u00ebshtetjen e SHBA-s\u00eb, opozita do t\u00eb vij\u00eb p\u00ebr t\u00eb drejtuar vendin ashtu si\u00e7 e meriton\u201d, tha Bardhi.<\/p>\n","protected":false},"excerpt":{"rendered":"<p>Koordinatorja p\u00ebr Departamentet n\u00eb Partin\u00eb Demokratike, Silvi Bardhi, n\u00eb flaj\u00ebn e saj n\u00eb protest\u00ebn parar bashkis\u00eb Tiran\u00eb\u00a0u ndal te ndikimi i George Soros n\u00eb politik\u00ebn shqiptare. Bardhi kritikoi ashp\u00ebr qeverin\u00eb Rama dhe administrat\u00ebn e Veliajt, duke i cil\u00ebsuar si t\u00eb kapur nga interesa t\u00eb huaja. N\u00eb fjal\u00ebn e saj, ajo i dha nj\u00eb r\u00ebnd\u00ebsi t\u00eb &hellip;<\/p>\n","protected":false},"author":4,"featured_media":95366,"comment_status":"closed","ping_status":"closed","sticky":false,"template":"","format":"standard","meta":{"footnotes":""},"categories":[37],"tags":[],"class_list":["post-95365","post","type-post","status-publish","format-standard","has-post-thumbnail","","category-politike"],"_links":{"self":[{"href":"https:\/\/rdnews.al\/index.php\/wp-json\/wp\/v2\/posts\/95365","targetHints":{"allow":["GET"]}}],"collection":[{"href":"https:\/\/rdnews.al\/index.php\/wp-json\/wp\/v2\/posts"}],"about":[{"href":"https:\/\/rdnews.al\/index.php\/wp-json\/wp\/v2\/types\/post"}],"author":[{"embeddable":true,"href":"https:\/\/rdnews.al\/index.php\/wp-json\/wp\/v2\/users\/4"}],"replies":[{"embeddable":true,"href":"https:\/\/rdnews.al\/index.php\/wp-json\/wp\/v2\/comments?post=95365"}],"version-history":[{"count":3,"href":"https:\/\/rdnews.al\/index.php\/wp-json\/wp\/v2\/posts\/95365\/revisions"}],"predecessor-version":[{"id":95382,"href":"https:\/\/rdnews.al\/index.php\/wp-json\/wp\/v2\/posts\/95365\/revisions\/95382"}],"wp:featuredmedia":[{"embeddable":true,"href":"https:\/\/rdnews.al\/index.php\/wp-json\/wp\/v2\/media\/95366"}],"wp:attachment":[{"href":"https:\/\/rdnews.al\/index.php\/wp-json\/wp\/v2\/media?parent=95365"}],"wp:term":[{"taxonomy":"category","embeddable":true,"href":"https:\/\/rdnews.al\/index.php\/wp-json\/wp\/v2\/categories?post=95365"},{"taxonomy":"post_tag","embeddable":true,"href":"https:\/\/rdnews.al\/index.php\/wp-json\/wp\/v2\/tags?post=95365"}],"curies":[{"name":"wp","href":"https:\/\/api.w.org\/{rel}","templated":true}]}}