{"id":95368,"date":"2024-11-15T11:23:33","date_gmt":"2024-11-15T11:23:33","guid":{"rendered":"https:\/\/rdnews.al\/?p=95368"},"modified":"2024-11-15T11:24:04","modified_gmt":"2024-11-15T11:24:04","slug":"balliu-dumani-pse-nuk-e-arreston-kete-vemjen-veliaj-qe-ka-nje-mal-me-prova","status":"publish","type":"post","link":"https:\/\/rdnews.al\/index.php\/2024\/11\/15\/balliu-dumani-pse-nuk-e-arreston-kete-vemjen-veliaj-qe-ka-nje-mal-me-prova\/","title":{"rendered":"Balliu: Dumani pse nuk e arreston k\u00ebt\u00eb vemjen Veliaj q\u00eb ka nj\u00eb mal me prova?"},"content":{"rendered":"<p>Shefi i Organizimit n\u00eb PD, Klevis Balliu n\u00eb protest\u00ebn kund\u00ebr vjedhjeve t\u00eb kreut t\u00eb bashkis\u00eb s\u00eb Tiran\u00ebs \u00ebsht\u00eb shprehur se beteja nuk do t\u00eb ndalet derisa hajdut\u00ebt t\u00eb p\u00ebrfundojn\u00eb n\u00eb burg.<\/p>\n<p>Balliu ka theksuar se p\u00ebrpara se t\u00eb vinte PS n\u00eb pushtet, buxheti ishte 64 milion euro dhe koshat e plehrave ishin bosh dhe t\u00eb pastra, nd\u00ebrkoh\u00eb, tani buxheti \u00ebsht\u00eb 500 milion\u00eb euro dhe Tirana \u00ebsht\u00eb zhul.<\/p>\n<p>\u201cKuptoni \u00e7far\u00eb po ndodh, ju merr 500 milion\u00eb euro, p\u00ebrpara se t\u00eb vinte ky k\u00ebtu, ishte 64 milion euro buxheti i bashkis\u00eb dhe koshat e plehrave ishin bosh dhe t\u00eb pastra, Tirana zhul, \u00a0lana mban era Veliaj. Me politikat veta po promovon kancer, k\u00ebta para o iu merren f\u00ebmij\u00ebve tuaj, pse nuk keni para p\u00ebr t\u00eb b\u00ebr\u00eb pazar n\u00eb sht\u00ebpi? Po i merr ky hajdut me kryehajdutin Edi Rama.<\/p>\n<p>Shqiptar\u00ebt protestojn\u00eb p\u00ebr drejt\u00ebsi. Nuk ka drejt\u00ebsi se po t\u00eb kishte drejt\u00ebsi, Rama, Veliaj, Balla, Olsi Rama dhe Belinda Balluku do ishte burg.<\/p>\n<p>N\u00eb burg shkojn\u00eb ta q\u00eb denoncojn\u00eb krimin e tyre, k\u00ebtu nuk ka drejt\u00ebsi sepse k\u00ebtu ka Skap, nuk ka drejt\u00ebsi sepse k\u00ebtu ka Duman. Ky Dumani pse nuk e arreston k\u00ebt\u00eb vemje q\u00eb ka nj\u00eb mal me prova?\u201d, tha Balliu.<\/p>\n","protected":false},"excerpt":{"rendered":"<p>Shefi i Organizimit n\u00eb PD, Klevis Balliu n\u00eb protest\u00ebn kund\u00ebr vjedhjeve t\u00eb kreut t\u00eb bashkis\u00eb s\u00eb Tiran\u00ebs \u00ebsht\u00eb shprehur se beteja nuk do t\u00eb ndalet derisa hajdut\u00ebt t\u00eb p\u00ebrfundojn\u00eb n\u00eb burg. Balliu ka theksuar se p\u00ebrpara se t\u00eb vinte PS n\u00eb pushtet, buxheti ishte 64 milion euro dhe koshat e plehrave ishin bosh dhe t\u00eb &hellip;<\/p>\n","protected":false},"author":4,"featured_media":95370,"comment_status":"closed","ping_status":"closed","sticky":false,"template":"","format":"standard","meta":{"footnotes":""},"categories":[37],"tags":[],"class_list":["post-95368","post","type-post","status-publish","format-standard","has-post-thumbnail","","category-politike"],"_links":{"self":[{"href":"https:\/\/rdnews.al\/index.php\/wp-json\/wp\/v2\/posts\/95368","targetHints":{"allow":["GET"]}}],"collection":[{"href":"https:\/\/rdnews.al\/index.php\/wp-json\/wp\/v2\/posts"}],"about":[{"href":"https:\/\/rdnews.al\/index.php\/wp-json\/wp\/v2\/types\/post"}],"author":[{"embeddable":true,"href":"https:\/\/rdnews.al\/index.php\/wp-json\/wp\/v2\/users\/4"}],"replies":[{"embeddable":true,"href":"https:\/\/rdnews.al\/index.php\/wp-json\/wp\/v2\/comments?post=95368"}],"version-history":[{"count":1,"href":"https:\/\/rdnews.al\/index.php\/wp-json\/wp\/v2\/posts\/95368\/revisions"}],"predecessor-version":[{"id":95369,"href":"https:\/\/rdnews.al\/index.php\/wp-json\/wp\/v2\/posts\/95368\/revisions\/95369"}],"wp:featuredmedia":[{"embeddable":true,"href":"https:\/\/rdnews.al\/index.php\/wp-json\/wp\/v2\/media\/95370"}],"wp:attachment":[{"href":"https:\/\/rdnews.al\/index.php\/wp-json\/wp\/v2\/media?parent=95368"}],"wp:term":[{"taxonomy":"category","embeddable":true,"href":"https:\/\/rdnews.al\/index.php\/wp-json\/wp\/v2\/categories?post=95368"},{"taxonomy":"post_tag","embeddable":true,"href":"https:\/\/rdnews.al\/index.php\/wp-json\/wp\/v2\/tags?post=95368"}],"curies":[{"name":"wp","href":"https:\/\/api.w.org\/{rel}","templated":true}]}}