{"id":95371,"date":"2024-11-15T11:29:24","date_gmt":"2024-11-15T11:29:24","guid":{"rendered":"https:\/\/rdnews.al\/?p=95371"},"modified":"2024-11-15T11:44:55","modified_gmt":"2024-11-15T11:44:55","slug":"kellici-pasi-nuk-la-balte-pa-hedhur-mbi-opoziten-ushtari-i-soros-po-sulmon-presidentin-trump","status":"publish","type":"post","link":"https:\/\/rdnews.al\/index.php\/2024\/11\/15\/kellici-pasi-nuk-la-balte-pa-hedhur-mbi-opoziten-ushtari-i-soros-po-sulmon-presidentin-trump\/","title":{"rendered":"K\u00eblli\u00e7i: Arritja e vetme e kreut t\u00eb 5D \u00ebsht\u00eb gjoba ndaj qytetar\u00ebve t\u00eb Tiran\u00ebs!"},"content":{"rendered":"<p>Gjat\u00eb fjal\u00ebs s\u00eb tij, n\u00eb protest\u00ebn e organizuar para bashkis\u00eb lidhur me \u00e7\u00ebshtjen e incenerator\u00ebve, teksa deputet\u00ebt e opozit\u00ebs k\u00ebrkojn\u00eb dor\u00ebheqjen e kryehajdutit Veliaj, drejtuesi politik i PD-s\u00eb p\u00ebr Qarkun e Tiran\u00ebs, Belind K\u00eblli\u00e7i, u ndal tek sulmi q\u00eb Veliaj, p\u00ebrmes mediave t\u00eb tij isulmoi\u00a0kryeprokurorin e em\u00ebruar nga Trump n\u00eb SHBA.<\/p>\n<p>Gjat\u00eb fjal\u00ebs s\u00eb tij, ai u shpreh se Veliaj i q\u00eb nuk ka l\u00ebn\u00eb sulm, llum e balt\u00eb pa hedhur ndaj opozit\u00ebs e s\u00eb djatht\u00ebs n\u00eb vend q\u00eb denoncojn\u00eb n\u00eb Shqip\u00ebri, tashm\u00eb ka nisur sulmet ndaj presidenc\u00ebs amerikane.<\/p>\n<p>&#8220;Faleminderit p\u00ebr k\u00ebt\u00eb pjesmarrje n\u00eb protest\u00ebn rekod n\u00eb jav\u00ebn e 35-t\u00eb kund\u00ebr jo vet\u00ebm ushtarit t\u00eb korrupsionit q\u00eb \u00ebsht\u00eb Veliaj, pronari faktik i inceneratorit dhe kreut t\u00eb 5D, po tashm\u00eb si\u00e7 e di edhe edhe mbar\u00eb rajoni kund\u00ebr ushtarit m\u00eb besnik t\u00eb Sorosit, Erion Veliaj.<\/p>\n<p>Ushtari i fondacionit \u2018Shoq\u00ebri e hapur\u2019 i cili ka mar\u00eb guximin dje n\u00eb mediat e tij ku kryeson Karlo Bolino t\u00eb filloj\u00eb e t\u00eb sulmoj\u00eb kryeprokurorin e em\u00ebruar tashm\u00eb nga Trump n\u00eb SHBA.<\/p>\n<p>Ky njeri q\u00eb nuk ka l\u00ebn\u00eb sulm, llum e balt\u00eb pa hedhur ndaj opozit\u00ebs e s\u00eb djatht\u00ebs n\u00eb vend q\u00eb denoncojn\u00eb n\u00eb Shqip\u00ebri, tashm\u00eb ka nisur sulmet ndaj presidenc\u00ebs amerikane e ndaj mos harroni se \u00ebsht\u00eb Veliaj ai q\u00eb p\u00ebrb\u00ebn k\u00ebrc\u00ebnim t\u00eb drejtp\u00ebrdrejt\u00eb p\u00ebr sigurin\u00eb komb\u00ebtare t\u00eb PD me afer\u00ebn e inceneratorit.<\/p>\n<p>Nga kjo foltore k\u00ebtu kemi denoncuar lidhjet e Veliajt me Iranin e Rusin\u00eb, me kompanin\u00eb \u2018Matna Grop\u2019 iraniane e Veliaj\u00a0sot \u00ebsht\u00eb\u00a0k\u00ebrc\u00ebnim p\u00ebr sigurin\u00eb komb\u00ebtare t\u00eb SHBA-ve.<\/p>\n<p>T\u00eb dashur miq, arritja e vetme e kreut t\u00eb 5D, n\u00eb k\u00ebt\u00eb 9 muaj si\u00e7 edhe an\u00ebtarja e K\u00ebshillit Bashkiak Ilda Zhulali e tha dit\u00ebn e djeshme,\u00a0\u00ebsht\u00eb gjoba ndaj qytetar\u00ebve t\u00eb Tiran\u00ebs.<\/p>\n<p>K\u00ebtu po shk\u00eblqejn\u00eb aferat korruptive me n\u00eb krye Plarent Ndrec\u00ebn, q\u00eb nj\u00eb kapele t\u00eb polic\u00ebve e tenderonte 350 euro, e nd\u00ebrkoh\u00eb q\u00eb me rrogat q\u00eb kan\u00eb polic\u00ebt, nuk ushqejn\u00eb familjet e tyre.<\/p>\n<p>Sa her\u00eb ne kemi pasur p\u00ebrballje me policin\u00eb e shtetit ne kemi th\u00ebn\u00eb se nuk jemi k\u00ebtu p\u00ebr t\u00eb protestuar kund\u00ebr tyre, por po protestojm\u00eb kund\u00ebr hajdut\u00ebve q\u00eb vjedhin edhe parat\u00eb e familjeve dhe f\u00ebmij\u00ebve t\u00eb tyre.<\/p>\n<p>P\u00ebr 9-mujorin q\u00eb lam\u00eb pas, Veliaj p\u00ebrmes &#8216;Policis\u00eb s\u00eb Shtetit&#8217; e &#8216;Drejtoris\u00eb s\u00eb Tatimeve Vendore&#8217; i kan\u00eb vendosur 6.4 milion euro qytetar\u00ebve t\u00eb Tiran\u00ebs.<\/p>\n<p>Plani \u00ebsht\u00eb realiazuar me policin\u00eb bashkiake me 288% duke vendosur 3.8 milione euro p\u00ebr qytetar\u00ebt.<\/p>\n<p>Me 188% u realizua plani i tatimeve vendore duke i vendosur 2.9 milion\u00eb euro bizneseve t\u00eb Tira\u00ebs.<\/p>\n<p>Imagjinoni nj\u00eb njeri\u00a0q\u00eb merr taksat e Tiran\u00ebs e i shp\u00ebrdoror, me\u00a0nj\u00eb incinerator q\u00eb paguhet 88 milion\u00eb euro dhe nuk ekziston, i duhet t\u00eb gjobis\u00eb me 6.4 milion euro qytetar\u00ebt e Tiran\u00ebs n\u00eb m\u00ebnyr\u00eb q\u00eb Veliaj t\u00eb vjedh\u00eb p\u00ebr vete&#8221;, u shpreh K\u00eblli\u00e7i.<\/p>\n","protected":false},"excerpt":{"rendered":"<p>Gjat\u00eb fjal\u00ebs s\u00eb tij, n\u00eb protest\u00ebn e organizuar para bashkis\u00eb lidhur me \u00e7\u00ebshtjen e incenerator\u00ebve, teksa deputet\u00ebt e opozit\u00ebs k\u00ebrkojn\u00eb dor\u00ebheqjen e kryehajdutit Veliaj, drejtuesi politik i PD-s\u00eb p\u00ebr Qarkun e Tiran\u00ebs, Belind K\u00eblli\u00e7i, u ndal tek sulmi q\u00eb Veliaj, p\u00ebrmes mediave t\u00eb tij isulmoi\u00a0kryeprokurorin e em\u00ebruar nga Trump n\u00eb SHBA. Gjat\u00eb fjal\u00ebs s\u00eb tij, &hellip;<\/p>\n","protected":false},"author":4,"featured_media":95372,"comment_status":"closed","ping_status":"closed","sticky":false,"template":"","format":"standard","meta":{"footnotes":""},"categories":[37],"tags":[],"class_list":["post-95371","post","type-post","status-publish","format-standard","has-post-thumbnail","","category-politike"],"_links":{"self":[{"href":"https:\/\/rdnews.al\/index.php\/wp-json\/wp\/v2\/posts\/95371","targetHints":{"allow":["GET"]}}],"collection":[{"href":"https:\/\/rdnews.al\/index.php\/wp-json\/wp\/v2\/posts"}],"about":[{"href":"https:\/\/rdnews.al\/index.php\/wp-json\/wp\/v2\/types\/post"}],"author":[{"embeddable":true,"href":"https:\/\/rdnews.al\/index.php\/wp-json\/wp\/v2\/users\/4"}],"replies":[{"embeddable":true,"href":"https:\/\/rdnews.al\/index.php\/wp-json\/wp\/v2\/comments?post=95371"}],"version-history":[{"count":2,"href":"https:\/\/rdnews.al\/index.php\/wp-json\/wp\/v2\/posts\/95371\/revisions"}],"predecessor-version":[{"id":95381,"href":"https:\/\/rdnews.al\/index.php\/wp-json\/wp\/v2\/posts\/95371\/revisions\/95381"}],"wp:featuredmedia":[{"embeddable":true,"href":"https:\/\/rdnews.al\/index.php\/wp-json\/wp\/v2\/media\/95372"}],"wp:attachment":[{"href":"https:\/\/rdnews.al\/index.php\/wp-json\/wp\/v2\/media?parent=95371"}],"wp:term":[{"taxonomy":"category","embeddable":true,"href":"https:\/\/rdnews.al\/index.php\/wp-json\/wp\/v2\/categories?post=95371"},{"taxonomy":"post_tag","embeddable":true,"href":"https:\/\/rdnews.al\/index.php\/wp-json\/wp\/v2\/tags?post=95371"}],"curies":[{"name":"wp","href":"https:\/\/api.w.org\/{rel}","templated":true}]}}