{"id":95374,"date":"2024-11-15T11:35:06","date_gmt":"2024-11-15T11:35:06","guid":{"rendered":"https:\/\/rdnews.al\/?p=95374"},"modified":"2024-11-15T11:42:54","modified_gmt":"2024-11-15T11:42:54","slug":"kalaja-veliaj-eshte-i-trembur-shume-shpejt-do-te-trembet-edhe-me-shume","status":"publish","type":"post","link":"https:\/\/rdnews.al\/index.php\/2024\/11\/15\/kalaja-veliaj-eshte-i-trembur-shume-shpejt-do-te-trembet-edhe-me-shume\/","title":{"rendered":"Kalaja: Veliaj \u00ebsht\u00eb i trembur, shum\u00eb shpejt do t\u00eb trembet edhe m\u00eb shum\u00eb!"},"content":{"rendered":"<p>Kryetarja e Gjykat\u00ebs t\u00eb Apelimit n\u00eb PD, Adriana Kalaja, n\u00eb fjalimin e saj n\u00eb protest\u00ebn para bashkis\u00eb s\u00eb Tiran\u00ebs tha se, kur t\u2019i dal\u00eb gjumi Veliajt n\u00eb burg, do t\u2019i shfaqen t\u00eb gjitha krimet q\u00eb ka b\u00ebr\u00eb.<\/p>\n<p>\u201cP\u00ebrsh\u00ebndetje njer\u00ebz q\u00eb nuk u mposht\u00ebt prej k\u00ebtij regjimi anti shqiptar. N\u00eb fakt sot do doja q\u00eb ta filloja me nj\u00eb mir\u00ebnjohje p\u00ebr Aleanc\u00ebn p\u00ebr Mbrojtjen e Teatrit, q\u00eb nuk u mposht\u00ebt n\u00eb asnj\u00eb m\u00ebnyr\u00eb, por q\u00eb po vijon nj\u00eb luft\u00eb ndaj k\u00ebtij bastardi.<\/p>\n<p>Miliona euro po paguan p\u00ebr t\u00eb mposhtur kauz\u00ebn. Nuk e bleu dot, edhe kur shembi godin\u00ebn e Teatrit, shembi godin\u00ebn, por Teatri Komb\u00ebtar \u00ebsht\u00eb kauza m\u00eb unike dhe m\u00eb fisnike, q\u00eb nuk e shemb dot.<\/p>\n<p>\u00c7far\u00eb b\u00ebn bastardi, do ta shuaj\u00eb emrin e Aleanc\u00ebs me gjith\u00eb territorin mediatik sorrosist. Por Aleanc\u00ebn do ta ket\u00eb p\u00ebrher\u00eb k\u00ebtu, p\u00ebrball\u00eb tij.<\/p>\n<p>Protesta organizohet nga qytetar\u00ebt, nga Partia Demokratike, por thirret nga Aleanca. \u00cbsht\u00eb thirrur q\u00eb m\u00eb 5 prill. I tremb emri i Alenac\u00ebs. T\u00eb vazhdoj\u00eb t\u00eb trembet dhe shum\u00eb shpejt do t\u00eb trembet edhe m\u00eb shum\u00eb. Dhe kur t\u2019i dal\u00eb gjumi atje te 313-ta (n\u00eb burg) do t\u2019i dali Teatri Komb\u00ebtar, do t\u2019i dali Ardit Gjoklaj, do t\u2019i dalin t\u00eb gjith\u00eb ata f\u00ebmij\u00eb q\u00eb ka nxjerr\u00eb me gaz lotsjell\u00ebs nga banesat e tyre. Do t\u2019i dalin incenerator\u00ebt, 5D dhe t\u00eb gjitha aferat korruptive dhe kriminale q\u00eb ka b\u00ebr\u00eb\u201d, tha Kalaja.<\/p>\n","protected":false},"excerpt":{"rendered":"<p>Kryetarja e Gjykat\u00ebs t\u00eb Apelimit n\u00eb PD, Adriana Kalaja, n\u00eb fjalimin e saj n\u00eb protest\u00ebn para bashkis\u00eb s\u00eb Tiran\u00ebs tha se, kur t\u2019i dal\u00eb gjumi Veliajt n\u00eb burg, do t\u2019i shfaqen t\u00eb gjitha krimet q\u00eb ka b\u00ebr\u00eb. \u201cP\u00ebrsh\u00ebndetje njer\u00ebz q\u00eb nuk u mposht\u00ebt prej k\u00ebtij regjimi anti shqiptar. N\u00eb fakt sot do doja q\u00eb ta &hellip;<\/p>\n","protected":false},"author":4,"featured_media":95375,"comment_status":"closed","ping_status":"closed","sticky":false,"template":"","format":"standard","meta":{"footnotes":""},"categories":[37],"tags":[],"class_list":["post-95374","post","type-post","status-publish","format-standard","has-post-thumbnail","","category-politike"],"_links":{"self":[{"href":"https:\/\/rdnews.al\/index.php\/wp-json\/wp\/v2\/posts\/95374","targetHints":{"allow":["GET"]}}],"collection":[{"href":"https:\/\/rdnews.al\/index.php\/wp-json\/wp\/v2\/posts"}],"about":[{"href":"https:\/\/rdnews.al\/index.php\/wp-json\/wp\/v2\/types\/post"}],"author":[{"embeddable":true,"href":"https:\/\/rdnews.al\/index.php\/wp-json\/wp\/v2\/users\/4"}],"replies":[{"embeddable":true,"href":"https:\/\/rdnews.al\/index.php\/wp-json\/wp\/v2\/comments?post=95374"}],"version-history":[{"count":3,"href":"https:\/\/rdnews.al\/index.php\/wp-json\/wp\/v2\/posts\/95374\/revisions"}],"predecessor-version":[{"id":95380,"href":"https:\/\/rdnews.al\/index.php\/wp-json\/wp\/v2\/posts\/95374\/revisions\/95380"}],"wp:featuredmedia":[{"embeddable":true,"href":"https:\/\/rdnews.al\/index.php\/wp-json\/wp\/v2\/media\/95375"}],"wp:attachment":[{"href":"https:\/\/rdnews.al\/index.php\/wp-json\/wp\/v2\/media?parent=95374"}],"wp:term":[{"taxonomy":"category","embeddable":true,"href":"https:\/\/rdnews.al\/index.php\/wp-json\/wp\/v2\/categories?post=95374"},{"taxonomy":"post_tag","embeddable":true,"href":"https:\/\/rdnews.al\/index.php\/wp-json\/wp\/v2\/tags?post=95374"}],"curies":[{"name":"wp","href":"https:\/\/api.w.org\/{rel}","templated":true}]}}