{"id":95467,"date":"2024-11-15T19:24:59","date_gmt":"2024-11-15T19:24:59","guid":{"rendered":"https:\/\/rdnews.al\/?p=95467"},"modified":"2024-11-15T19:24:59","modified_gmt":"2024-11-15T19:24:59","slug":"biseda-e-scholz-me-putin-dhe-reagimi-i-zelenskit","status":"publish","type":"post","link":"https:\/\/rdnews.al\/index.php\/2024\/11\/15\/biseda-e-scholz-me-putin-dhe-reagimi-i-zelenskit\/","title":{"rendered":"Biseda e Scholz me Putin dhe reagimi i Zelenskit"},"content":{"rendered":"<p>Qeveria gjermane njoftoi se Kancelari gjerman Olaf Scholz zhvilloi sot nj\u00eb bised\u00eb telefonike me Presidentin rus Vladimir Putin.<\/p>\n<p>Z\u00ebdh\u00ebn\u00ebsi i qeveris\u00eb gjermane tha se Kancelari Scholz i b\u00ebri thirrje presidentit rus t\u00eb nis\u00eb bisedimet me Kievin p\u00ebr t\u2019i hapur udh\u00eb \u201cnj\u00eb paqeje t\u00eb drejt\u00eb dhe t\u00eb qendrueshme\u201d, gjat\u00eb bised\u00ebs s\u00eb par\u00eb mes dy udh\u00ebheqesve q\u00eb prej dhjetorit t\u00eb 2022, nd\u00ebrsa lufta n\u00eb Ukrain\u00eb vazhdon.<\/p>\n<p>Nd\u00ebrkoh\u00eb, nj\u00eb burim Presidenca ukrainase tha p\u00ebr agjencin\u00eb Reuters se Presidenti i Ukrain\u00ebs Volodymyr Zelenskiy e paralajm\u00eboroi Kancelarin Scholz t\u00eb mos bisedonte me Presidentin rus Vladimir Putin, pasi nj\u00eb veprim i till\u00eb do t\u00eb t\u00eb zbuste izolimin e udh\u00ebheq\u00ebsit rus dhe do t\u00eb zgjaste luft\u00ebn. I nj\u00ebjti burim tha se Kancelari Scholz, nj\u00eb aleat i ngusht\u00eb i Ukrain\u00ebs gjat\u00eb luft\u00ebs kund\u00ebr Rusis\u00eb, e kishte njoftuar m\u00eb her\u00ebt Presidentin Zelenskiy mbi planet e tij p\u00ebr t\u00eb biseduar me udh\u00ebheq\u00ebsin rus.<\/p>\n<p><em>\u201cKancelari e njoftoi Presidentin ton\u00eb mbi planet p\u00ebr t\u00eb biseduar me Putinin. Presidenti i tha se kjo do t\u00eb ndihmonte Putinin q\u00eb t\u00eb zbuste izolimin e tij. Putini nuk do paqe reale, por nj\u00eb rehabilitim (nd\u00ebrkomb\u00ebtar)\u201d,\u00a0<\/em>tha burimi.<\/p>\n<p>Gjat\u00eb bisedes q\u00eb zgjati nj\u00eb or\u00eb, Kancelari Scholtz k\u00ebrkoi t\u00ebrheqjen e trupave ruse nga Ukraina dhe konfirmoi mb\u00ebshtetjen e vazhdueshme t\u00eb Gjermanis\u00eb p\u00ebr Kievin, njoftoi z\u00ebdh\u00ebn\u00ebsi i qeveris\u00eb gjemane.<\/p>\n<p>Nd\u00ebrkoh\u00eb, sipas nj\u00eb njoftimit t\u00eb Kremlinit, Presidenti rus Putin tha se marr\u00ebveshjet e mundshme p\u00ebr t\u2019i dh\u00ebn\u00eb fund konfliktit n\u00eb Ukrain\u00eb duhet t\u00eb mbajn\u00eb parasysh interesat e siguris\u00eb s\u00eb Rusis\u00eb, t\u00eb bazohen \u201cn\u00eb realitetet e reja terrritoriale\u201d si edhe t\u00eb trajtojn\u00eb shkaqet q\u00eb \u00e7uan n\u00eb k\u00ebt\u00eb konflikt\u201d.<\/p>\n<p>Berlini \u00ebsht\u00eb mb\u00ebshtet\u00ebsi kryesor fianciar dhe furnizuesi m\u00eb i madh me armatime p\u00ebr Ukrain\u00ebn, pas Shteteve t\u00eb Bashkuara. Mb\u00ebshtetja e ardhshme nga Uashingtoni duket e pasigurt pas fitores s\u00eb republikanit Donald Trump n\u00eb zgjedhjet presidenciale.<\/p>\n","protected":false},"excerpt":{"rendered":"<p>Qeveria gjermane njoftoi se Kancelari gjerman Olaf Scholz zhvilloi sot nj\u00eb bised\u00eb telefonike me Presidentin rus Vladimir Putin. Z\u00ebdh\u00ebn\u00ebsi i qeveris\u00eb gjermane tha se Kancelari Scholz i b\u00ebri thirrje presidentit rus t\u00eb nis\u00eb bisedimet me Kievin p\u00ebr t\u2019i hapur udh\u00eb \u201cnj\u00eb paqeje t\u00eb drejt\u00eb dhe t\u00eb qendrueshme\u201d, gjat\u00eb bised\u00ebs s\u00eb par\u00eb mes dy udh\u00ebheqesve q\u00eb &hellip;<\/p>\n","protected":false},"author":4,"featured_media":95468,"comment_status":"closed","ping_status":"closed","sticky":false,"template":"","format":"standard","meta":{"footnotes":""},"categories":[38],"tags":[],"class_list":["post-95467","post","type-post","status-publish","format-standard","has-post-thumbnail","","category-bota"],"_links":{"self":[{"href":"https:\/\/rdnews.al\/index.php\/wp-json\/wp\/v2\/posts\/95467","targetHints":{"allow":["GET"]}}],"collection":[{"href":"https:\/\/rdnews.al\/index.php\/wp-json\/wp\/v2\/posts"}],"about":[{"href":"https:\/\/rdnews.al\/index.php\/wp-json\/wp\/v2\/types\/post"}],"author":[{"embeddable":true,"href":"https:\/\/rdnews.al\/index.php\/wp-json\/wp\/v2\/users\/4"}],"replies":[{"embeddable":true,"href":"https:\/\/rdnews.al\/index.php\/wp-json\/wp\/v2\/comments?post=95467"}],"version-history":[{"count":1,"href":"https:\/\/rdnews.al\/index.php\/wp-json\/wp\/v2\/posts\/95467\/revisions"}],"predecessor-version":[{"id":95469,"href":"https:\/\/rdnews.al\/index.php\/wp-json\/wp\/v2\/posts\/95467\/revisions\/95469"}],"wp:featuredmedia":[{"embeddable":true,"href":"https:\/\/rdnews.al\/index.php\/wp-json\/wp\/v2\/media\/95468"}],"wp:attachment":[{"href":"https:\/\/rdnews.al\/index.php\/wp-json\/wp\/v2\/media?parent=95467"}],"wp:term":[{"taxonomy":"category","embeddable":true,"href":"https:\/\/rdnews.al\/index.php\/wp-json\/wp\/v2\/categories?post=95467"},{"taxonomy":"post_tag","embeddable":true,"href":"https:\/\/rdnews.al\/index.php\/wp-json\/wp\/v2\/tags?post=95467"}],"curies":[{"name":"wp","href":"https:\/\/api.w.org\/{rel}","templated":true}]}}