{"id":95540,"date":"2024-11-16T16:59:12","date_gmt":"2024-11-16T16:59:12","guid":{"rendered":"https:\/\/rdnews.al\/?p=95540"},"modified":"2024-11-16T17:00:39","modified_gmt":"2024-11-16T17:00:39","slug":"kosova-dhe-maqedonia-e-veriut-mbledhje-te-perbashket-qeveria-ne-prishtine","status":"publish","type":"post","link":"https:\/\/rdnews.al\/index.php\/2024\/11\/16\/kosova-dhe-maqedonia-e-veriut-mbledhje-te-perbashket-qeveria-ne-prishtine\/","title":{"rendered":"Kosova dhe Maqedonia e Veriut mbledhje t\u00eb p\u00ebrbashk\u00ebt t\u00eb dy qeverive n\u00eb Prishtin\u00eb"},"content":{"rendered":"<p>Z\u00ebvend\u00ebs kryeministri Izet Mexhiti thot\u00eb se Qeverit\u00eb e Maqedonis\u00eb s\u00eb Veriut dhe Kosov\u00ebs do t\u00eb mbajn\u00eb mbledhje historike n\u00eb Prishtin\u00eb!<\/p>\n<p>\u201cNga kjo mbledhje do t\u00eb dalin k\u00ebto vendime tejet t\u00eb r\u00ebnd\u00ebsishme p\u00ebr t\u00eb gjith\u00eb ne:<\/p>\n<p>\ud83d\udd35Protokolli p\u00ebr Pikat e P\u00ebrbashk\u00ebta kufitare n\u00eb Bllac\u00eb-Hani i Elezit dhe Jazhinc\u00eb-Gllobo\u00e7ic\u00eb, apo sistemin one-stop shop, gj\u00eb q\u00eb do ta mund\u00ebsoj\u00eb qarkullimin e pand\u00ebrprer\u00eb t\u00eb qytetar\u00ebve vet\u00ebm p\u00ebrmes nj\u00eb pike kufitare, pa tollovi dhe q\u00eb do t\u00eb \u00e7oj\u00eb drejt zhvillimit ekonomik.<\/p>\n<p>\ud83d\udd35Marr\u00ebveshja n\u00eb fush\u00ebn e energjetik\u00ebs p\u00ebr shfryt\u00ebzim racional t\u00eb resurseve natyrore dhe forcimin e siguris\u00eb energjetike dhe si p\u00ebrgjigje ndaj kriz\u00ebs energjetike n\u00eb rajon.<\/p>\n<p>\ud83d\udd35Marr\u00ebveshja n\u00eb fush\u00ebn e arsimit q\u00eb ka p\u00ebr q\u00ebllim bashk\u00ebpunimin n\u00eb fush\u00ebn e arsimit profesional, arsimit p\u00ebr t\u00eb rritur, k\u00ebmbimin e p\u00ebrvojave dhe gjith\u00eb k\u00ebto procese do t\u00eb realizohen p\u00ebrmes kontakteve t\u00eb drejtp\u00ebrdrejta t\u00eb institucioneve t\u00eb arsimit dhe jo vet\u00ebm.<\/p>\n<p>Ky \u00ebsht\u00eb vet\u00ebm fillimi, hapat e k\u00ebtill\u00eb historik do t\u2019i vazhdojm\u00eb me plot bindje!\u201d, ka shkruar Mexhiti.<\/p>\n","protected":false},"excerpt":{"rendered":"<p>Z\u00ebvend\u00ebs kryeministri Izet Mexhiti thot\u00eb se Qeverit\u00eb e Maqedonis\u00eb s\u00eb Veriut dhe Kosov\u00ebs do t\u00eb mbajn\u00eb mbledhje historike n\u00eb Prishtin\u00eb! \u201cNga kjo mbledhje do t\u00eb dalin k\u00ebto vendime tejet t\u00eb r\u00ebnd\u00ebsishme p\u00ebr t\u00eb gjith\u00eb ne: \ud83d\udd35Protokolli p\u00ebr Pikat e P\u00ebrbashk\u00ebta kufitare n\u00eb Bllac\u00eb-Hani i Elezit dhe Jazhinc\u00eb-Gllobo\u00e7ic\u00eb, apo sistemin one-stop shop, gj\u00eb q\u00eb do ta &hellip;<\/p>\n","protected":false},"author":3,"featured_media":63429,"comment_status":"closed","ping_status":"closed","sticky":false,"template":"","format":"standard","meta":{"footnotes":""},"categories":[38],"tags":[],"class_list":["post-95540","post","type-post","status-publish","format-standard","has-post-thumbnail","","category-bota"],"_links":{"self":[{"href":"https:\/\/rdnews.al\/index.php\/wp-json\/wp\/v2\/posts\/95540","targetHints":{"allow":["GET"]}}],"collection":[{"href":"https:\/\/rdnews.al\/index.php\/wp-json\/wp\/v2\/posts"}],"about":[{"href":"https:\/\/rdnews.al\/index.php\/wp-json\/wp\/v2\/types\/post"}],"author":[{"embeddable":true,"href":"https:\/\/rdnews.al\/index.php\/wp-json\/wp\/v2\/users\/3"}],"replies":[{"embeddable":true,"href":"https:\/\/rdnews.al\/index.php\/wp-json\/wp\/v2\/comments?post=95540"}],"version-history":[{"count":2,"href":"https:\/\/rdnews.al\/index.php\/wp-json\/wp\/v2\/posts\/95540\/revisions"}],"predecessor-version":[{"id":95543,"href":"https:\/\/rdnews.al\/index.php\/wp-json\/wp\/v2\/posts\/95540\/revisions\/95543"}],"wp:featuredmedia":[{"embeddable":true,"href":"https:\/\/rdnews.al\/index.php\/wp-json\/wp\/v2\/media\/63429"}],"wp:attachment":[{"href":"https:\/\/rdnews.al\/index.php\/wp-json\/wp\/v2\/media?parent=95540"}],"wp:term":[{"taxonomy":"category","embeddable":true,"href":"https:\/\/rdnews.al\/index.php\/wp-json\/wp\/v2\/categories?post=95540"},{"taxonomy":"post_tag","embeddable":true,"href":"https:\/\/rdnews.al\/index.php\/wp-json\/wp\/v2\/tags?post=95540"}],"curies":[{"name":"wp","href":"https:\/\/api.w.org\/{rel}","templated":true}]}}