{"id":95607,"date":"2024-11-17T13:29:53","date_gmt":"2024-11-17T13:29:53","guid":{"rendered":"https:\/\/rdnews.al\/?p=95607"},"modified":"2024-11-17T13:30:07","modified_gmt":"2024-11-17T13:30:07","slug":"cfare-e-pret-berlinin-dhe-brukselin-ne-mandatin-e-sekretarit-te-ri-te-shtetit-ne-shba","status":"publish","type":"post","link":"https:\/\/rdnews.al\/index.php\/2024\/11\/17\/cfare-e-pret-berlinin-dhe-brukselin-ne-mandatin-e-sekretarit-te-ri-te-shtetit-ne-shba\/","title":{"rendered":"\u00c7far\u00eb e pret Berlinin dhe Brukselin n\u00eb mandatin e Sekretarit t\u00eb ri t\u00eb Shtetit n\u00eb SHBA?"},"content":{"rendered":"<p>Dikur nj\u00eb alternativ\u00eb e moderuar kundrejt Trumpit, sot Marco Rubio pritet t\u00eb b\u00ebhet Sekretari i ri i Shtetit i SHBA. Po \u00e7far\u00eb e pret Berlinin e Brukselin n\u00ebn nj\u00eb mandat t\u00eb Rubios?<\/p>\n<p>\u00c7\u00ebshtja e pushtetit midis Sekretarit t\u00eb Shtetit, Marco Rubio dhe Donald Trump u vendos q\u00eb n\u00eb zgjedhjet paraprake t\u00eb republikan\u00ebve amerikan\u00eb n\u00eb vitin 2016. Senatori republikan i at\u00ebhersh\u00ebm 44-vje\u00e7ar nga Florida hyri n\u00eb fushat\u00ebn parazgjedhore t\u00eb partis\u00eb s\u00eb tij si shpresa e nj\u00eb \u201cgjenerate t\u00eb re\u201d. Rubio kishte fituar reputacion si kund\u00ebrv\u00ebn\u00ebs i moderuar ndaj pozicioneve ekstreme t\u00eb fituesit p\u00ebrfundimtar Donald Trump, i cili hyri n\u00eb gar\u00eb nga jasht\u00eb.<\/p>\n<p>I lindur n\u00eb Miami si bir i emigrant\u00ebve kubanez\u00eb \u2013 babai punonte si banakier, n\u00ebna si pastruese \u2013 Rubio donte t\u00eb mish\u00ebronte idealin e \u201c\u00ebndrr\u00ebs amerikane\u201d t\u00eb avancimit n\u00eb shoq\u00ebri si politikan. Megjith\u00ebse fillimisht sondazhet ishin premtuese, senatori Rubio u detyrua t\u00eb braktiste gar\u00ebn presidenciale n\u00eb mars 2016, pas nj\u00eb humbjeje t\u00eb qart\u00eb n\u00eb shtetin e Florid\u00ebs kund\u00ebr Donald Trump-it. Gjat\u00eb fushat\u00ebs para zgjedhore ai e kishte p\u00ebrshkruar Trumpin si nj\u00eb \u201cdiktator t\u00eb bot\u00ebs s\u00eb tret\u00eb\u201d. Por pavar\u00ebsisht humbjes kund\u00ebr Trumpit, t\u00eb cilin ai e quajti gjat\u00eb fushat\u00ebs nj\u00eb \u201cmashtrues q\u00eb nuk do ta kontrolloj\u00eb kurr\u00eb partin\u00eb\u201d, fushata forcoi imazhin komb\u00ebtar t\u00eb Rubios dhe rolin e tij si nj\u00eb z\u00eb i fuqish\u00ebm brenda partis\u00eb republikane.<\/p>\n<p><strong>Trump e quan \u201cMarko i vog\u00ebl\u201d<\/strong><\/p>\n<p>P\u00ebrkund\u00ebr faktit se Trump e talli Marco Rubion, si \u201cMarko i vog\u00ebl\u201d gjat\u00eb fushat\u00ebs parazgjedhore, m\u00eb pas pati p\u00ebrputhje t\u00eb fort\u00eb mes dy politikan\u00ebve p\u00ebr \u00e7\u00ebshtjet e politik\u00ebs s\u00eb jashtme gjat\u00eb mandatit t\u00eb par\u00eb t\u00eb Trumpit n\u00eb detyr\u00eb. Rubio sh\u00ebrbeu n\u00eb Komitetin e Senatit p\u00ebr Marr\u00ebdh\u00ebniet me Jasht\u00eb dhe Komitetin e Inteligjenc\u00ebs, dhe ashtu si Trumpi, mbrojti nj\u00eb vij\u00eb t\u00eb ashp\u00ebr politike ndaj Kin\u00ebs dhe nj\u00eb q\u00ebndrim konfrontues kund\u00ebr regjimeve autoritare si Irani, Venezuela dhe Kuba. Q\u00ebndrimi i tij pro-izraelit dhe af\u00ebrsia me kryeministrin Benjamin Netanyahu krijon gjithashtu nj\u00eb lidhje ideologjike me presidentin e ri t\u00eb SHBA.<\/p>\n<p>Nga ana tjet\u00ebr Rubio ka shprehur kritika p\u00ebr politik\u00ebn e NATO-s t\u00eb ndjekur nga Trumpi dhe marr\u00ebdh\u00ebniet e tij me Vladimir Putin n\u00eb t\u00eb kaluar\u00ebn. Kredon e tij \u2013 nj\u00eb politik\u00eb t\u00eb jashtme nd\u00ebrhyr\u00ebse, ai e favorizoi p\u00ebr shum\u00eb vite.<\/p>\n<p><strong>Ruajtja e distanc\u00ebs<\/strong><\/p>\n<p>Nga ana tjet\u00ebr Rubio nuk i miratoi g\u00ebnjeshtrat e Trumpit p\u00ebr \u201czgjedhjet e vjedhura\u201d n\u00eb vitin 2020 \u2013 dhe e d\u00ebnoi qart\u00eb m\u00ebsymjen mbi Kapitolin. Por p\u00ebrsa i p\u00ebrket politik\u00ebs s\u00eb jashtme, megjithat\u00eb, politikani ndryshoi gjat\u00eb k\u00ebtij viti zgjedhor dhe iu afrua m\u00eb shum\u00eb q\u00ebndrimit izolues t\u00eb shefit t\u00eb tij t\u00eb ardhsh\u00ebm, Trump. Ai votoi n\u00eb Senat kund\u00ebr zgjerimit t\u00eb ndihm\u00ebs p\u00ebr Ukrain\u00ebn dhe tani llogarit me nj\u00eb fund t\u00eb shpejt\u00eb t\u00eb luft\u00ebs: \u201cUn\u00eb nuk jam n\u00eb an\u00ebn e Rusis\u00eb \u2013 por fatkeq\u00ebsisht realiteti \u00ebsht\u00eb se lufta n\u00eb Ukrain\u00eb mund t\u00eb p\u00ebrfundoj\u00eb vet\u00ebm p\u00ebrmes nj\u00eb zgjidhjeje t\u00eb negociuar\u201d, tha Rubio n\u00eb nj\u00eb intervist\u00eb p\u00ebr NBC.<\/p>\n<p>Presidenti i sapozgjedhur, Donald Trump tani nuk i kursen l\u00ebvdatat p\u00ebr sekretarin e tij t\u00eb ardhsh\u00ebm t\u00eb Departamentit t\u00eb Shtetit: \u201cAi do t\u00eb jet\u00eb nj\u00eb avokat i fort\u00eb p\u00ebr kombin ton\u00eb, nj\u00eb mik i v\u00ebrtet\u00eb i aleat\u00ebve tan\u00eb dhe nj\u00eb luft\u00ebtar i patrembur, i cili kurr\u00eb nuk do t\u2019u shmanget kund\u00ebrshtar\u00ebve tan\u00eb\u201d, tha Trump n\u00eb nj\u00eb deklarat\u00eb.<\/p>\n<p><strong>Kritika ndaj Gjermanis\u00eb<\/strong><\/p>\n<p>Rubio nuk ka gjasa t\u00eb jet\u00eb nj\u00eb partner i leht\u00eb p\u00ebr qeverin\u00eb federale gjermane. Politikani amerikan i ka kritikuar vazhdimisht kompanit\u00eb gjermane q\u00eb ende investojn\u00eb n\u00eb Kin\u00eb. Ashtu si shefi i tij i ardhsh\u00ebm, Rubio po k\u00ebrkon q\u00eb evropian\u00ebt t\u00eb rrisin masivisht shpenzimet e mbrojtjes. Q\u00ebndrimi i tij: An\u00ebtar\u00ebt evropian\u00eb t\u00eb NATO-s do t\u00eb duhet t\u00eb rrisin pjes\u00ebn e tyre t\u00eb p\u00ebrgjegj\u00ebsis\u00eb s\u00eb mbrojtjes, SHBA nuk mund t\u00eb paguajn\u00eb vet\u00ebm p\u00ebr mbrojtjen e Evrop\u00ebs.<\/p>\n<p>Kurse n\u00eb lidhje me konfliktin n\u00eb Ukrain\u00eb, ministri i Jasht\u00ebm i ardhsh\u00ebm amerikan, do t\u00eb donte q\u00eb Gjermania t\u00eb luante nj\u00eb rol m\u00eb aktiv. Rubio e ka kritikuar Berlinin disa her\u00eb n\u00eb t\u00eb kaluar\u00ebn p\u00ebr mb\u00ebshtetjen e tij fillimisht hezituese p\u00ebr Ukrain\u00ebn, por ka n\u00ebnvizuar edhe r\u00ebnd\u00ebsin\u00eb e Gjermanis\u00eb p\u00ebr sigurin\u00eb evropiane. Megjithat\u00eb, pavar\u00ebsisht nga t\u00eb gjitha kritikat p\u00ebr \u00e7\u00ebshtje individuale, eksperti me p\u00ebrvoj\u00eb i politik\u00ebs s\u00eb jashtme Rubio ka shum\u00eb t\u00eb ngjar\u00eb t\u00eb jet\u00eb mjaft i interesuar p\u00ebr t\u00eb punuar ngusht\u00eb me Gjermanin\u00eb dhe partner\u00ebt e tjer\u00eb evropian\u00eb.\/DW\/<\/p>\n","protected":false},"excerpt":{"rendered":"<p>Dikur nj\u00eb alternativ\u00eb e moderuar kundrejt Trumpit, sot Marco Rubio pritet t\u00eb b\u00ebhet Sekretari i ri i Shtetit i SHBA. Po \u00e7far\u00eb e pret Berlinin e Brukselin n\u00ebn nj\u00eb mandat t\u00eb Rubios? \u00c7\u00ebshtja e pushtetit midis Sekretarit t\u00eb Shtetit, Marco Rubio dhe Donald Trump u vendos q\u00eb n\u00eb zgjedhjet paraprake t\u00eb republikan\u00ebve amerikan\u00eb n\u00eb vitin &hellip;<\/p>\n","protected":false},"author":4,"featured_media":95608,"comment_status":"closed","ping_status":"closed","sticky":false,"template":"","format":"standard","meta":{"footnotes":""},"categories":[38],"tags":[],"class_list":["post-95607","post","type-post","status-publish","format-standard","has-post-thumbnail","","category-bota"],"_links":{"self":[{"href":"https:\/\/rdnews.al\/index.php\/wp-json\/wp\/v2\/posts\/95607","targetHints":{"allow":["GET"]}}],"collection":[{"href":"https:\/\/rdnews.al\/index.php\/wp-json\/wp\/v2\/posts"}],"about":[{"href":"https:\/\/rdnews.al\/index.php\/wp-json\/wp\/v2\/types\/post"}],"author":[{"embeddable":true,"href":"https:\/\/rdnews.al\/index.php\/wp-json\/wp\/v2\/users\/4"}],"replies":[{"embeddable":true,"href":"https:\/\/rdnews.al\/index.php\/wp-json\/wp\/v2\/comments?post=95607"}],"version-history":[{"count":1,"href":"https:\/\/rdnews.al\/index.php\/wp-json\/wp\/v2\/posts\/95607\/revisions"}],"predecessor-version":[{"id":95609,"href":"https:\/\/rdnews.al\/index.php\/wp-json\/wp\/v2\/posts\/95607\/revisions\/95609"}],"wp:featuredmedia":[{"embeddable":true,"href":"https:\/\/rdnews.al\/index.php\/wp-json\/wp\/v2\/media\/95608"}],"wp:attachment":[{"href":"https:\/\/rdnews.al\/index.php\/wp-json\/wp\/v2\/media?parent=95607"}],"wp:term":[{"taxonomy":"category","embeddable":true,"href":"https:\/\/rdnews.al\/index.php\/wp-json\/wp\/v2\/categories?post=95607"},{"taxonomy":"post_tag","embeddable":true,"href":"https:\/\/rdnews.al\/index.php\/wp-json\/wp\/v2\/tags?post=95607"}],"curies":[{"name":"wp","href":"https:\/\/api.w.org\/{rel}","templated":true}]}}