{"id":95726,"date":"2024-11-18T13:30:13","date_gmt":"2024-11-18T13:30:13","guid":{"rendered":"https:\/\/rdnews.al\/?p=95726"},"modified":"2024-11-18T13:34:54","modified_gmt":"2024-11-18T13:34:54","slug":"rama-pensionet-nuk-do-te-rriten-por-do-ti-genjej-pensonistet-me-100-euro-shperblim","status":"publish","type":"post","link":"https:\/\/rdnews.al\/index.php\/2024\/11\/18\/rama-pensionet-nuk-do-te-rriten-por-do-ti-genjej-pensonistet-me-100-euro-shperblim\/","title":{"rendered":"Rama: Pensionet nuk do t\u00eb rriten, por do t&#8217;i g\u00ebnjej pensionist\u00ebt me 100 euro shp\u00ebrblim"},"content":{"rendered":"<p><strong>Rama ka deklaruar sot n\u00eb Parlament se ai nuk do t\u00eb rris\u00eb pensionet p\u00ebr pensionuist\u00ebt, por ka deklaruar se ai do ti mashtroj\u00eb pensionist\u00ebt sa t\u00eb kaloj\u00eb zgjedhjet me shp\u00ebrblime nga 100 deri n\u00eb 150 euro. Pesnonist\u00ebt shqiptar\u00eb marrin sot pensionet m\u00eb t\u00eb ulta n\u00eb Europ\u00eb gjysm\u00ebn e atyre q\u00eb marrin n\u00eb Kosov\u00eb. <\/strong><\/p>\n<p>Rama mori pjes\u00eb k\u00ebt\u00eb t\u00eb h\u00ebn\u00eb n\u00eb seanc\u00ebn plenare ku do t\u00eb diskutohet gjer\u00ebsisht projektbuxheti p\u00ebr vitin 2025. N\u00eb fjal\u00ebn e tij, Rama u ndal gjer\u00ebsisht te pensionet, ku njoftoi se do t\u00eb ket\u00eb dy bonuse gjat\u00eb vitit p\u00ebr pensionist\u00ebt.<\/p>\n<p>Nj\u00ebri prej tyre do t\u00eb jepet gjat\u00eb festave t\u00eb fundvitit, ku ata q\u00eb kan\u00eb pensionin n\u00ebn 20,000 lek\u00eb do t\u00eb marrin 150 euro bonus, nd\u00ebrsa pensionist\u00ebt q\u00eb marrin mbi 20,000 lek\u00eb pension do t\u00eb p\u00ebrfitojn\u00eb 100 euro bonus.<\/p>\n","protected":false},"excerpt":{"rendered":"<p>Rama ka deklaruar sot n\u00eb Parlament se ai nuk do t\u00eb rris\u00eb pensionet p\u00ebr pensionuist\u00ebt, por ka deklaruar se ai do ti mashtroj\u00eb pensionist\u00ebt sa t\u00eb kaloj\u00eb zgjedhjet me shp\u00ebrblime nga 100 deri n\u00eb 150 euro. Pesnonist\u00ebt shqiptar\u00eb marrin sot pensionet m\u00eb t\u00eb ulta n\u00eb Europ\u00eb gjysm\u00ebn e atyre q\u00eb marrin n\u00eb Kosov\u00eb. Rama mori &hellip;<\/p>\n","protected":false},"author":3,"featured_media":49111,"comment_status":"closed","ping_status":"closed","sticky":false,"template":"","format":"standard","meta":{"footnotes":""},"categories":[37],"tags":[],"class_list":["post-95726","post","type-post","status-publish","format-standard","has-post-thumbnail","","category-politike"],"_links":{"self":[{"href":"https:\/\/rdnews.al\/index.php\/wp-json\/wp\/v2\/posts\/95726","targetHints":{"allow":["GET"]}}],"collection":[{"href":"https:\/\/rdnews.al\/index.php\/wp-json\/wp\/v2\/posts"}],"about":[{"href":"https:\/\/rdnews.al\/index.php\/wp-json\/wp\/v2\/types\/post"}],"author":[{"embeddable":true,"href":"https:\/\/rdnews.al\/index.php\/wp-json\/wp\/v2\/users\/3"}],"replies":[{"embeddable":true,"href":"https:\/\/rdnews.al\/index.php\/wp-json\/wp\/v2\/comments?post=95726"}],"version-history":[{"count":3,"href":"https:\/\/rdnews.al\/index.php\/wp-json\/wp\/v2\/posts\/95726\/revisions"}],"predecessor-version":[{"id":95729,"href":"https:\/\/rdnews.al\/index.php\/wp-json\/wp\/v2\/posts\/95726\/revisions\/95729"}],"wp:featuredmedia":[{"embeddable":true,"href":"https:\/\/rdnews.al\/index.php\/wp-json\/wp\/v2\/media\/49111"}],"wp:attachment":[{"href":"https:\/\/rdnews.al\/index.php\/wp-json\/wp\/v2\/media?parent=95726"}],"wp:term":[{"taxonomy":"category","embeddable":true,"href":"https:\/\/rdnews.al\/index.php\/wp-json\/wp\/v2\/categories?post=95726"},{"taxonomy":"post_tag","embeddable":true,"href":"https:\/\/rdnews.al\/index.php\/wp-json\/wp\/v2\/tags?post=95726"}],"curies":[{"name":"wp","href":"https:\/\/api.w.org\/{rel}","templated":true}]}}