{"id":95730,"date":"2024-11-18T17:12:17","date_gmt":"2024-11-18T17:12:17","guid":{"rendered":"https:\/\/rdnews.al\/?p=95730"},"modified":"2024-11-18T17:15:01","modified_gmt":"2024-11-18T17:15:01","slug":"vrasja-e-14-vjecarit-ne-shkolle-deshmitarja-po-te-ishte-polici-te-dera-e-shkolles-sdo-kishte-ndodhur","status":"publish","type":"post","link":"https:\/\/rdnews.al\/index.php\/2024\/11\/18\/vrasja-e-14-vjecarit-ne-shkolle-deshmitarja-po-te-ishte-polici-te-dera-e-shkolles-sdo-kishte-ndodhur\/","title":{"rendered":"Vrasja e 14-vje\u00e7arit n\u00eb shkoll\u00eb, d\u00ebshmitarja: Po t\u00eb ishte polici nuk do kishte ndodhur"},"content":{"rendered":"<p>Tirana u trondit dit\u00ebn e sotme nga nj\u00eb ngjarje e r\u00ebnd\u00eb ku nj\u00eb 14 vje\u00e7ar humbi jet\u00ebn pasi u godit me thik\u00eb n\u00eb shkoll\u00ebn \u201cFan Noli\u201d.<\/p>\n<p>Nj\u00eb nga d\u00ebshmitaret tregon se e pa ngjarjen, por nuk nd\u00ebrhyri. Ajo tregon se \u00ebsht\u00eb mjaftuar me nd\u00ebrhyrjen e t\u00eb tjer\u00ebve, nd\u00ebrsa shprehet se n\u00ebse do t\u00eb kishte nj\u00eb roje te dera e shkoll\u00ebs ngjarja do t\u00eb ishte parandaluar.<\/p>\n<p>\u201cE pam\u00eb ngjarjen, por nuk nd\u00ebrhym\u00eb. Nd\u00ebrhyn\u00eb ca t\u00eb tjer\u00eb, \u00e7a do nd\u00ebrhynim m\u00eb? Jam e m\u00ebrzitur dhe e stresuar. Po m\u00eb bie t\u00eb fik\u00ebt p\u00ebr vete.<\/p>\n<p>Po t\u00eb ishte polici te dera e shkoll\u00ebs nuk do kishte ndodhur ngjarja, m\u00eb vjen keq, nuk e di \u00e7far\u00eb t\u00eb them. Po t\u00eb ishte ai, po t\u00eb kishte nj\u00eb m\u00ebsuese ia kishte dh\u00ebn\u00eb ndihm\u00ebn e shpejt\u00eb. Ambulanca atje ishte. Nj\u00eb doktor a ka atje apo s\u2019ka doktor?\u201d,\u00a0u shpreh d\u00ebshmitarja p\u00ebr TCH.<\/p>\n<p><strong>Ngjarja<\/strong><\/p>\n<p>Ngjarja e r\u00ebnd\u00eb \u00ebsht\u00eb regjistruar paraditen e k\u00ebsaj t\u00eb marte n\u00eb Tiran\u00eb, ku nj\u00eb 14-vje\u00e7ar \u00ebsht\u00eb vrar\u00eb me thik\u00eb, pran\u00eb shkoll\u00ebs 9-vje\u00e7are \u201cFan Noli\u201d, sapo ai kishte p\u00ebrfunduar m\u00ebsimin, nd\u00ebrsa dy t\u00eb mitur t\u00eb tjer\u00eb ndodhen t\u00eb plagosur.<\/p>\n<p>Viktima \u00ebsht\u00eb Martin C., i cili sapo kishte mbaruar m\u00ebsimin, rreth or\u00ebs 13:10 minuta t\u00eb s\u00eb h\u00ebn\u00ebs dhe po ikte p\u00ebr n\u00eb sht\u00ebpi s\u00eb bashku me nj\u00eb shokun e tij, kur \u00ebsht\u00eb sulmuar nga nj\u00eb grup bashk\u00ebmoshatar\u00ebsh t\u00eb tjer\u00eb, ku dyshohet se kan\u00eb qen\u00eb 3 persona.<\/p>\n<p>Fillimisht t\u00eb miturit jan\u00eb ofenduar me nj\u00ebri-tjetrin dhe m\u00eb pas sherri ka degraduar deri n\u00eb p\u00ebrdorimin e thik\u00ebs nga nj\u00ebri prej tyre.<\/p>\n<p>Martin C. \u00ebsht\u00eb goditur nga autori me thik\u00eb n\u00eb zem\u00ebr dhe n\u00eb bark, duke i shkaktuar plag\u00eb t\u00eb r\u00ebnda. Pasi \u00ebsht\u00eb goditur me thik\u00eb, i mituri \u00ebsht\u00eb afruar tek shkolla. Ka ecur disa metra dhe ka nisur t\u00eb humb\u00eb gjak, m\u00eb pas k\u00ebmb\u00ebt nuk i jan\u00eb bindur dhe \u00ebsht\u00eb rr\u00ebzuar n\u00eb trotuarin para shkoll\u00ebs.<\/p>\n<p>Menj\u00ebher\u00eb nx\u00ebn\u00ebsi i shtrir\u00eb n\u00eb tok\u00eb \u00ebsht\u00eb rrethuar nga f\u00ebmij\u00ebt e tjer\u00eb t\u00eb shkoll\u00ebs \u201cFan Noli\u201d, q\u00eb jan\u00eb p\u00ebrpjekur t\u2019i ndalin gjakderdhjen nga plaga n\u00eb pjes\u00ebn e majt\u00eb t\u00eb stomakut.<\/p>\n<p><span style=\"font-style: inherit; font-weight: inherit;\">Pak minuta pasi ka q\u00ebndruar i shtrir\u00eb n\u00eb trotuar, me plag\u00ebn q\u00eb rridhte gjak, Martin C. ka humbur ndjenjat. N\u00eb k\u00ebto momente, nx\u00ebn\u00ebsit e tjer\u00eb q\u00eb i q\u00ebndronin p\u00ebrreth jan\u00eb tmerruar. Nj\u00eb pjes\u00eb kan\u00eb nisur t\u00eb qajn\u00eb, t\u00eb tjer\u00eb vrapuan t\u00eb lajm\u00ebrojn\u00eb m\u00ebsuesit, disa kan\u00eb marr\u00eb n\u00eb telefon ambulanc\u00ebn, nd\u00ebrsa disa policin\u00eb.<\/span><\/p>\n<p>Kan\u00eb qen\u00eb kalimtar\u00ebt e rastit, ata t\u00eb cil\u00ebt n\u00eb momentin kur e kan\u00eb par\u00eb t\u00eb miturin q\u00eb ka humbur ndjenjat, e kan\u00eb marr\u00eb dhe e kan\u00eb d\u00ebrguar n\u00eb spitalin e Traum\u00ebs, por ishte tep\u00ebr von\u00eb, pasi i mituri nd\u00ebrroi jet\u00eb, duke mos iu mbijetua plag\u00ebve t\u00eb marra.<\/p>\n<p>Edhe shoku i tij, shtetasi L. M. ka marr\u00eb plag\u00eb thik\u00eb n\u00eb gjoks dhe ndodhet n\u00eb spital n\u00eb gjendje stab\u00ebl. Dyshohet se i plagosur ka mbetur edhe 14-vje\u00e7ari autor i krimit, i cili dyshohet se ka marr\u00eb nj\u00eb plag\u00eb n\u00eb krah dhe ndodhet n\u00eb nj\u00eb spital privat n\u00eb kryeqytet.<\/p>\n<p>Nd\u00ebrkoh\u00eb, Policia n\u00eb momentin e krimit nuk ndodhej n\u00eb af\u00ebrsi t\u00eb ambienteve t\u00eb shkoll\u00ebs, ndryshe nga ajo se \u00e7far\u00eb propagandohet nga Qeveria p\u00ebr sigurin\u00eb n\u00eb shkolla. M\u00eb von\u00eb, efektiv\u00ebt e Policis\u00eb kan\u00eb shoq\u00ebruar n\u00eb komisariat nj\u00eb prej 14-vje\u00e7ar\u00ebve t\u00eb p\u00ebrfshir\u00eb n\u00eb konflikt p\u00ebr t\u00eb dh\u00ebn\u00eb sqarime mbi rastin.<\/p>\n<p>M\u00ebsohet se 14-vje\u00e7ar\u00ebt e p\u00ebrfshir\u00eb n\u00eb kofnflikt jan\u00eb t\u00eb shkoll\u00ebs \u201cFan Noli\u201d, si dhe t\u00eb nj\u00eb shkolle n\u00eb Sauk. Burime b\u00ebjn\u00eb me dije se sherri midis tyre ka nisur fillimisht n\u00eb rrjete sociale p\u00ebr motive banale.<\/p>\n<p>Nd\u00ebrkoh\u00eb, vrasja e 14-vje\u00e7arit n\u00eb der\u00eb t\u00eb shkoll\u00eb ka shkaktuar debate edhe n\u00eb sall\u00ebn e Kuvendit. Deputetja Ina Zhupa deklaroi se ministri i Brendsh\u00ebm Ervin Hoxha dhe ministrja e Arsimit, Ogerta Manastirliu duhet t\u00eb mbajn\u00eb p\u00ebrgjegj\u00ebsi p\u00ebr sigurin\u00eb n\u00eb shkolla dhe se kjo e fundit duhet t\u00eb jap\u00eb dhe dor\u00ebheqjen.<\/p>\n<p>Nd\u00ebrsa, Manastirliu u p\u00ebrgjigj se ata nuk duhet t\u00eb japin shembull gjuh\u00ebn e urrejtjes dhe theksoi se duhen forcuar m\u00eb shum\u00eb mekanizmat e siguris\u00eb n\u00eb shkolla.<\/p>\n<p><strong style=\"font-style: inherit;\">Reagimi i deputetes Ina Zhupa<\/strong><\/p>\n<p>Nj\u00eb 14-vjecar \u00ebsht\u00eb vrar\u00eb para der\u00ebs s\u00eb shkoll\u00ebs \u201cFan Noli\u201d. E kuptoni sa jasht\u00eb realitetit \u00ebsht\u00eb buxheti juaj q\u00eb ka nj\u00eb kapitull m\u00eb vete p\u00ebr sigurin\u00eb n\u00eb shkolla? Se si n\u00eb mes t\u00eb Tiran\u00ebs mund t\u00eb humb\u00ebsh jet\u00ebn dhe nuk gjendet nj\u00eb oficer sigurie q\u00eb t\u00eb shmang\u00eb sherrin me thika n\u00eb der\u00ebn e shkoll\u00ebs. Parat\u00eb jan\u00eb, por vet\u00eb propagand\u00eb b\u00ebhet p\u00ebr sigurin\u00eb n\u00eb shkolla.\u00a0 Ministri Balla dhe Ministrja Kushi shkuan shkoll\u00eb m\u00eb shkoll\u00eb p\u00ebr paket\u00ebn e siguris\u00eb n\u00eb shkolla, por nuk e di ku e kan\u00eb arkivuar at\u00eb paket\u00ebn, ministrat e rinj Hoxha dhe Manastirliu. \u00cbsht\u00eb rritur siguria n\u00eb shkolla thot\u00eb Manastirliu. Ky \u00ebsht\u00eb rezultat i pun\u00ebs t\u00ebnde t\u00eb mrekullueshme dhe e buxhetit tuaj t\u00eb mrekulluesh\u00ebm. Duhet t\u00eb mbani p\u00ebrgjegj\u00ebsi bashk\u00eb me k\u00ebt\u00eb ministrin e brendsh\u00ebm, q\u00eb nuk ka ardhur fare sot! Manastirliu duhet jap\u00ebsh dor\u00ebheqjen dhe t\u00eb ik\u00ebsh me turp nga ky skandal, pasi keni d\u00ebshtuar q\u00eb me psikolog\u00ebt n\u00eb shkolla, te oficeret e policis\u00eb n\u00eb shkolla.<\/p>\n<p>&nbsp;<\/p>\n","protected":false},"excerpt":{"rendered":"<p>Tirana u trondit dit\u00ebn e sotme nga nj\u00eb ngjarje e r\u00ebnd\u00eb ku nj\u00eb 14 vje\u00e7ar humbi jet\u00ebn pasi u godit me thik\u00eb n\u00eb shkoll\u00ebn \u201cFan Noli\u201d. Nj\u00eb nga d\u00ebshmitaret tregon se e pa ngjarjen, por nuk nd\u00ebrhyri. Ajo tregon se \u00ebsht\u00eb mjaftuar me nd\u00ebrhyrjen e t\u00eb tjer\u00ebve, nd\u00ebrsa shprehet se n\u00ebse do t\u00eb kishte nj\u00eb &hellip;<\/p>\n","protected":false},"author":4,"featured_media":95731,"comment_status":"closed","ping_status":"closed","sticky":false,"template":"","format":"standard","meta":{"footnotes":""},"categories":[37],"tags":[],"class_list":["post-95730","post","type-post","status-publish","format-standard","has-post-thumbnail","","category-politike"],"_links":{"self":[{"href":"https:\/\/rdnews.al\/index.php\/wp-json\/wp\/v2\/posts\/95730","targetHints":{"allow":["GET"]}}],"collection":[{"href":"https:\/\/rdnews.al\/index.php\/wp-json\/wp\/v2\/posts"}],"about":[{"href":"https:\/\/rdnews.al\/index.php\/wp-json\/wp\/v2\/types\/post"}],"author":[{"embeddable":true,"href":"https:\/\/rdnews.al\/index.php\/wp-json\/wp\/v2\/users\/4"}],"replies":[{"embeddable":true,"href":"https:\/\/rdnews.al\/index.php\/wp-json\/wp\/v2\/comments?post=95730"}],"version-history":[{"count":3,"href":"https:\/\/rdnews.al\/index.php\/wp-json\/wp\/v2\/posts\/95730\/revisions"}],"predecessor-version":[{"id":95734,"href":"https:\/\/rdnews.al\/index.php\/wp-json\/wp\/v2\/posts\/95730\/revisions\/95734"}],"wp:featuredmedia":[{"embeddable":true,"href":"https:\/\/rdnews.al\/index.php\/wp-json\/wp\/v2\/media\/95731"}],"wp:attachment":[{"href":"https:\/\/rdnews.al\/index.php\/wp-json\/wp\/v2\/media?parent=95730"}],"wp:term":[{"taxonomy":"category","embeddable":true,"href":"https:\/\/rdnews.al\/index.php\/wp-json\/wp\/v2\/categories?post=95730"},{"taxonomy":"post_tag","embeddable":true,"href":"https:\/\/rdnews.al\/index.php\/wp-json\/wp\/v2\/tags?post=95730"}],"curies":[{"name":"wp","href":"https:\/\/api.w.org\/{rel}","templated":true}]}}