{"id":95785,"date":"2024-11-18T21:05:02","date_gmt":"2024-11-18T21:05:02","guid":{"rendered":"https:\/\/rdnews.al\/?p=95785"},"modified":"2024-11-18T21:05:02","modified_gmt":"2024-11-18T21:05:02","slug":"rezoluta-e-cdi-shkullaku-tani-te-verteten-per-ramen-e-di-gjithe-bota","status":"publish","type":"post","link":"https:\/\/rdnews.al\/index.php\/2024\/11\/18\/rezoluta-e-cdi-shkullaku-tani-te-verteten-per-ramen-e-di-gjithe-bota\/","title":{"rendered":"Rezoluta e CDI, Shkullaku: Tani t\u00eb v\u00ebrtet\u00ebn p\u00ebr Ram\u00ebn e di gjith\u00eb bota!"},"content":{"rendered":"<p>Gazetari Armand Shkullaku e ka cil\u00ebsuar si zhvillim mjaft pozitiv rezolut\u00ebn e CDI-s\u00eb p\u00ebr gjendjen aktuale n\u00eb Shqip\u00ebri.<\/p>\n<p>Gjat\u00eb bised\u00ebs n\u00eb \u2018\u00c7im Peka LIVE\u2019, Shkullaku u shpreh se, me miratimin e k\u00ebsaj rezolute, q\u00eb e kan\u00eb votuar 108 parti nga e gjith\u00eb bota, tani t\u00eb v\u00ebrtetat p\u00ebr Ram\u00ebn i din\u00eb t\u00eb gjith\u00eb.<\/p>\n<p>\u2018Para disa muajsh nuk mendoj se dhe mediat t\u00eb thonin se drejt\u00ebsia po p\u00ebrdoret nga kryeministri shqiptar si instrument p\u00ebr t\u00eb goditur opozit\u00ebn, kund\u00ebrshtar\u00ebt politik\u00eb.<\/p>\n<p>N\u00ebse p\u00ebr nj\u00eb qeveri, ministri t\u00eb Jashtme, nj\u00eb partner, \u00ebsht\u00eb e v\u00ebshtir\u00eb t\u00eb shprehen p\u00ebr k\u00ebt\u00eb gj\u00eb, organizata t\u00eb tilla, q\u00eb jan\u00eb partiake, i kan\u00eb duart m\u00eb t\u00eb lira p\u00ebr t\u00eb th\u00ebn\u00eb disa t\u00eb v\u00ebrteta q\u00eb sot b\u00ebjn\u00eb mu, q\u00eb jan\u00eb mes nesh.<\/p>\n<p>T\u00eb p\u00ebrmenda mediat, sepse k\u00ebshtu fillon r\u00ebndom, ne kemi p\u00ebrvoj\u00ebn edhe t\u00eb viteve t\u00eb m\u00ebparshme, k\u00ebshtu fillon r\u00ebndom nj\u00eb lloj kthese e opinionit nd\u00ebrkomb\u00ebtar ndaj asaj q\u00eb po ndodh n\u00eb Shqip\u00ebri.<\/p>\n<p>Fillimisht jan\u00eb mediat q\u00eb ushtrojn\u00eb presion mbi qeverit\u00eb e vendeve t\u00eb tyre, sepse k\u00ebtu n\u00eb fund fare \u00e7far\u00eb po shp\u00ebrdorohet p\u00ebr t\u00eb mbajtur Edi Ram\u00ebn n\u00eb pushtet? Lek\u00ebt e taksapaguesve europian\u00eb.<\/p>\n<p>Pra me lek\u00ebt e taksapaguesve europian\u00eb, k\u00ebtu nd\u00ebrtohet nj\u00eb drejt\u00ebsi q\u00eb ta p\u00ebrdor\u00eb Edi Rama sipas nevojave q\u00eb ka p\u00ebr pushtet.<\/p>\n<p>Ku po shkojn\u00eb parat\u00eb e drog\u00ebs dhe krimit? P\u00ebr t\u00eb bler\u00eb votat, dhe k\u00ebtu po u referohem vet\u00ebm rasteve t\u00eb b\u00ebra publike e jo atyre q\u00eb dim\u00eb ne.<\/p>\n<p>Rasti \u00c7yrbja \u00ebsht\u00eb klasiku, q\u00eb po t\u00eb p\u00ebrkthehet materiali dhe ti d\u00ebrgohet kancelarive per\u00ebndimore \u00ebsht\u00eb se, n\u00eb qytetin e dyt\u00eb m\u00eb t\u00eb madh t\u00eb Shqip\u00ebris\u00eb ka ndodhur q\u00eb 40% e p\u00ebrfaq\u00ebsuesve t\u00eb popullit jan\u00eb n\u00eb burg.<\/p>\n<p>Rreth 28 mij\u00eb vota sot jan\u00eb zhdukur se kan\u00eb votuar p\u00ebr njer\u00ebz t\u00eb lidhur me krimin.<\/p>\n<p>Ky p\u00ebrshkall\u00ebzim po ndodh, nga mediat po shkon tek organizatat partiake dhe do t\u00eb shkoj\u00eb edhe te kancelarit\u00eb\u2019, tha Armand Shkullaku n\u00eb SYRI TV.<\/p>\n","protected":false},"excerpt":{"rendered":"<p>Gazetari Armand Shkullaku e ka cil\u00ebsuar si zhvillim mjaft pozitiv rezolut\u00ebn e CDI-s\u00eb p\u00ebr gjendjen aktuale n\u00eb Shqip\u00ebri. Gjat\u00eb bised\u00ebs n\u00eb \u2018\u00c7im Peka LIVE\u2019, Shkullaku u shpreh se, me miratimin e k\u00ebsaj rezolute, q\u00eb e kan\u00eb votuar 108 parti nga e gjith\u00eb bota, tani t\u00eb v\u00ebrtetat p\u00ebr Ram\u00ebn i din\u00eb t\u00eb gjith\u00eb. \u2018Para disa muajsh &hellip;<\/p>\n","protected":false},"author":4,"featured_media":74663,"comment_status":"closed","ping_status":"closed","sticky":false,"template":"","format":"standard","meta":{"footnotes":""},"categories":[37],"tags":[],"class_list":["post-95785","post","type-post","status-publish","format-standard","has-post-thumbnail","","category-politike"],"_links":{"self":[{"href":"https:\/\/rdnews.al\/index.php\/wp-json\/wp\/v2\/posts\/95785","targetHints":{"allow":["GET"]}}],"collection":[{"href":"https:\/\/rdnews.al\/index.php\/wp-json\/wp\/v2\/posts"}],"about":[{"href":"https:\/\/rdnews.al\/index.php\/wp-json\/wp\/v2\/types\/post"}],"author":[{"embeddable":true,"href":"https:\/\/rdnews.al\/index.php\/wp-json\/wp\/v2\/users\/4"}],"replies":[{"embeddable":true,"href":"https:\/\/rdnews.al\/index.php\/wp-json\/wp\/v2\/comments?post=95785"}],"version-history":[{"count":1,"href":"https:\/\/rdnews.al\/index.php\/wp-json\/wp\/v2\/posts\/95785\/revisions"}],"predecessor-version":[{"id":95786,"href":"https:\/\/rdnews.al\/index.php\/wp-json\/wp\/v2\/posts\/95785\/revisions\/95786"}],"wp:featuredmedia":[{"embeddable":true,"href":"https:\/\/rdnews.al\/index.php\/wp-json\/wp\/v2\/media\/74663"}],"wp:attachment":[{"href":"https:\/\/rdnews.al\/index.php\/wp-json\/wp\/v2\/media?parent=95785"}],"wp:term":[{"taxonomy":"category","embeddable":true,"href":"https:\/\/rdnews.al\/index.php\/wp-json\/wp\/v2\/categories?post=95785"},{"taxonomy":"post_tag","embeddable":true,"href":"https:\/\/rdnews.al\/index.php\/wp-json\/wp\/v2\/tags?post=95785"}],"curies":[{"name":"wp","href":"https:\/\/api.w.org\/{rel}","templated":true}]}}