{"id":95880,"date":"2024-11-19T17:25:08","date_gmt":"2024-11-19T17:25:08","guid":{"rendered":"https:\/\/rdnews.al\/?p=95880"},"modified":"2024-11-19T17:25:08","modified_gmt":"2024-11-19T17:25:08","slug":"pensionisti-zvarre-ti-marrim-e-ti-nxjerrim-nga-kryeministria","status":"publish","type":"post","link":"https:\/\/rdnews.al\/index.php\/2024\/11\/19\/pensionisti-zvarre-ti-marrim-e-ti-nxjerrim-nga-kryeministria\/","title":{"rendered":"Pensionisti: Zvarr\u00eb t\u2019i marrim e t\u2019i nxjerrim nga kryeministria!"},"content":{"rendered":"<p>T\u00eb shumt\u00eb kan\u00eb qen\u00eb qytetar\u00ebt q\u00eb i jan\u00eb bashkuar thirrjes s\u00eb opozit\u00ebs p\u00ebr t\u00eb protestuar para Kuvenmdit, teksa ligjb\u00ebr\u00ebsit diskutojn\u00eb buxhetin e vitit 2025. N\u00eb mesin e prodtestuesve dhe fol\u00ebsve, jan\u00eb edhe pensionist\u00eb, t\u00eb cil\u00ebt preken drejtp\u00ebrdrejt nga ky buxhet.<\/p>\n<p>Preng Lala, nj\u00eb pensionist nga La\u00e7i u b\u00ebri thirrje bashk\u00ebmoshatar\u00ebve t\u00eb dalin dhe t\u00eb protesojn\u00eb para kryeministris\u00eb, pasi si\u00e7 theksoi ai, pensionist\u00ebt jan\u00eb faktor dhe jo viktima.<\/p>\n<p>Sipas Lal\u00ebs, \u00ebsht\u00eb koha t\u00eb nxirren jasht\u00eb kryeministris\u00eb hajdut\u00ebt, t\u00eb cil\u00ebt kan\u00eb mbushur edhe Kuvendin.<\/p>\n<p>\u201cJemi 800 mij\u00eb pensionist\u00eb, jemi faktor dhe jo viktima. Zvarr\u00eb t\u2019i marrim e t\u2019i nxjerrim nga kryeministria. Vet\u00ebm Mali i Zi e ka 450 euro mesataren e pensionit, ne 183, t\u00eb fundit. T\u00eb gjith\u00eb pensionist\u00ebt, t\u00eb mblidhemi te kryeministrai e t\u2019i nxjerrim nga zyra hajdut\u00ebt.<\/p>\n<p>Gjysma e qeveris\u00eb n\u00eb burg e gjysma gati p\u00ebr burg. Ata jan\u00eb frikacak\u00eb, l\u00ebrini presionet q\u00eb b\u00ebjn\u00eb. Jan\u00eb futur n\u00eb parlament hajdut pulash, se i kam par\u00eb vet\u00eb, jan\u00eb kontigjent se kam qen\u00eb polic\u201d, tha ai.<\/p>\n","protected":false},"excerpt":{"rendered":"<p>T\u00eb shumt\u00eb kan\u00eb qen\u00eb qytetar\u00ebt q\u00eb i jan\u00eb bashkuar thirrjes s\u00eb opozit\u00ebs p\u00ebr t\u00eb protestuar para Kuvenmdit, teksa ligjb\u00ebr\u00ebsit diskutojn\u00eb buxhetin e vitit 2025. N\u00eb mesin e prodtestuesve dhe fol\u00ebsve, jan\u00eb edhe pensionist\u00eb, t\u00eb cil\u00ebt preken drejtp\u00ebrdrejt nga ky buxhet. Preng Lala, nj\u00eb pensionist nga La\u00e7i u b\u00ebri thirrje bashk\u00ebmoshatar\u00ebve t\u00eb dalin dhe t\u00eb protesojn\u00eb &hellip;<\/p>\n","protected":false},"author":4,"featured_media":95881,"comment_status":"closed","ping_status":"closed","sticky":false,"template":"","format":"standard","meta":{"footnotes":""},"categories":[37],"tags":[],"class_list":["post-95880","post","type-post","status-publish","format-standard","has-post-thumbnail","","category-politike"],"_links":{"self":[{"href":"https:\/\/rdnews.al\/index.php\/wp-json\/wp\/v2\/posts\/95880","targetHints":{"allow":["GET"]}}],"collection":[{"href":"https:\/\/rdnews.al\/index.php\/wp-json\/wp\/v2\/posts"}],"about":[{"href":"https:\/\/rdnews.al\/index.php\/wp-json\/wp\/v2\/types\/post"}],"author":[{"embeddable":true,"href":"https:\/\/rdnews.al\/index.php\/wp-json\/wp\/v2\/users\/4"}],"replies":[{"embeddable":true,"href":"https:\/\/rdnews.al\/index.php\/wp-json\/wp\/v2\/comments?post=95880"}],"version-history":[{"count":1,"href":"https:\/\/rdnews.al\/index.php\/wp-json\/wp\/v2\/posts\/95880\/revisions"}],"predecessor-version":[{"id":95882,"href":"https:\/\/rdnews.al\/index.php\/wp-json\/wp\/v2\/posts\/95880\/revisions\/95882"}],"wp:featuredmedia":[{"embeddable":true,"href":"https:\/\/rdnews.al\/index.php\/wp-json\/wp\/v2\/media\/95881"}],"wp:attachment":[{"href":"https:\/\/rdnews.al\/index.php\/wp-json\/wp\/v2\/media?parent=95880"}],"wp:term":[{"taxonomy":"category","embeddable":true,"href":"https:\/\/rdnews.al\/index.php\/wp-json\/wp\/v2\/categories?post=95880"},{"taxonomy":"post_tag","embeddable":true,"href":"https:\/\/rdnews.al\/index.php\/wp-json\/wp\/v2\/tags?post=95880"}],"curies":[{"name":"wp","href":"https:\/\/api.w.org\/{rel}","templated":true}]}}