{"id":96183,"date":"2024-11-22T11:10:07","date_gmt":"2024-11-22T11:10:07","guid":{"rendered":"https:\/\/rdnews.al\/?p=96183"},"modified":"2024-11-22T11:10:07","modified_gmt":"2024-11-22T11:10:07","slug":"masa-e-arrestit-ne-shtepi-per-berishen-ka-rene-avokatet-kerkese-kushtetueses","status":"publish","type":"post","link":"https:\/\/rdnews.al\/index.php\/2024\/11\/22\/masa-e-arrestit-ne-shtepi-per-berishen-ka-rene-avokatet-kerkese-kushtetueses\/","title":{"rendered":"Masa e arrestit n\u00eb sht\u00ebpi p\u00ebr Berish\u00ebn ka r\u00ebn\u00eb, avokat\u00ebt k\u00ebrkes\u00eb Kushtetueses"},"content":{"rendered":"<p>Avokat\u00ebt e kryetarit t\u00eb PD, ish-kryeministrit Sali Berisha kan\u00eb dor\u00ebzuar dje n\u00eb Gjykat\u00ebn Kushtetuese edhe k\u00ebrkes\u00ebn p\u00ebr shfuqizmin e mas\u00ebs \u201carrest sht\u00ebpie\u201d, e vendosur nga GJKKO n\u00eb dhjetor t\u00eb vitit t\u00eb kaluar, kur u ndryshua masa \u201cdetyrim paraqitjeje\u201d pasi u shkel prej tij, duke mos u paraqitur n\u00eb SPAK.<\/p>\n<p>K\u00ebrkesa \u00ebsht\u00eb dor\u00ebzuar nj\u00eb dit\u00eb para shpalljes s\u00eb vendimit sot (21 N\u00ebntor), t\u00eb rr\u00ebzimit t\u00eb ankimimit p\u00ebr mas\u00ebn e par\u00eb t\u00eb GJKKO-s\u00eb\u00a0\u201cdetyrim paraqitjeje\u201d.<\/p>\n<p>Por p\u00ebr sa koh\u00eb q\u00eb Kushtetuesja e ka legjitimuar mas\u00ebn e par\u00eb t\u00eb GJKKO-s\u00eb, masa e dyt\u00eb \u201carresti sht\u00ebpiak\u201d p\u00ebr t\u00eb cil\u00ebn i \u00ebsht\u00eb k\u00ebrkuar edhe autorizim Kuvendit dhe \u00ebsht\u00eb thjesht ashp\u00ebrsim, v\u00ebshtir\u00eb q\u00eb t\u00eb ndryshoj\u00eb.<\/p>\n<p>Kryetari i PD ka arritur t\u00eb p\u00ebrfitoj\u00eb pjes\u00ebrisht nga vendimi i shpallur zyrtarisht sot nga Kushtetuesja, teksa iu hoq ndalimi i daljes jasht\u00eb shtetit, pra sekuestrimi i pasaport\u00ebs. Por nuk mund t\u00eb l\u00ebviz\u00eb dot p\u00ebr asnj\u00eb moment, sa koh\u00eb \u00ebsht\u00eb n\u00eb fuqi masa shtr\u00ebnguese \u201carrest sht\u00ebpie\u201d.<\/p>\n","protected":false},"excerpt":{"rendered":"<p>Avokat\u00ebt e kryetarit t\u00eb PD, ish-kryeministrit Sali Berisha kan\u00eb dor\u00ebzuar dje n\u00eb Gjykat\u00ebn Kushtetuese edhe k\u00ebrkes\u00ebn p\u00ebr shfuqizmin e mas\u00ebs \u201carrest sht\u00ebpie\u201d, e vendosur nga GJKKO n\u00eb dhjetor t\u00eb vitit t\u00eb kaluar, kur u ndryshua masa \u201cdetyrim paraqitjeje\u201d pasi u shkel prej tij, duke mos u paraqitur n\u00eb SPAK. K\u00ebrkesa \u00ebsht\u00eb dor\u00ebzuar nj\u00eb dit\u00eb para &hellip;<\/p>\n","protected":false},"author":4,"featured_media":91575,"comment_status":"closed","ping_status":"closed","sticky":false,"template":"","format":"standard","meta":{"footnotes":""},"categories":[37],"tags":[],"class_list":["post-96183","post","type-post","status-publish","format-standard","has-post-thumbnail","","category-politike"],"_links":{"self":[{"href":"https:\/\/rdnews.al\/index.php\/wp-json\/wp\/v2\/posts\/96183","targetHints":{"allow":["GET"]}}],"collection":[{"href":"https:\/\/rdnews.al\/index.php\/wp-json\/wp\/v2\/posts"}],"about":[{"href":"https:\/\/rdnews.al\/index.php\/wp-json\/wp\/v2\/types\/post"}],"author":[{"embeddable":true,"href":"https:\/\/rdnews.al\/index.php\/wp-json\/wp\/v2\/users\/4"}],"replies":[{"embeddable":true,"href":"https:\/\/rdnews.al\/index.php\/wp-json\/wp\/v2\/comments?post=96183"}],"version-history":[{"count":1,"href":"https:\/\/rdnews.al\/index.php\/wp-json\/wp\/v2\/posts\/96183\/revisions"}],"predecessor-version":[{"id":96184,"href":"https:\/\/rdnews.al\/index.php\/wp-json\/wp\/v2\/posts\/96183\/revisions\/96184"}],"wp:featuredmedia":[{"embeddable":true,"href":"https:\/\/rdnews.al\/index.php\/wp-json\/wp\/v2\/media\/91575"}],"wp:attachment":[{"href":"https:\/\/rdnews.al\/index.php\/wp-json\/wp\/v2\/media?parent=96183"}],"wp:term":[{"taxonomy":"category","embeddable":true,"href":"https:\/\/rdnews.al\/index.php\/wp-json\/wp\/v2\/categories?post=96183"},{"taxonomy":"post_tag","embeddable":true,"href":"https:\/\/rdnews.al\/index.php\/wp-json\/wp\/v2\/tags?post=96183"}],"curies":[{"name":"wp","href":"https:\/\/api.w.org\/{rel}","templated":true}]}}