{"id":96185,"date":"2024-11-22T11:15:27","date_gmt":"2024-11-22T11:15:27","guid":{"rendered":"https:\/\/rdnews.al\/?p=96185"},"modified":"2024-11-22T11:15:27","modified_gmt":"2024-11-22T11:15:27","slug":"halimi-arresti-ndaj-berishes-ka-rene-me-vendimin-e-kushtetueses","status":"publish","type":"post","link":"https:\/\/rdnews.al\/index.php\/2024\/11\/22\/halimi-arresti-ndaj-berishes-ka-rene-me-vendimin-e-kushtetueses\/","title":{"rendered":"Halimi: Arresti ndaj Berish\u00ebs ka r\u00ebn\u00eb me vendimin e Kushtetueses"},"content":{"rendered":"<p><strong>Nga Eduard HALIMI <\/strong><\/p>\n<p>Gjykata Kushtetuese, me nj\u00eb vendim t\u00eb duksh\u00ebm t\u00eb sforcuar, dhe shumic\u00eb po ashtu t\u00eb sforcuar, si\u00e7 reflektohet n\u00eb \u00e7do rresht t\u00eb argumentimit t\u00eb saj, arriti n\u00eb k\u00ebto p\u00ebrfundime:<\/p>\n<ol>\n<li>P\u00ebr pjes\u00ebn e par\u00eb t\u00eb k\u00ebrkes\u00ebs s\u00eb SPAK\/GJKKO:<\/li>\n<\/ol>\n<ul>\n<li>Me shumic\u00eb votash, Gjykata vendosi q\u00eb masa e \u201cdetyrimit p\u00ebr t\u2019u paraqitur\u201d nuk p\u00ebrb\u00ebn shkelje kushtetuese dhe nuk k\u00ebrkon miratimin e Kuvendit.<\/li>\n<\/ul>\n<ol start=\"2\">\n<li>P\u00ebr pjes\u00ebn e dyt\u00eb t\u00eb k\u00ebrkes\u00ebs s\u00eb SPAK\/GJKKO:<\/li>\n<\/ol>\n<ul>\n<li>Me vota unanime, Gjykata konstatoi se masa e \u201cndalimit t\u00eb daljes jasht\u00eb shtetit\u201d \u00ebsht\u00eb antikushtetuese p\u00ebr shkak t\u00eb joproporcionalitetit t\u00eb saj.<\/li>\n<\/ul>\n<p>* Implikime p\u00ebr politik\u00ebn aktive<\/p>\n<p>Vendimi n\u00eb lidhje me \u201cshumic\u00ebn\u201d e votave p\u00ebr pjes\u00ebn e par\u00eb t\u00eb \u00e7\u00ebshtjes pasqyron jo vet\u00ebm p\u00ebrb\u00ebrjen aktuale t\u00eb Gjykat\u00ebs Kushtetuese, por edhe origjin\u00ebn e em\u00ebrimeve t\u00eb an\u00ebtar\u00ebve t\u00eb saj. Kjo lidhje \u00ebsht\u00eb nj\u00eb faktor i r\u00ebnd\u00ebsish\u00ebm n\u00eb pritshm\u00ebrit\u00eb p\u00ebr vendime me ngarkes\u00eb t\u00eb lart\u00eb politike, ve\u00e7an\u00ebrisht kur b\u00ebhet fjal\u00eb p\u00ebr nj\u00eb figur\u00eb ky\u00e7e t\u00eb opozit\u00ebs shqiptare.<\/p>\n<p>Nga ana tjet\u00ebr, pjesa e dyt\u00eb e vendimit p\u00ebrmban nj\u00eb mesazh t\u00eb qart\u00eb juridik:<\/p>\n<p>Gjykata Kushtetuese, me unanimitet, e konsideron mas\u00ebn e \u201cndalimit t\u00eb daljes jasht\u00eb shtetit\u201d t\u00eb Berish\u00ebs t\u00ebr\u00ebsisht jopropocionale dhe n\u00eb kund\u00ebrshtim me Kushtetut\u00ebn.<\/p>\n<p>* \u00c7far\u00eb tregon ky vendim?<\/p>\n<p>N\u00eb funksion t\u00eb analiz\u00ebs, disa pika duhet t\u00eb theksohen:<\/p>\n<ol>\n<li>Kund\u00ebrshtimi i Sali Berish\u00ebs ndaj masave t\u00eb SPAK\/GJKKO:<\/li>\n<\/ol>\n<ul>\n<li>Berisha kund\u00ebrshtoi vendimin e SPAK dhe m\u00eb pas t\u00eb GJKKO-s\u00eb, duke argumentuar se ishte antikushtetues. Por si rezultat, SPAK z\u00ebvend\u00ebsoi mas\u00ebn e \u201cndalimit t\u00eb daljes jasht\u00eb shtetit\u201d me nj\u00eb mas\u00eb m\u00eb t\u00eb r\u00ebnd\u00eb: \u201carrest sht\u00ebpie\u201d.<\/li>\n<li>Gjykata Kushtetuese, me vota unanime, konstatoi se masa fillestare ishte antikushtetuese, duke d\u00ebshmuar se kund\u00ebrshtimi i Berish\u00ebs kishte baza t\u00eb justifikuara kushtetuese!<\/li>\n<\/ul>\n<ol start=\"2\">\n<li>Nj\u00eb analiz\u00eb juridike m\u00eb e gjer\u00eb:<\/li>\n<\/ol>\n<ul>\n<li>Gjykata Kushtetuese vendosi se masa e \u201cndalimit t\u00eb daljes jasht\u00eb shtetit\u201d p\u00ebr nj\u00eb deputet dhe kryetar partie nuk i p\u00ebrmbush standardet e proporcionalitetit dhe \u00ebsht\u00eb n\u00eb kund\u00ebrshtim me Kushtetut\u00ebn kur ka nj\u00eb mas\u00eb si detyrimi p\u00ebr paraqitje e cila \u00ebsht\u00eb propocionale sipas shumic\u00ebs s\u00eb sforcuar!<\/li>\n<li>P\u00ebr rrjedhoj\u00eb, edhe masa e arrestit sht\u00ebpiak, e cila p\u00ebrfshin nj\u00eb kufizim m\u00eb t\u00eb r\u00ebnd\u00eb t\u00eb liris\u00eb, mund t\u00eb konsiderohet e papajtueshme me Kushtetut\u00ebn.<\/li>\n<\/ul>\n<p>* P\u00ebrfundime dhe implikime m\u00eb t\u00eb gjera<\/p>\n<p>Pavar\u00ebsisht q\u00ebndrimit t\u00eb ekipit ligjor t\u00eb Sali Berish\u00ebs dhe vendimit p\u00ebr t\u00eb vijuar k\u00ebt\u00eb \u00e7\u00ebshtje n\u00eb Gjykat\u00ebn e Strasburgut, nga k\u00ebndv\u00ebshtrimi juridik \u00ebsht\u00eb e qart\u00eb se masa e arrestit sht\u00ebpiak \u00ebsht\u00eb n\u00eb kund\u00ebrshtim t\u00eb hapur me standardet kushtetuese.<\/p>\n<p>Ky vendim ngre pik\u00ebpyetje serioze mbi m\u00ebnyr\u00ebn e interpretimit dhe zbatimit t\u00eb masave kufizuese nga institucionet e drejt\u00ebsis\u00eb n\u00eb Shqip\u00ebri, SPAK\/GJKKO duke n\u00ebnvizuar nevoj\u00ebn p\u00ebr nj\u00eb qasje m\u00eb t\u00eb kujdesshme dhe t\u00eb bazuar n\u00eb proporcionalitet Kushtetues! P\u00ebr nj\u00eb deputet dhe nj\u00eb figur\u00eb ky\u00e7e politike, liria e l\u00ebvizjes \u00ebsht\u00eb e ndryshme nga ajo p\u00ebr nj\u00eb qytetar t\u00eb thjesht\u00eb kur b\u00ebhet fjal\u00eb p\u00ebr \u201cl\u00ebvizjen e lir\u00eb\u201d e konfirmuar nga q\u00ebndrimet e KiE n\u00eb 2012!<\/p>\n<p>N\u00eb nj\u00eb demokraci funksionale, vendime t\u00eb tilla duhet t\u00eb jen\u00eb shembull p\u00ebr forcimin e shtetit t\u00eb s\u00eb drejt\u00ebs, jo p\u00ebr dob\u00ebsimin e tij kur b\u00ebhet fjal\u00eb p\u00ebr figura ky\u00e7e politike t\u00eb opozit\u00ebs si Sali Berisha!<\/p>\n","protected":false},"excerpt":{"rendered":"<p>Nga Eduard HALIMI Gjykata Kushtetuese, me nj\u00eb vendim t\u00eb duksh\u00ebm t\u00eb sforcuar, dhe shumic\u00eb po ashtu t\u00eb sforcuar, si\u00e7 reflektohet n\u00eb \u00e7do rresht t\u00eb argumentimit t\u00eb saj, arriti n\u00eb k\u00ebto p\u00ebrfundime: P\u00ebr pjes\u00ebn e par\u00eb t\u00eb k\u00ebrkes\u00ebs s\u00eb SPAK\/GJKKO: Me shumic\u00eb votash, Gjykata vendosi q\u00eb masa e \u201cdetyrimit p\u00ebr t\u2019u paraqitur\u201d nuk p\u00ebrb\u00ebn shkelje kushtetuese &hellip;<\/p>\n","protected":false},"author":4,"featured_media":0,"comment_status":"closed","ping_status":"closed","sticky":false,"template":"","format":"standard","meta":{"footnotes":""},"categories":[37],"tags":[],"class_list":["post-96185","post","type-post","status-publish","format-standard","","category-politike"],"_links":{"self":[{"href":"https:\/\/rdnews.al\/index.php\/wp-json\/wp\/v2\/posts\/96185","targetHints":{"allow":["GET"]}}],"collection":[{"href":"https:\/\/rdnews.al\/index.php\/wp-json\/wp\/v2\/posts"}],"about":[{"href":"https:\/\/rdnews.al\/index.php\/wp-json\/wp\/v2\/types\/post"}],"author":[{"embeddable":true,"href":"https:\/\/rdnews.al\/index.php\/wp-json\/wp\/v2\/users\/4"}],"replies":[{"embeddable":true,"href":"https:\/\/rdnews.al\/index.php\/wp-json\/wp\/v2\/comments?post=96185"}],"version-history":[{"count":1,"href":"https:\/\/rdnews.al\/index.php\/wp-json\/wp\/v2\/posts\/96185\/revisions"}],"predecessor-version":[{"id":96187,"href":"https:\/\/rdnews.al\/index.php\/wp-json\/wp\/v2\/posts\/96185\/revisions\/96187"}],"wp:attachment":[{"href":"https:\/\/rdnews.al\/index.php\/wp-json\/wp\/v2\/media?parent=96185"}],"wp:term":[{"taxonomy":"category","embeddable":true,"href":"https:\/\/rdnews.al\/index.php\/wp-json\/wp\/v2\/categories?post=96185"},{"taxonomy":"post_tag","embeddable":true,"href":"https:\/\/rdnews.al\/index.php\/wp-json\/wp\/v2\/tags?post=96185"}],"curies":[{"name":"wp","href":"https:\/\/api.w.org\/{rel}","templated":true}]}}